{"id":21100,"date":"2018-10-31T22:26:40","date_gmt":"2018-11-01T01:26:40","guid":{"rendered":"http:\/\/cronicasyversiones.com\/?p=21100"},"modified":"2018-10-31T22:26:40","modified_gmt":"2018-11-01T01:26:40","slug":"la-sexta-bienal-borges-kafka-en-la-biblioteca-guiraldes","status":"publish","type":"post","link":"http:\/\/cronicasyversiones.com\/?p=21100","title":{"rendered":"La sexta Bienal Borges Kafka, en la Biblioteca G\u00fciraldes"},"content":{"rendered":"<div style=\"padding-bottom:20px; padding-top:10px;\" class=\"hupso-share-buttons\"><!-- Hupso Share Buttons - https:\/\/www.hupso.com\/share\/ --><a class=\"hupso_counters\" href=\"https:\/\/www.hupso.com\/share\/\"><img decoding=\"async\" src=\"http:\/\/static.hupso.com\/share\/buttons\/lang\/es\/share-small.png\" style=\"border:0px; padding-top:2px; float:left;\" alt=\"Share Button\"\/><\/a><script type=\"text\/javascript\">var hupso_services_c=new Array(\"twitter\",\"facebook_like\",\"google\");var hupso_counters_lang = \"es_LA\";var hupso_image_folder_url = \"\";var hupso_twitter_via=\"crsyvrs\";var hupso_url_c=\"\";<\/script><script type=\"text\/javascript\" src=\"http:\/\/static.hupso.com\/share\/js\/counters.js\"><\/script><!-- Hupso Share Buttons --><\/div><h2>El encuentro tendr\u00e1 como eje a \u201cUtop\u00edas, distop\u00edas y la contemporaneidad\u201d y habr\u00e1 ponencias y charlas sobre ambos escritores.<\/h2>\n<p><img loading=\"lazy\" decoding=\"async\" class=\"size-full wp-image-21101 aligncenter\" src=\"http:\/\/cronicasyversiones.com\/wp-content\/uploads\/2018\/10\/borges.jpg\" alt=\"\" width=\"750\" height=\"597\" srcset=\"http:\/\/cronicasyversiones.com\/wp-content\/uploads\/2018\/10\/borges.jpg 750w, http:\/\/cronicasyversiones.com\/wp-content\/uploads\/2018\/10\/borges-300x239.jpg 300w\" sizes=\"auto, (max-width: 750px) 100vw, 750px\" \/><\/p>\n<p>La sexta <strong>Bienal Borges Kafka<\/strong>, que tendr\u00e1 como eje a <em><strong>\u201cUtop\u00edas, distop\u00edas y la contemporaneidad\u201d<\/strong><\/em>, tendr\u00e1 lugar el 6 y el 7 de noviembre en la Biblioteca Ricardo G\u00fciraldes.<\/p>\n<p>Organizada por la Direcci\u00f3n General del Libro, Bibliotecas y Promoci\u00f3n de la Lectura del Ministerio de Cultura de la Ciudad, la fundaci\u00f3n Internacional <strong>Jorge Luis Borges<\/strong> y el <strong>Centro Franz Kafka de la Ciudad de Praga<\/strong>, la Bienal se realiza en el marco del intercambio entre la cultura argentina y la cultura checa, y de sus ciudades Praga y Buenos Aires.<\/p>\n<p>Durante las dos jornadas, habr\u00e1 ponencias y charlas que girar\u00e1n en torno a Borges y Cervantes; Kafka, Borges y el juda\u00edsmo; y la intertextualidad con la obra de escritores como el norteamericano Philip Roth, cuyo lazo narrativo con Praga y Kafka es destacado.<\/p>\n<p><em><strong>LEA TAMBI\u00c9N:<\/strong> <\/em><\/p>\n<div class=\"video-container\">\n<blockquote class=\"wp-embedded-content\" data-secret=\"TmC6dSIcfC\"><p><a href=\"https:\/\/cronicasyversiones.com\/?p=21060\">Una muestra sobre Ernesto Sabato, a 70 a\u00f1os de la publicaci\u00f3n de \u00abEl t\u00fanel\u00bb<\/a><\/p><\/blockquote>\n<p><iframe loading=\"lazy\" class=\"wp-embedded-content\" sandbox=\"allow-scripts\" security=\"restricted\" style=\"position: absolute; clip: rect(1px, 1px, 1px, 1px);\" title=\"\u00abUna muestra sobre Ernesto Sabato, a 70 a\u00f1os de la publicaci\u00f3n de \u00abEl t\u00fanel\u00bb\u00bb \u2014    \" src=\"https:\/\/cronicasyversiones.com\/?p=21060&#038;embed=true#?secret=5a3GJAsAFG#?secret=TmC6dSIcfC\" data-secret=\"TmC6dSIcfC\" width=\"600\" height=\"338\" frameborder=\"0\" marginwidth=\"0\" marginheight=\"0\" scrolling=\"no\"><\/iframe><\/div>\n<p>El profesor en literatura hispanoamericana de la Universidad Palack\u00fd de Olomouc, Daniel Nemrava, representante de la Rep\u00fablica Checa, que trabaja la relaci\u00f3n con las literaturas hisp\u00e1nicas con la obra de los autores centrales de la Bienal, estar\u00e1 a cargo de las ponencias<em><strong> \u201cExperiencia l\u00edmite entre el cuerpo y la escritura a partir de Kafka y Borges\u00bb<\/strong> <\/em>y \u00abLa resonancia de la literatura argentina durante la segunda mitad del siglo XX en Chequia\u00bb.<\/p>\n<p>El evento, que se desarrollar\u00e1 en la Biblioteca ubicada en Talcahuano 1261, tambi\u00e9n cuenta con el aporte de la Kathedra Borges-Kafka de Literatura comparada, la Facultad de Filosof\u00eda y Letras de la Universidad Cat\u00f3lica Argentina, la Fundaci\u00f3n Internacional Borges, el Museo Jud\u00edo de Buenos Aires, la Fundaci\u00f3n Sur y el Museo Jud\u00edo de Praga.<\/p>\n<div style=\"padding-bottom:20px; padding-top:10px;\" class=\"hupso-share-buttons\"><!-- Hupso Share Buttons - https:\/\/www.hupso.com\/share\/ --><a class=\"hupso_counters\" href=\"https:\/\/www.hupso.com\/share\/\"><img decoding=\"async\" src=\"http:\/\/static.hupso.com\/share\/buttons\/lang\/es\/share-small.png\" style=\"border:0px; padding-top:2px; float:left;\" alt=\"Share Button\"\/><\/a><script type=\"text\/javascript\">var hupso_services_c=new Array(\"twitter\",\"facebook_like\",\"google\");var hupso_counters_lang = \"es_LA\";var hupso_image_folder_url = \"\";var hupso_twitter_via=\"crsyvrs\";var hupso_url_c=\"\";<\/script><script type=\"text\/javascript\" src=\"http:\/\/static.hupso.com\/share\/js\/counters.js\"><\/script><!-- Hupso Share Buttons --><\/div> ","protected":false},"excerpt":{"rendered":"<div style=\"padding-bottom:20px; padding-top:10px;\" class=\"hupso-share-buttons\"><!-- Hupso Share Buttons - https:\/\/www.hupso.com\/share\/ --><a class=\"hupso_counters\" href=\"https:\/\/www.hupso.com\/share\/\"><img src=\"http:\/\/static.hupso.com\/share\/buttons\/lang\/es\/share-small.png\" style=\"border:0px; padding-top:2px; float:left;\" alt=\"Share Button\"\/><\/a><script type=\"text\/javascript\">var hupso_services_c=new Array(\"twitter\",\"facebook_like\",\"google\");var hupso_counters_lang = \"es_LA\";var hupso_image_folder_url = \"\";var hupso_twitter_via=\"crsyvrs\";var hupso_url_c=\"\";<\/script><script type=\"text\/javascript\" src=\"http:\/\/static.hupso.com\/share\/js\/counters.js\"><\/script><!-- Hupso Share Buttons --><\/div><p>El encuentro tendr\u00e1 como eje a \u201cUtop\u00edas, distop\u00edas y la contemporaneidad\u201d y habr\u00e1 ponencias y charlas sobre ambos escritores. La sexta Bienal Borges Kafka, que tendr\u00e1 como eje a \u201cUtop\u00edas, distop\u00edas y la contemporaneidad\u201d, tendr\u00e1 lugar el 6 y&#46;&#46;&#46;<\/p>\n<div style=\"padding-bottom:20px; padding-top:10px;\" class=\"hupso-share-buttons\"><!-- Hupso Share Buttons - https:\/\/www.hupso.com\/share\/ --><a class=\"hupso_counters\" href=\"https:\/\/www.hupso.com\/share\/\"><img src=\"http:\/\/static.hupso.com\/share\/buttons\/lang\/es\/share-small.png\" style=\"border:0px; padding-top:2px; float:left;\" alt=\"Share Button\"\/><\/a><script type=\"text\/javascript\">var hupso_services_c=new Array(\"twitter\",\"facebook_like\",\"google\");var hupso_counters_lang = \"es_LA\";var hupso_image_folder_url = \"\";var hupso_twitter_via=\"crsyvrs\";var hupso_url_c=\"\";<\/script><script type=\"text\/javascript\" src=\"http:\/\/static.hupso.com\/share\/js\/counters.js\"><\/script><!-- Hupso Share Buttons --><\/div>","protected":false},"author":5,"featured_media":21101,"comment_status":"open","ping_status":"closed","sticky":false,"template":"","format":"standard","meta":{"footnotes":""},"categories":[7,9],"tags":[3038,2630],"class_list":["post-21100","post","type-post","status-publish","format-standard","has-post-thumbnail","hentry","category-literatura","category-sociedad","tag-franz-kafka","tag-jorge-luis-borges"],"_links":{"self":[{"href":"http:\/\/cronicasyversiones.com\/index.php?rest_route=\/wp\/v2\/posts\/21100","targetHints":{"allow":["GET"]}}],"collection":[{"href":"http:\/\/cronicasyversiones.com\/index.php?rest_route=\/wp\/v2\/posts"}],"about":[{"href":"http:\/\/cronicasyversiones.com\/index.php?rest_route=\/wp\/v2\/types\/post"}],"author":[{"embeddable":true,"href":"http:\/\/cronicasyversiones.com\/index.php?rest_route=\/wp\/v2\/users\/5"}],"replies":[{"embeddable":true,"href":"http:\/\/cronicasyversiones.com\/index.php?rest_route=%2Fwp%2Fv2%2Fcomments&post=21100"}],"version-history":[{"count":0,"href":"http:\/\/cronicasyversiones.com\/index.php?rest_route=\/wp\/v2\/posts\/21100\/revisions"}],"wp:featuredmedia":[{"embeddable":true,"href":"http:\/\/cronicasyversiones.com\/index.php?rest_route=\/wp\/v2\/media\/21101"}],"wp:attachment":[{"href":"http:\/\/cronicasyversiones.com\/index.php?rest_route=%2Fwp%2Fv2%2Fmedia&parent=21100"}],"wp:term":[{"taxonomy":"category","embeddable":true,"href":"http:\/\/cronicasyversiones.com\/index.php?rest_route=%2Fwp%2Fv2%2Fcategories&post=21100"},{"taxonomy":"post_tag","embeddable":true,"href":"http:\/\/cronicasyversiones.com\/index.php?rest_route=%2Fwp%2Fv2%2Ftags&post=21100"}],"curies":[{"name":"wp","href":"https:\/\/api.w.org\/{rel}","templated":true}]}}