{"id":21213,"date":"2018-11-12T09:39:07","date_gmt":"2018-11-12T12:39:07","guid":{"rendered":"http:\/\/cronicasyversiones.com\/?p=21213"},"modified":"2018-11-12T09:39:07","modified_gmt":"2018-11-12T12:39:07","slug":"la-muestra-mafalda-en-su-sopa-llego-a-mendoza","status":"publish","type":"post","link":"http:\/\/cronicasyversiones.com\/?p=21213","title":{"rendered":"La muestra \u00abMafalda en su sopa\u00bb lleg\u00f3 a Mendoza"},"content":{"rendered":"<div style=\"padding-bottom:20px; padding-top:10px;\" class=\"hupso-share-buttons\"><!-- Hupso Share Buttons - https:\/\/www.hupso.com\/share\/ --><a class=\"hupso_counters\" href=\"https:\/\/www.hupso.com\/share\/\"><img decoding=\"async\" src=\"http:\/\/static.hupso.com\/share\/buttons\/lang\/es\/share-small.png\" style=\"border:0px; padding-top:2px; float:left;\" alt=\"Share Button\"\/><\/a><script type=\"text\/javascript\">var hupso_services_c=new Array(\"twitter\",\"facebook_like\",\"google\");var hupso_counters_lang = \"es_LA\";var hupso_image_folder_url = \"\";var hupso_twitter_via=\"crsyvrs\";var hupso_url_c=\"\";<\/script><script type=\"text\/javascript\" src=\"http:\/\/static.hupso.com\/share\/js\/counters.js\"><\/script><!-- Hupso Share Buttons --><\/div><h2>La exposici\u00f3n\u00a0es exhibida en la Sala Anexo del Museo Municipal de Arte Moderno y cuenta\u00a0bocetos del artista y grafitis pintados en las calles.<\/h2>\n<p><img loading=\"lazy\" decoding=\"async\" class=\"size-full wp-image-21214 aligncenter\" src=\"http:\/\/cronicasyversiones.com\/wp-content\/uploads\/2018\/11\/Mafalda.jpg\" alt=\"\" width=\"768\" height=\"479\" srcset=\"http:\/\/cronicasyversiones.com\/wp-content\/uploads\/2018\/11\/Mafalda.jpg 768w, http:\/\/cronicasyversiones.com\/wp-content\/uploads\/2018\/11\/Mafalda-300x187.jpg 300w\" sizes=\"auto, (max-width: 768px) 100vw, 768px\" \/><\/p>\n<p>La muestra <em><strong>\u00abMafalda en su sopa\u00bb,<\/strong> <\/em>que cont\u00f3 como invitado central al creador del legendario y popular personaje de la historieta, conocido art\u00edsticamente como <strong>Quino<\/strong> en su inauguraci\u00f3n, lleg\u00f3 a <strong>Mendoza<\/strong>, la provincia natal del artista.<\/p>\n<p>La exposici\u00f3n de <strong>Joaqu\u00edn Salvador Lavado Tej\u00f3n<\/strong> (tal su verdadero nombre) es exhibida en la S<strong>ala Anexo del Museo Municipal de Arte Moderno de Mendoza<\/strong> (MMAMM), en el parque Central, hasta el 9 de diciembre.<\/p>\n<p>La muestra es organizada organizada por el <strong>Archivo de Historieta y Humor Gr\u00e1fico Argentino de la Biblioteca Nacional,<\/strong> y exhibe bocetos del artista y grafitis pintados en las calles, para mostrar la producci\u00f3n, difusi\u00f3n y circulaci\u00f3n de la tira m\u00e1s emblem\u00e1tica de nuestro pa\u00eds, y de Mafalda, un personaje que atraves\u00f3 varias generaciones de argentinos.<\/p>\n<p>En marzo de este a\u00f1o, la Ciudad de Mendoza ya le hab\u00eda realizado otro homenaje a este popular personaje de historieta, ya que en la esquina de la hoy renovada avenida Ar\u00edstides Villanueva y su intersecci\u00f3n con Huarpes se coloc\u00f3 una escultura de Mafalda, junto a Manolito, y Susanita, del escultor argentino Pablo Irrgang, realizadas en resina epoxi y reforzada con fibra de vidrio.<\/p>\n<p><em><strong>LEA TAMBI\u00c9N:\u00a0<\/strong><\/em><\/p>\n<div class=\"video-container\">\n<blockquote class=\"wp-embedded-content\" data-secret=\"eurWEYk6Vs\"><p><a href=\"http:\/\/cronicasyversiones.com\/?p=18640\">Homenajean a Mafalda en Italia<\/a><\/p><\/blockquote>\n<p><iframe loading=\"lazy\" class=\"wp-embedded-content\" sandbox=\"allow-scripts\" security=\"restricted\" style=\"position: absolute; clip: rect(1px, 1px, 1px, 1px);\" title=\"\u00abHomenajean a Mafalda en Italia\u00bb \u2014    \" src=\"http:\/\/cronicasyversiones.com\/?p=18640&#038;embed=true#?secret=8H8hV1fNC7#?secret=eurWEYk6Vs\" data-secret=\"eurWEYk6Vs\" width=\"600\" height=\"338\" frameborder=\"0\" marginwidth=\"0\" marginheight=\"0\" scrolling=\"no\"><\/iframe><\/div>\n<p><strong>Quino,<\/strong> el creador de esta tira que se public\u00f3 entre 1964 y 1973, defini\u00f3 a Mafalda como un \u201cespejo de la clase media latinoamericana y de la juventud progresista\u201d.<\/p>\n<p>A pesar de que Mafalda s\u00f3lo se public\u00f3 durante menos que una d\u00e9cada, un tiempo mucho menor a otros cl\u00e1sicos del humor gr\u00e1fico, el furor posterior gener\u00f3 que la tira se traduzca a 30 idiomas y lleve vendido en la Argentina m\u00e1s de 20 millones de ejemplares y una suculenta cantidad en otras latitudes.<\/p>\n<div style=\"padding-bottom:20px; padding-top:10px;\" class=\"hupso-share-buttons\"><!-- Hupso Share Buttons - https:\/\/www.hupso.com\/share\/ --><a class=\"hupso_counters\" href=\"https:\/\/www.hupso.com\/share\/\"><img decoding=\"async\" src=\"http:\/\/static.hupso.com\/share\/buttons\/lang\/es\/share-small.png\" style=\"border:0px; padding-top:2px; float:left;\" alt=\"Share Button\"\/><\/a><script type=\"text\/javascript\">var hupso_services_c=new Array(\"twitter\",\"facebook_like\",\"google\");var hupso_counters_lang = \"es_LA\";var hupso_image_folder_url = \"\";var hupso_twitter_via=\"crsyvrs\";var hupso_url_c=\"\";<\/script><script type=\"text\/javascript\" src=\"http:\/\/static.hupso.com\/share\/js\/counters.js\"><\/script><!-- Hupso Share Buttons --><\/div> ","protected":false},"excerpt":{"rendered":"<div style=\"padding-bottom:20px; padding-top:10px;\" class=\"hupso-share-buttons\"><!-- Hupso Share Buttons - https:\/\/www.hupso.com\/share\/ --><a class=\"hupso_counters\" href=\"https:\/\/www.hupso.com\/share\/\"><img src=\"http:\/\/static.hupso.com\/share\/buttons\/lang\/es\/share-small.png\" style=\"border:0px; padding-top:2px; float:left;\" alt=\"Share Button\"\/><\/a><script type=\"text\/javascript\">var hupso_services_c=new Array(\"twitter\",\"facebook_like\",\"google\");var hupso_counters_lang = \"es_LA\";var hupso_image_folder_url = \"\";var hupso_twitter_via=\"crsyvrs\";var hupso_url_c=\"\";<\/script><script type=\"text\/javascript\" src=\"http:\/\/static.hupso.com\/share\/js\/counters.js\"><\/script><!-- Hupso Share Buttons --><\/div><p>La exposici\u00f3n\u00a0es exhibida en la Sala Anexo del Museo Municipal de Arte Moderno y cuenta\u00a0bocetos del artista y grafitis pintados en las calles. La muestra \u00abMafalda en su sopa\u00bb, que cont\u00f3 como invitado central al creador del legendario y&#46;&#46;&#46;<\/p>\n<div style=\"padding-bottom:20px; padding-top:10px;\" class=\"hupso-share-buttons\"><!-- Hupso Share Buttons - https:\/\/www.hupso.com\/share\/ --><a class=\"hupso_counters\" href=\"https:\/\/www.hupso.com\/share\/\"><img src=\"http:\/\/static.hupso.com\/share\/buttons\/lang\/es\/share-small.png\" style=\"border:0px; padding-top:2px; float:left;\" alt=\"Share Button\"\/><\/a><script type=\"text\/javascript\">var hupso_services_c=new Array(\"twitter\",\"facebook_like\",\"google\");var hupso_counters_lang = \"es_LA\";var hupso_image_folder_url = \"\";var hupso_twitter_via=\"crsyvrs\";var hupso_url_c=\"\";<\/script><script type=\"text\/javascript\" src=\"http:\/\/static.hupso.com\/share\/js\/counters.js\"><\/script><!-- Hupso Share Buttons --><\/div>","protected":false},"author":5,"featured_media":0,"comment_status":"open","ping_status":"closed","sticky":false,"template":"","format":"standard","meta":{"footnotes":""},"categories":[8,7],"tags":[62,850],"class_list":["post-21213","post","type-post","status-publish","format-standard","hentry","category-artes-plasticas","category-literatura","tag-mafalda","tag-quino"],"_links":{"self":[{"href":"http:\/\/cronicasyversiones.com\/index.php?rest_route=\/wp\/v2\/posts\/21213","targetHints":{"allow":["GET"]}}],"collection":[{"href":"http:\/\/cronicasyversiones.com\/index.php?rest_route=\/wp\/v2\/posts"}],"about":[{"href":"http:\/\/cronicasyversiones.com\/index.php?rest_route=\/wp\/v2\/types\/post"}],"author":[{"embeddable":true,"href":"http:\/\/cronicasyversiones.com\/index.php?rest_route=\/wp\/v2\/users\/5"}],"replies":[{"embeddable":true,"href":"http:\/\/cronicasyversiones.com\/index.php?rest_route=%2Fwp%2Fv2%2Fcomments&post=21213"}],"version-history":[{"count":0,"href":"http:\/\/cronicasyversiones.com\/index.php?rest_route=\/wp\/v2\/posts\/21213\/revisions"}],"wp:attachment":[{"href":"http:\/\/cronicasyversiones.com\/index.php?rest_route=%2Fwp%2Fv2%2Fmedia&parent=21213"}],"wp:term":[{"taxonomy":"category","embeddable":true,"href":"http:\/\/cronicasyversiones.com\/index.php?rest_route=%2Fwp%2Fv2%2Fcategories&post=21213"},{"taxonomy":"post_tag","embeddable":true,"href":"http:\/\/cronicasyversiones.com\/index.php?rest_route=%2Fwp%2Fv2%2Ftags&post=21213"}],"curies":[{"name":"wp","href":"https:\/\/api.w.org\/{rel}","templated":true}]}}