{"id":21287,"date":"2018-11-19T12:09:34","date_gmt":"2018-11-19T15:09:34","guid":{"rendered":"http:\/\/cronicasyversiones.com\/?p=21287"},"modified":"2018-11-19T12:09:34","modified_gmt":"2018-11-19T15:09:34","slug":"ariel-ardit-regresa-a-los-escenarios-portenos","status":"publish","type":"post","link":"http:\/\/cronicasyversiones.com\/?p=21287","title":{"rendered":"Ariel Ardit regresa a los escenarios porte\u00f1os"},"content":{"rendered":"<div style=\"padding-bottom:20px; padding-top:10px;\" class=\"hupso-share-buttons\"><!-- Hupso Share Buttons - https:\/\/www.hupso.com\/share\/ --><a class=\"hupso_counters\" href=\"https:\/\/www.hupso.com\/share\/\"><img decoding=\"async\" src=\"http:\/\/static.hupso.com\/share\/buttons\/lang\/es\/share-small.png\" style=\"border:0px; padding-top:2px; float:left;\" alt=\"Share Button\"\/><\/a><script type=\"text\/javascript\">var hupso_services_c=new Array(\"twitter\",\"facebook_like\",\"google\");var hupso_counters_lang = \"es_LA\";var hupso_image_folder_url = \"\";var hupso_twitter_via=\"crsyvrs\";var hupso_url_c=\"\";<\/script><script type=\"text\/javascript\" src=\"http:\/\/static.hupso.com\/share\/js\/counters.js\"><\/script><!-- Hupso Share Buttons --><\/div><h2>Despu\u00e9s de girar por el exterior y antes de su presentaci\u00f3n en el Teatro Col\u00f3n, el cantor junto a su Orquesta T\u00edpica sale a escena en\u00a0la Academia Tango Club.<\/h2>\n<p><img loading=\"lazy\" decoding=\"async\" class=\"wp-image-21289 aligncenter\" src=\"http:\/\/cronicasyversiones.com\/wp-content\/uploads\/2018\/11\/ariel.jpg\" alt=\"\" width=\"753\" height=\"502\" srcset=\"http:\/\/cronicasyversiones.com\/wp-content\/uploads\/2018\/11\/ariel.jpg 960w, http:\/\/cronicasyversiones.com\/wp-content\/uploads\/2018\/11\/ariel-300x200.jpg 300w, http:\/\/cronicasyversiones.com\/wp-content\/uploads\/2018\/11\/ariel-768x512.jpg 768w, http:\/\/cronicasyversiones.com\/wp-content\/uploads\/2018\/11\/ariel-480x320.jpg 480w\" sizes=\"auto, (max-width: 753px) 100vw, 753px\" \/><\/p>\n<p><strong>Ariel Ardit,<\/strong> el cantor de tango m\u00e1s popular en el presente del g\u00e9nero,\u00a0 saldr\u00e1 a escena con su Orquesta T\u00edpica el viernes y s\u00e1bado pr\u00f3ximo a las 22 en la <strong>Academia Tango Club,<\/strong> ubicado en \u00a0Beruti 4643, primer piso.<\/p>\n<p>Estas presentaciones se producen luego de una gira en la que el artista recorri\u00f3 los escenarios de <strong>Rusia, Polonia, Italia y Espa\u00f1a.<\/strong><\/p>\n<p>Este a\u00f1o, el int\u00e9rprete, que lleva m\u00e1s de dos d\u00e9cadas de trayectoria, adem\u00e1s grab\u00f3 dos discos: uno en vivo con su arreglador y pianista<strong> Andr\u00e9s Linetzky<\/strong> y otro con la Orquesta <strong>Filarm\u00f3nica de Medell\u00edn<\/strong> en esa ciudad de Colombia.<\/p>\n<p>Como parte de su agenda, en febrero 2019 volver\u00e1 a presentarse en el <strong>Teatro Col\u00f3n.<\/strong><\/p>\n<p><em><strong>LEA TAMBI\u00c9N:\u00a0<\/strong><\/em><\/p>\n<div class=\"video-container\">\n<blockquote class=\"wp-embedded-content\" data-secret=\"YL4z8fKlMh\"><p><a href=\"http:\/\/cronicasyversiones.com\/?p=21042\">\u201cComplicidad\u201d, el nuevo video de Patricia Barone y Javier Gonz\u00e1lez Grupo<\/a><\/p><\/blockquote>\n<p><iframe loading=\"lazy\" class=\"wp-embedded-content\" sandbox=\"allow-scripts\" security=\"restricted\" style=\"position: absolute; clip: rect(1px, 1px, 1px, 1px);\" title=\"\u00ab\u201cComplicidad\u201d, el nuevo video de Patricia Barone y Javier Gonz\u00e1lez Grupo\u00bb \u2014    \" src=\"http:\/\/cronicasyversiones.com\/?p=21042&#038;embed=true#?secret=VEIdmXoHys#?secret=YL4z8fKlMh\" data-secret=\"YL4z8fKlMh\" width=\"600\" height=\"338\" frameborder=\"0\" marginwidth=\"0\" marginheight=\"0\" scrolling=\"no\"><\/iframe><\/div>\n<p><strong>Ariel Ardit<\/strong> naci\u00f3 en C\u00f3rdoba el 15 de mayo de 1974, pero se cr\u00eda en la capital porte\u00f1a desde 1982. En 1998 comienza a cantar tango en el m\u00edtico Boliche de Roberto del barrio de Almagro. De 1999 a 2005 es el cantor de la orquesta <strong>El Arranque,<\/strong> con quienes grab\u00f3 cuatro discos.<\/p>\n<p>Como solista tiene siete\u00a0 discos editados. Primero graba<em><strong> \u201cDoble A\u201d<\/strong><\/em>, con acompa\u00f1amiento de guitarras, luego \u201cLado B\u201d, un homenaje al centenario del poeta Homero Manzi.<\/p>\n<p>En 2009 edita el elogiado<em><strong> \u201cNi m\u00e1s ni menos\u201d<\/strong><\/em>. En 2010 conforma su propia Orquesta T\u00edpica, dirigida por el pianista Andr\u00e9s Linetzky.<\/p>\n<div style=\"padding-bottom:20px; padding-top:10px;\" class=\"hupso-share-buttons\"><!-- Hupso Share Buttons - https:\/\/www.hupso.com\/share\/ --><a class=\"hupso_counters\" href=\"https:\/\/www.hupso.com\/share\/\"><img decoding=\"async\" src=\"http:\/\/static.hupso.com\/share\/buttons\/lang\/es\/share-small.png\" style=\"border:0px; padding-top:2px; float:left;\" alt=\"Share Button\"\/><\/a><script type=\"text\/javascript\">var hupso_services_c=new Array(\"twitter\",\"facebook_like\",\"google\");var hupso_counters_lang = \"es_LA\";var hupso_image_folder_url = \"\";var hupso_twitter_via=\"crsyvrs\";var hupso_url_c=\"\";<\/script><script type=\"text\/javascript\" src=\"http:\/\/static.hupso.com\/share\/js\/counters.js\"><\/script><!-- Hupso Share Buttons --><\/div> ","protected":false},"excerpt":{"rendered":"<div style=\"padding-bottom:20px; padding-top:10px;\" class=\"hupso-share-buttons\"><!-- Hupso Share Buttons - https:\/\/www.hupso.com\/share\/ --><a class=\"hupso_counters\" href=\"https:\/\/www.hupso.com\/share\/\"><img src=\"http:\/\/static.hupso.com\/share\/buttons\/lang\/es\/share-small.png\" style=\"border:0px; padding-top:2px; float:left;\" alt=\"Share Button\"\/><\/a><script type=\"text\/javascript\">var hupso_services_c=new Array(\"twitter\",\"facebook_like\",\"google\");var hupso_counters_lang = \"es_LA\";var hupso_image_folder_url = \"\";var hupso_twitter_via=\"crsyvrs\";var hupso_url_c=\"\";<\/script><script type=\"text\/javascript\" src=\"http:\/\/static.hupso.com\/share\/js\/counters.js\"><\/script><!-- Hupso Share Buttons --><\/div><p>Despu\u00e9s de girar por el exterior y antes de su presentaci\u00f3n en el Teatro Col\u00f3n, el cantor junto a su Orquesta T\u00edpica sale a escena en\u00a0la Academia Tango Club. Ariel Ardit, el cantor de tango m\u00e1s popular en el&#46;&#46;&#46;<\/p>\n<div style=\"padding-bottom:20px; padding-top:10px;\" class=\"hupso-share-buttons\"><!-- Hupso Share Buttons - https:\/\/www.hupso.com\/share\/ --><a class=\"hupso_counters\" href=\"https:\/\/www.hupso.com\/share\/\"><img src=\"http:\/\/static.hupso.com\/share\/buttons\/lang\/es\/share-small.png\" style=\"border:0px; padding-top:2px; float:left;\" alt=\"Share Button\"\/><\/a><script type=\"text\/javascript\">var hupso_services_c=new Array(\"twitter\",\"facebook_like\",\"google\");var hupso_counters_lang = \"es_LA\";var hupso_image_folder_url = \"\";var hupso_twitter_via=\"crsyvrs\";var hupso_url_c=\"\";<\/script><script type=\"text\/javascript\" src=\"http:\/\/static.hupso.com\/share\/js\/counters.js\"><\/script><!-- Hupso Share Buttons --><\/div>","protected":false},"author":5,"featured_media":21289,"comment_status":"open","ping_status":"closed","sticky":false,"template":"","format":"standard","meta":{"footnotes":""},"categories":[3],"tags":[742,467],"class_list":["post-21287","post","type-post","status-publish","format-standard","has-post-thumbnail","hentry","category-musica","tag-ariel-ardit","tag-tango"],"_links":{"self":[{"href":"http:\/\/cronicasyversiones.com\/index.php?rest_route=\/wp\/v2\/posts\/21287","targetHints":{"allow":["GET"]}}],"collection":[{"href":"http:\/\/cronicasyversiones.com\/index.php?rest_route=\/wp\/v2\/posts"}],"about":[{"href":"http:\/\/cronicasyversiones.com\/index.php?rest_route=\/wp\/v2\/types\/post"}],"author":[{"embeddable":true,"href":"http:\/\/cronicasyversiones.com\/index.php?rest_route=\/wp\/v2\/users\/5"}],"replies":[{"embeddable":true,"href":"http:\/\/cronicasyversiones.com\/index.php?rest_route=%2Fwp%2Fv2%2Fcomments&post=21287"}],"version-history":[{"count":0,"href":"http:\/\/cronicasyversiones.com\/index.php?rest_route=\/wp\/v2\/posts\/21287\/revisions"}],"wp:featuredmedia":[{"embeddable":true,"href":"http:\/\/cronicasyversiones.com\/index.php?rest_route=\/wp\/v2\/media\/21289"}],"wp:attachment":[{"href":"http:\/\/cronicasyversiones.com\/index.php?rest_route=%2Fwp%2Fv2%2Fmedia&parent=21287"}],"wp:term":[{"taxonomy":"category","embeddable":true,"href":"http:\/\/cronicasyversiones.com\/index.php?rest_route=%2Fwp%2Fv2%2Fcategories&post=21287"},{"taxonomy":"post_tag","embeddable":true,"href":"http:\/\/cronicasyversiones.com\/index.php?rest_route=%2Fwp%2Fv2%2Ftags&post=21287"}],"curies":[{"name":"wp","href":"https:\/\/api.w.org\/{rel}","templated":true}]}}