{"id":21340,"date":"2018-11-23T16:30:49","date_gmt":"2018-11-23T19:30:49","guid":{"rendered":"http:\/\/cronicasyversiones.com\/?p=21340"},"modified":"2018-11-23T16:30:49","modified_gmt":"2018-11-23T19:30:49","slug":"unidos-o-nominados-una-lucida-mirada-de-la-television-argentina-del-siglo-xxi","status":"publish","type":"post","link":"http:\/\/cronicasyversiones.com\/?p=21340","title":{"rendered":"\u201cUnidos o Nominados\u201d, una l\u00facida mirada de la televisi\u00f3n argentina del Siglo XXI"},"content":{"rendered":"<div style=\"padding-bottom:20px; padding-top:10px;\" class=\"hupso-share-buttons\"><!-- Hupso Share Buttons - https:\/\/www.hupso.com\/share\/ --><a class=\"hupso_counters\" href=\"https:\/\/www.hupso.com\/share\/\"><img decoding=\"async\" src=\"http:\/\/static.hupso.com\/share\/buttons\/lang\/es\/share-small.png\" style=\"border:0px; padding-top:2px; float:left;\" alt=\"Share Button\"\/><\/a><script type=\"text\/javascript\">var hupso_services_c=new Array(\"twitter\",\"facebook_like\",\"google\");var hupso_counters_lang = \"es_LA\";var hupso_image_folder_url = \"\";var hupso_twitter_via=\"crsyvrs\";var hupso_url_c=\"\";<\/script><script type=\"text\/javascript\" src=\"http:\/\/static.hupso.com\/share\/js\/counters.js\"><\/script><!-- Hupso Share Buttons --><\/div><h4>Por Edgardo Solano<\/h4>\n<h2>La publicaci\u00f3n de Claudio Zeiger plantea un interesante recorrido por los formatos y personajes que coparon la pantalla chica en lo que va de la nueva centuria.<\/h2>\n<p><img loading=\"lazy\" decoding=\"async\" class=\"size-full wp-image-21341 aligncenter\" src=\"http:\/\/cronicasyversiones.com\/wp-content\/uploads\/2018\/11\/unidos.jpg\" alt=\"\" width=\"750\" height=\"439\" srcset=\"http:\/\/cronicasyversiones.com\/wp-content\/uploads\/2018\/11\/unidos.jpg 750w, http:\/\/cronicasyversiones.com\/wp-content\/uploads\/2018\/11\/unidos-300x176.jpg 300w\" sizes=\"auto, (max-width: 750px) 100vw, 750px\" \/><\/p>\n<p>En<em><strong> \u201cUnidos o Nominados. La Televisi\u00f3n Argentina en el Siglo XXI<\/strong><\/em>\u201d, editado por <strong>Galerna, Claudio Zeiger,<\/strong> propone un l\u00fadico recorrido por lo acontecido en la pantalla chica nacional desde los \u00faltimos d\u00edas del Siglo XX y hasta buena parte de la nueva centuria.<\/p>\n<p>El autor traza este camino con art\u00edculos que se fueron publicando desde marzo de 1999 y llegando a puerto en diciembre de 2015, focalizando su pluma en los distintos<strong> formatos televisivos en boga,<\/strong> en los medi\u00e1ticos y paracaidistas que la caja boba tuvo la necesidad de recibir con los brazos abiertos, en nombres propios de mayor y menor \u00a0peso en esta historia y en algunas an\u00e9cdotas televisivas y televisadas.<\/p>\n<p>En estas<em><strong> \u201cCr\u00f3nicas, retratos, postales de la televisi\u00f3n argentina en el siglo XXI\u201d,<\/strong><\/em> como los espectadores se transformaron tambi\u00e9n protagonistas a partir de la irrupci\u00f3n de algunos formatos televisivos, que adem\u00e1s le serv\u00edan a los canales para abaratar costos de producci\u00f3n.<\/p>\n<p><em><strong>\u201cTelevisi\u00f3n Abierta\u201d<\/strong><\/em>, creado por Mariano Cohn y Gast\u00f3n Duprat, devenidos en una exitosa dupla cinematogr\u00e1fica, que apreci\u00f3 en 1999 en Am\u00e9rica TV, con personas comunes y silvestres contando lo suyo a c\u00e1mara, en uno de estos ejemplos.<\/p>\n<p>El autor tambi\u00e9n rescata la aparici\u00f3n de <strong>Charly Garc\u00eda<\/strong> en el ciclo, el \u00fanico que no era un desconocido, que aprovech\u00f3 para desquitarse contra <strong>Andr\u00e9s Calamaro<\/strong>, en una pelea medi\u00e1tica que los tuvo como protagonistas.<\/p>\n<p>En ese mismo plano aparece el Talk Show que condujo <strong>L\u00eda Salgado,<\/strong> que supo ser un furor, y destacando la postura de la conductora, tomando partido por las partes en danza en cada programa.<\/p>\n<p>Tambi\u00e9n la aparici\u00f3n de<em><strong> \u201cGran Hermano\u201d,<\/strong><\/em> nacido en Holanda como una experiencia inspirada en el libro <em><strong>\u00ab1984\u00bb<\/strong> <\/em>de <strong>George Orwell,<\/strong> tiene su espacio en libro, en especial con las primeras ediciones, antes que el formato entre un desgaste y vaya perdiendo su inter\u00e9s, ya sin Soledad Silveyra llamando a los gritos a sus \u201cvalientes\u201d.<\/p>\n<p>En esto de la \u201cgente\u201d dentro de la televisi\u00f3n, tambi\u00e9n se desmenuzan en el libro los formatos de entretenimientos que premian el \u201csaber\u201d, como los conducidos por<strong> Gerardo Sofovich y Susana Gim\u00e9nez<\/strong>, entre otros tantos que supieron proliferar.<\/p>\n<p>Tambi\u00e9n ofrece una mirada sobre la <em><strong>\u201cfarandulizaci\u00f3n\u201d<\/strong> <\/em>de periodismo, citando como ejemplo los ciclos de <strong>Jorge Rial<\/strong> y como la pol\u00edtica argentina tuvo como escenario a los programas de <strong>Marcelo Tinelli,<\/strong> con el Oso Arturo como protagonista central.<\/p>\n<p>En las p\u00e1ginas de<em><strong> \u201cUnidos o Nominados\u201d<\/strong><\/em>, tambi\u00e9n se trata la homosexualidad en la televisi\u00f3n con sus respectivas salidas del closet, como el caso el <strong>Gast\u00f3n Trezeguet,<\/strong> cuando estaba dentro de la casa de \u201cGH\u201d, y de <strong>Juan Castro<\/strong>, entre otros.<\/p>\n<p>En este tema, se cita una frase de<strong> Carlos Ja\u00faregui<\/strong> , quien fuera el primer presidente de la <strong>Comunidad Homosexual Argentina,<\/strong> que sosten\u00eda con lucidez \u00a0que los gays nacen en \u201cterritorio enemigo\u201d, en referencia a sus propias familias, y que esta situaci\u00f3n hostil es compatible con la televisi\u00f3n.<\/p>\n<p>En el plano de la ficci\u00f3n televisiva, tambi\u00e9n Zeiger se mete con las ficciones de Pol-ka, que van desde el costumbrismo que abord\u00f3 inicialmente la productora, con boxeadores, futbolistas, taxistas y colectiveros como protagonistas, hasta que <strong>Adri\u00e1n Suar<\/strong> \u201cse fue del barrio\u201d en busca de otras tem\u00e1ticas, como con los periodistas de <strong>\u201cPrimicias\u201d<\/strong>. Tambi\u00e9n \u201cGraduados\u201d y mirada retro melanc\u00f3lica quedan bajo la lupa.<\/p>\n<p><em><strong>LEA TAMBI\u00c9N:\u00a0<\/strong><\/em><\/p>\n<div class=\"video-container\">\n<blockquote class=\"wp-embedded-content\" data-secret=\"bcvBtAeHK9\"><p><a href=\"https:\/\/cronicasyversiones.com\/?p=21199\">\u201c50 A\u00f1os Rock. 50 bandas argentinas fundamentales\u201d completa su recorrido con el \u00abLado B\u00bb<\/a><\/p><\/blockquote>\n<p><iframe loading=\"lazy\" class=\"wp-embedded-content\" sandbox=\"allow-scripts\" security=\"restricted\" style=\"position: absolute; clip: rect(1px, 1px, 1px, 1px);\" title=\"\u00ab\u201c50 A\u00f1os Rock. 50 bandas argentinas fundamentales\u201d completa su recorrido con el \u00abLado B\u00bb\u00bb \u2014    \" src=\"https:\/\/cronicasyversiones.com\/?p=21199&#038;embed=true#?secret=V6Fg2JoUyE#?secret=bcvBtAeHK9\" data-secret=\"bcvBtAeHK9\" width=\"600\" height=\"338\" frameborder=\"0\" marginwidth=\"0\" marginheight=\"0\" scrolling=\"no\"><\/iframe><\/div>\n<p>El autor tambi\u00e9n realiza una semblanza de <strong>Ricardo Fort,<\/strong> luego de la muerte de este exc\u00e9ntrico personaje, un \u201cni\u00f1o rico\u201d que se dio el gusto de ser artista y que a cinco a\u00f1os de su muerte sigue siendo recordado.<\/p>\n<p>Tambi\u00e9n aparecen en el libro distintos personajes, como <strong>Mirtha Legrand, Flor de la V, Marcelo Polino, Mario Pergolini y Silvia S\u00fcller,<\/strong> entre otros tantos de distinta cala\u00f1a.<\/p>\n<p>Incluso la antagon\u00eda entre los libros y la televisi\u00f3n es descripta en c\u00f3mo deben ganarse su lugar los programas culturales, como los que viene remando contra viento y marea <strong>Osvaldo Quiroga.<\/strong><\/p>\n<p><em><strong>\u201cUnidos o Nominados\u201d<\/strong><\/em> plantea una interesante mirada de la televisi\u00f3n argentina en el Siglo XXI, en tiempos en los que el medio da se\u00f1ales de un notorio agotamiento, mientras compite con otras propuestas que amenazan con ganarle la partida.<\/p>\n<blockquote><p>\u201cMientras avanza el siglo XXI, nuestra inquietud en torno de la televisi\u00f3n, la cultura de masas y las personas es finalmente de \u00edndole escrituraria, lectora, period\u00edstica. Nos seguimos preguntando: \u00bfC\u00f3mo hablar de la televisi\u00f3n? \u00bfEst\u00e1n saldadas las diferencias entre las miradas cl\u00e1sicas que se le dedicaron desde sus or\u00edgenes a mediados del siglo XX en adelante?\u201d, dice el autor.<\/p><\/blockquote>\n<h2>El autor<\/h2>\n<p><em><strong>Claudio Zeiger<\/strong> <\/em>naci\u00f3 en Buenos Aires en 1964. Actualmente es el editor de los suplementos Radar y Radar Libros del Diario P\u00e1gina 12.<\/p>\n<p>Public\u00f3 cinco novelas: \u201cNombre de Guerra\u201d \u00a0(1999; Destino, 2003), \u201cTres deseos\u201d (Destinos 2002), \u201cAdi\u00f3s a la calle\u201d (Emec\u00e9, 2006), \u201cRedacciones perdidas\u201d (Emec\u00e9, 2010) y \u201cLos Inmortales\u201d (2014), adem\u00e1s del libro de ensayos \u201cEl Para\u00edso argentino\u201d (Emec\u00e9, 2011).<\/p>\n<div style=\"padding-bottom:20px; padding-top:10px;\" class=\"hupso-share-buttons\"><!-- Hupso Share Buttons - https:\/\/www.hupso.com\/share\/ --><a class=\"hupso_counters\" href=\"https:\/\/www.hupso.com\/share\/\"><img decoding=\"async\" src=\"http:\/\/static.hupso.com\/share\/buttons\/lang\/es\/share-small.png\" style=\"border:0px; padding-top:2px; float:left;\" alt=\"Share Button\"\/><\/a><script type=\"text\/javascript\">var hupso_services_c=new Array(\"twitter\",\"facebook_like\",\"google\");var hupso_counters_lang = \"es_LA\";var hupso_image_folder_url = \"\";var hupso_twitter_via=\"crsyvrs\";var hupso_url_c=\"\";<\/script><script type=\"text\/javascript\" src=\"http:\/\/static.hupso.com\/share\/js\/counters.js\"><\/script><!-- Hupso Share Buttons --><\/div> ","protected":false},"excerpt":{"rendered":"<div style=\"padding-bottom:20px; padding-top:10px;\" class=\"hupso-share-buttons\"><!-- Hupso Share Buttons - https:\/\/www.hupso.com\/share\/ --><a class=\"hupso_counters\" href=\"https:\/\/www.hupso.com\/share\/\"><img src=\"http:\/\/static.hupso.com\/share\/buttons\/lang\/es\/share-small.png\" style=\"border:0px; padding-top:2px; float:left;\" alt=\"Share Button\"\/><\/a><script type=\"text\/javascript\">var hupso_services_c=new Array(\"twitter\",\"facebook_like\",\"google\");var hupso_counters_lang = \"es_LA\";var hupso_image_folder_url = \"\";var hupso_twitter_via=\"crsyvrs\";var hupso_url_c=\"\";<\/script><script type=\"text\/javascript\" src=\"http:\/\/static.hupso.com\/share\/js\/counters.js\"><\/script><!-- Hupso Share Buttons --><\/div><p>Por Edgardo Solano La publicaci\u00f3n de Claudio Zeiger plantea un interesante recorrido por los formatos y personajes que coparon la pantalla chica en lo que va de la nueva centuria. En \u201cUnidos o Nominados. La Televisi\u00f3n Argentina en el&#46;&#46;&#46;<\/p>\n<div style=\"padding-bottom:20px; padding-top:10px;\" class=\"hupso-share-buttons\"><!-- Hupso Share Buttons - https:\/\/www.hupso.com\/share\/ --><a class=\"hupso_counters\" href=\"https:\/\/www.hupso.com\/share\/\"><img src=\"http:\/\/static.hupso.com\/share\/buttons\/lang\/es\/share-small.png\" style=\"border:0px; padding-top:2px; float:left;\" alt=\"Share Button\"\/><\/a><script type=\"text\/javascript\">var hupso_services_c=new Array(\"twitter\",\"facebook_like\",\"google\");var hupso_counters_lang = \"es_LA\";var hupso_image_folder_url = \"\";var hupso_twitter_via=\"crsyvrs\";var hupso_url_c=\"\";<\/script><script type=\"text\/javascript\" src=\"http:\/\/static.hupso.com\/share\/js\/counters.js\"><\/script><!-- Hupso Share Buttons --><\/div>","protected":false},"author":5,"featured_media":21341,"comment_status":"open","ping_status":"closed","sticky":false,"template":"","format":"standard","meta":{"footnotes":""},"categories":[7,6,9],"tags":[9062],"class_list":["post-21340","post","type-post","status-publish","format-standard","has-post-thumbnail","hentry","category-literatura","category-radio-y-tv","category-sociedad","tag-claudio-zeiger"],"_links":{"self":[{"href":"http:\/\/cronicasyversiones.com\/index.php?rest_route=\/wp\/v2\/posts\/21340","targetHints":{"allow":["GET"]}}],"collection":[{"href":"http:\/\/cronicasyversiones.com\/index.php?rest_route=\/wp\/v2\/posts"}],"about":[{"href":"http:\/\/cronicasyversiones.com\/index.php?rest_route=\/wp\/v2\/types\/post"}],"author":[{"embeddable":true,"href":"http:\/\/cronicasyversiones.com\/index.php?rest_route=\/wp\/v2\/users\/5"}],"replies":[{"embeddable":true,"href":"http:\/\/cronicasyversiones.com\/index.php?rest_route=%2Fwp%2Fv2%2Fcomments&post=21340"}],"version-history":[{"count":0,"href":"http:\/\/cronicasyversiones.com\/index.php?rest_route=\/wp\/v2\/posts\/21340\/revisions"}],"wp:featuredmedia":[{"embeddable":true,"href":"http:\/\/cronicasyversiones.com\/index.php?rest_route=\/wp\/v2\/media\/21341"}],"wp:attachment":[{"href":"http:\/\/cronicasyversiones.com\/index.php?rest_route=%2Fwp%2Fv2%2Fmedia&parent=21340"}],"wp:term":[{"taxonomy":"category","embeddable":true,"href":"http:\/\/cronicasyversiones.com\/index.php?rest_route=%2Fwp%2Fv2%2Fcategories&post=21340"},{"taxonomy":"post_tag","embeddable":true,"href":"http:\/\/cronicasyversiones.com\/index.php?rest_route=%2Fwp%2Fv2%2Ftags&post=21340"}],"curies":[{"name":"wp","href":"https:\/\/api.w.org\/{rel}","templated":true}]}}