{"id":21359,"date":"2018-11-26T09:35:58","date_gmt":"2018-11-26T12:35:58","guid":{"rendered":"http:\/\/cronicasyversiones.com\/?p=21359"},"modified":"2018-11-26T09:35:58","modified_gmt":"2018-11-26T12:35:58","slug":"on-the-wall-una-muestra-itinerante-dedicada-a-michael-jackson","status":"publish","type":"post","link":"http:\/\/cronicasyversiones.com\/?p=21359","title":{"rendered":"\u201cOn the wall\u201d, una muestra itinerante dedicada a Michael Jackson"},"content":{"rendered":"<div style=\"padding-bottom:20px; padding-top:10px;\" class=\"hupso-share-buttons\"><!-- Hupso Share Buttons - https:\/\/www.hupso.com\/share\/ --><a class=\"hupso_counters\" href=\"https:\/\/www.hupso.com\/share\/\"><img decoding=\"async\" src=\"http:\/\/static.hupso.com\/share\/buttons\/lang\/es\/share-small.png\" style=\"border:0px; padding-top:2px; float:left;\" alt=\"Share Button\"\/><\/a><script type=\"text\/javascript\">var hupso_services_c=new Array(\"twitter\",\"facebook_like\",\"google\");var hupso_counters_lang = \"es_LA\";var hupso_image_folder_url = \"\";var hupso_twitter_via=\"crsyvrs\";var hupso_url_c=\"\";<\/script><script type=\"text\/javascript\" src=\"http:\/\/static.hupso.com\/share\/js\/counters.js\"><\/script><!-- Hupso Share Buttons --><\/div><h2>Con obras de m\u00e1s de 40 artistas pl\u00e1sticos y fot\u00f3grafos, esta exposici\u00f3n sobre el artista lleg\u00f3 a Par\u00eds y luego pasar\u00e1 por Londres y Bonn.<\/h2>\n<p><img loading=\"lazy\" decoding=\"async\" class=\"size-full wp-image-21361 aligncenter\" src=\"http:\/\/cronicasyversiones.com\/wp-content\/uploads\/2018\/11\/in_memory_of_michael_jackson_by_yan_pei_ming_2017_jpg_1015_north_596x_white.jpg\" alt=\"\" width=\"596\" height=\"596\" srcset=\"http:\/\/cronicasyversiones.com\/wp-content\/uploads\/2018\/11\/in_memory_of_michael_jackson_by_yan_pei_ming_2017_jpg_1015_north_596x_white.jpg 596w, http:\/\/cronicasyversiones.com\/wp-content\/uploads\/2018\/11\/in_memory_of_michael_jackson_by_yan_pei_ming_2017_jpg_1015_north_596x_white-300x300.jpg 300w\" sizes=\"auto, (max-width: 596px) 100vw, 596px\" \/><\/p>\n<p>&nbsp;<\/p>\n<p>Una exposici\u00f3n dedicada a <strong>Michael Jackson,<\/strong> que re\u00fane \u00a0obras de m\u00e1s de 40 artistas pl\u00e1sticos y fot\u00f3grafos, se inaugur\u00f3 en el<strong> Grand Palais,<\/strong> en la ciudad de Par\u00eds.<\/p>\n<p>La muestra, que lleva el t\u00edtulo <em><strong>\u201cOn the wall\u201d,<\/strong><\/em> en alusi\u00f3n a su famoso disco <em><strong>\u201cOff the wall\u201d<\/strong><\/em>, se podr\u00e1 ver hasta el 14 de febrero y luego pasar\u00e1 por Londres, la ciudad alemana de Bonn y Finlandia.<\/p>\n<p>La distintas obras que pueden verse en la exposici\u00f3n dan cuenta de la gran influencia del artista fallecido en junio de 2009 tuvo en el arte.<\/p>\n<p><em><strong>LEA TAMBI\u00c9N:\u00a0<\/strong><\/em><\/p>\n<div class=\"video-container\">\n<blockquote class=\"wp-embedded-content\" data-secret=\"fHSddWFPVj\"><p><a href=\"https:\/\/cronicasyversiones.com\/?p=19687\">Un musical de Broadway estar\u00e1 inspirado en Michael Jackson<\/a><\/p><\/blockquote>\n<p><iframe loading=\"lazy\" class=\"wp-embedded-content\" sandbox=\"allow-scripts\" security=\"restricted\" style=\"position: absolute; clip: rect(1px, 1px, 1px, 1px);\" title=\"\u00abUn musical de Broadway estar\u00e1 inspirado en Michael Jackson\u00bb \u2014    \" src=\"https:\/\/cronicasyversiones.com\/?p=19687&#038;embed=true#?secret=y3SJWPdcJX#?secret=fHSddWFPVj\" data-secret=\"fHSddWFPVj\" width=\"600\" height=\"338\" frameborder=\"0\" marginwidth=\"0\" marginheight=\"0\" scrolling=\"no\"><\/iframe><\/div>\n<p><strong>Michael Jackson<\/strong> falleci\u00f3 el 25 de junio de 2009 en Los \u00c1ngeles por una sobredosis de f\u00e1rmacos que le administr\u00f3 su m\u00e9dico personal, Conrad Murray.<\/p>\n<p>Despu\u00e9s de realizar su autopsia, los forenses del Instituto Forense de Los \u00c1ngeles aseguraron que la muerte de Jackson hab\u00eda sido provocada por una intoxicaci\u00f3n de propofol, suministrado por Murray. Finalmente el informe oficial calific\u00f3 su muerte como \u201cintoxicaci\u00f3n aguda de propofol\u201d.<\/p>\n<div style=\"padding-bottom:20px; padding-top:10px;\" class=\"hupso-share-buttons\"><!-- Hupso Share Buttons - https:\/\/www.hupso.com\/share\/ --><a class=\"hupso_counters\" href=\"https:\/\/www.hupso.com\/share\/\"><img decoding=\"async\" src=\"http:\/\/static.hupso.com\/share\/buttons\/lang\/es\/share-small.png\" style=\"border:0px; padding-top:2px; float:left;\" alt=\"Share Button\"\/><\/a><script type=\"text\/javascript\">var hupso_services_c=new Array(\"twitter\",\"facebook_like\",\"google\");var hupso_counters_lang = \"es_LA\";var hupso_image_folder_url = \"\";var hupso_twitter_via=\"crsyvrs\";var hupso_url_c=\"\";<\/script><script type=\"text\/javascript\" src=\"http:\/\/static.hupso.com\/share\/js\/counters.js\"><\/script><!-- Hupso Share Buttons --><\/div> ","protected":false},"excerpt":{"rendered":"<div style=\"padding-bottom:20px; padding-top:10px;\" class=\"hupso-share-buttons\"><!-- Hupso Share Buttons - https:\/\/www.hupso.com\/share\/ --><a class=\"hupso_counters\" href=\"https:\/\/www.hupso.com\/share\/\"><img src=\"http:\/\/static.hupso.com\/share\/buttons\/lang\/es\/share-small.png\" style=\"border:0px; padding-top:2px; float:left;\" alt=\"Share Button\"\/><\/a><script type=\"text\/javascript\">var hupso_services_c=new Array(\"twitter\",\"facebook_like\",\"google\");var hupso_counters_lang = \"es_LA\";var hupso_image_folder_url = \"\";var hupso_twitter_via=\"crsyvrs\";var hupso_url_c=\"\";<\/script><script type=\"text\/javascript\" src=\"http:\/\/static.hupso.com\/share\/js\/counters.js\"><\/script><!-- Hupso Share Buttons --><\/div><p>Con obras de m\u00e1s de 40 artistas pl\u00e1sticos y fot\u00f3grafos, esta exposici\u00f3n sobre el artista lleg\u00f3 a Par\u00eds y luego pasar\u00e1 por Londres y Bonn. &nbsp; Una exposici\u00f3n dedicada a Michael Jackson, que re\u00fane \u00a0obras de m\u00e1s de 40&#46;&#46;&#46;<\/p>\n<div style=\"padding-bottom:20px; padding-top:10px;\" class=\"hupso-share-buttons\"><!-- Hupso Share Buttons - https:\/\/www.hupso.com\/share\/ --><a class=\"hupso_counters\" href=\"https:\/\/www.hupso.com\/share\/\"><img src=\"http:\/\/static.hupso.com\/share\/buttons\/lang\/es\/share-small.png\" style=\"border:0px; padding-top:2px; float:left;\" alt=\"Share Button\"\/><\/a><script type=\"text\/javascript\">var hupso_services_c=new Array(\"twitter\",\"facebook_like\",\"google\");var hupso_counters_lang = \"es_LA\";var hupso_image_folder_url = \"\";var hupso_twitter_via=\"crsyvrs\";var hupso_url_c=\"\";<\/script><script type=\"text\/javascript\" src=\"http:\/\/static.hupso.com\/share\/js\/counters.js\"><\/script><!-- Hupso Share Buttons --><\/div>","protected":false},"author":5,"featured_media":21361,"comment_status":"open","ping_status":"closed","sticky":false,"template":"","format":"standard","meta":{"footnotes":""},"categories":[8,3],"tags":[1193],"class_list":["post-21359","post","type-post","status-publish","format-standard","has-post-thumbnail","hentry","category-artes-plasticas","category-musica","tag-michael-jackson"],"_links":{"self":[{"href":"http:\/\/cronicasyversiones.com\/index.php?rest_route=\/wp\/v2\/posts\/21359","targetHints":{"allow":["GET"]}}],"collection":[{"href":"http:\/\/cronicasyversiones.com\/index.php?rest_route=\/wp\/v2\/posts"}],"about":[{"href":"http:\/\/cronicasyversiones.com\/index.php?rest_route=\/wp\/v2\/types\/post"}],"author":[{"embeddable":true,"href":"http:\/\/cronicasyversiones.com\/index.php?rest_route=\/wp\/v2\/users\/5"}],"replies":[{"embeddable":true,"href":"http:\/\/cronicasyversiones.com\/index.php?rest_route=%2Fwp%2Fv2%2Fcomments&post=21359"}],"version-history":[{"count":0,"href":"http:\/\/cronicasyversiones.com\/index.php?rest_route=\/wp\/v2\/posts\/21359\/revisions"}],"wp:featuredmedia":[{"embeddable":true,"href":"http:\/\/cronicasyversiones.com\/index.php?rest_route=\/wp\/v2\/media\/21361"}],"wp:attachment":[{"href":"http:\/\/cronicasyversiones.com\/index.php?rest_route=%2Fwp%2Fv2%2Fmedia&parent=21359"}],"wp:term":[{"taxonomy":"category","embeddable":true,"href":"http:\/\/cronicasyversiones.com\/index.php?rest_route=%2Fwp%2Fv2%2Fcategories&post=21359"},{"taxonomy":"post_tag","embeddable":true,"href":"http:\/\/cronicasyversiones.com\/index.php?rest_route=%2Fwp%2Fv2%2Ftags&post=21359"}],"curies":[{"name":"wp","href":"https:\/\/api.w.org\/{rel}","templated":true}]}}