{"id":21380,"date":"2018-11-27T09:43:17","date_gmt":"2018-11-27T12:43:17","guid":{"rendered":"http:\/\/cronicasyversiones.com\/?p=21380"},"modified":"2018-11-27T09:43:17","modified_gmt":"2018-11-27T12:43:17","slug":"raly-barrionuevo-abel-pintos-y-peteco-carabajal-en-la-nueva-edicion-de-cosquin","status":"publish","type":"post","link":"http:\/\/cronicasyversiones.com\/?p=21380","title":{"rendered":"Raly Barrionuevo, Abel Pintos y Peteco Carabajal, en la nueva edici\u00f3n de Cosqu\u00edn"},"content":{"rendered":"<div style=\"padding-bottom:20px; padding-top:10px;\" class=\"hupso-share-buttons\"><!-- Hupso Share Buttons - https:\/\/www.hupso.com\/share\/ --><a class=\"hupso_counters\" href=\"https:\/\/www.hupso.com\/share\/\"><img decoding=\"async\" src=\"http:\/\/static.hupso.com\/share\/buttons\/lang\/es\/share-small.png\" style=\"border:0px; padding-top:2px; float:left;\" alt=\"Share Button\"\/><\/a><script type=\"text\/javascript\">var hupso_services_c=new Array(\"twitter\",\"facebook_like\",\"google\");var hupso_counters_lang = \"es_LA\";var hupso_image_folder_url = \"\";var hupso_twitter_via=\"crsyvrs\";var hupso_url_c=\"\";<\/script><script type=\"text\/javascript\" src=\"http:\/\/static.hupso.com\/share\/js\/counters.js\"><\/script><!-- Hupso Share Buttons --><\/div><h2>Entre otras figuras de la m\u00fasica popular, estar\u00e1n en la Plaza Pr\u00f3spero Molina Soledad Pastoritti, Luciano Pereyra, Sergio Galleguillo y El Chango Spasiuk.<\/h2>\n<p><img loading=\"lazy\" decoding=\"async\" class=\" wp-image-21381 aligncenter\" src=\"http:\/\/cronicasyversiones.com\/wp-content\/uploads\/2018\/11\/raly.jpg\" alt=\"\" width=\"757\" height=\"502\" srcset=\"http:\/\/cronicasyversiones.com\/wp-content\/uploads\/2018\/11\/raly.jpg 960w, http:\/\/cronicasyversiones.com\/wp-content\/uploads\/2018\/11\/raly-300x199.jpg 300w, http:\/\/cronicasyversiones.com\/wp-content\/uploads\/2018\/11\/raly-768x510.jpg 768w\" sizes=\"auto, (max-width: 757px) 100vw, 757px\" \/><\/p>\n<p>La edici\u00f3n 59 <strong>Festival Nacional de Folclore de Cosqu\u00edn<\/strong> 2019 tendr\u00e1 a Soledad Pastoritti, Luciano Pereyra, Peteco Carabajal, Sergio Galleguillo, Abel Pintos, Raly Barrionuevo, El Chango Spasiuk y el D\u00fao Coplanacu, entre otras figuras de la m\u00fasica popular argentina.<\/p>\n<p><strong>Soledad Pastorutti<\/strong> ser\u00e1 la encargada de cerrar la primera luna cosco\u00edna el s\u00e1bado 26 de enero, en tanto que al d\u00eda siguiente estar\u00e1n presentes en la Plaza Pr\u00f3spero Molina los m\u00fasicos <strong>Luciano Pereyra y Peteco Carabajal,<\/strong> entre otros.<\/p>\n<p>En la tercera jornada, lunes 28, <strong>Sergio Galleguillo<\/strong> ser\u00e1 la figura principal, y un d\u00eda m\u00e1s tarde, <strong>Abel Pintos<\/strong> le pondr\u00e1 el cierre a esa velada.<\/p>\n<p><em><strong>LEA TAMBI\u00c9N:<\/strong> <\/em><\/p>\n<div class=\"video-container\">\n<blockquote class=\"wp-embedded-content\" data-secret=\"2GMkwVqQAK\"><p><a href=\"http:\/\/cronicasyversiones.com\/?p=21204\">El Cosqu\u00edn Rock tendr\u00e1 a Skay, Eruca Sativa, Ska-P y Attaque 77<\/a><\/p><\/blockquote>\n<p><iframe loading=\"lazy\" class=\"wp-embedded-content\" sandbox=\"allow-scripts\" security=\"restricted\" style=\"position: absolute; clip: rect(1px, 1px, 1px, 1px);\" title=\"\u00abEl Cosqu\u00edn Rock tendr\u00e1 a Skay, Eruca Sativa, Ska-P y Attaque 77\u00bb \u2014    \" src=\"http:\/\/cronicasyversiones.com\/?p=21204&#038;embed=true#?secret=UtVjp7a2eG#?secret=2GMkwVqQAK\" data-secret=\"2GMkwVqQAK\" width=\"600\" height=\"338\" frameborder=\"0\" marginwidth=\"0\" marginheight=\"0\" scrolling=\"no\"><\/iframe><\/div>\n<p>Mientras que el mi\u00e9rcoles 30 subir\u00e1n al escenario Atahualpa Yupanqui <strong>Los Manseros Santiague\u00f1os y Los Carabajal,<\/strong> mientras que los principales n\u00fameros de la sexta noche ser\u00e1n Los Tekis y El Indio Lucio Rojas.<\/p>\n<p>El viernes 1 de febrero ser\u00e1 el turno <strong>Raly Barrionuevo, <\/strong>mientras que el s\u00e1bado 2 <strong>El Chango Spasiuk y el D\u00fao Coplanacu<\/strong> ser\u00e1n los m\u00e1s destacados y la novena y \u00faltima noche, el domingo 3, tendr\u00e1 el cierre a cargo del <strong>Chaque\u00f1o Palavecino.<\/strong><\/p>\n<div style=\"padding-bottom:20px; padding-top:10px;\" class=\"hupso-share-buttons\"><!-- Hupso Share Buttons - https:\/\/www.hupso.com\/share\/ --><a class=\"hupso_counters\" href=\"https:\/\/www.hupso.com\/share\/\"><img decoding=\"async\" src=\"http:\/\/static.hupso.com\/share\/buttons\/lang\/es\/share-small.png\" style=\"border:0px; padding-top:2px; float:left;\" alt=\"Share Button\"\/><\/a><script type=\"text\/javascript\">var hupso_services_c=new Array(\"twitter\",\"facebook_like\",\"google\");var hupso_counters_lang = \"es_LA\";var hupso_image_folder_url = \"\";var hupso_twitter_via=\"crsyvrs\";var hupso_url_c=\"\";<\/script><script type=\"text\/javascript\" src=\"http:\/\/static.hupso.com\/share\/js\/counters.js\"><\/script><!-- Hupso Share Buttons --><\/div> ","protected":false},"excerpt":{"rendered":"<div style=\"padding-bottom:20px; padding-top:10px;\" class=\"hupso-share-buttons\"><!-- Hupso Share Buttons - https:\/\/www.hupso.com\/share\/ --><a class=\"hupso_counters\" href=\"https:\/\/www.hupso.com\/share\/\"><img src=\"http:\/\/static.hupso.com\/share\/buttons\/lang\/es\/share-small.png\" style=\"border:0px; padding-top:2px; float:left;\" alt=\"Share Button\"\/><\/a><script type=\"text\/javascript\">var hupso_services_c=new Array(\"twitter\",\"facebook_like\",\"google\");var hupso_counters_lang = \"es_LA\";var hupso_image_folder_url = \"\";var hupso_twitter_via=\"crsyvrs\";var hupso_url_c=\"\";<\/script><script type=\"text\/javascript\" src=\"http:\/\/static.hupso.com\/share\/js\/counters.js\"><\/script><!-- Hupso Share Buttons --><\/div><p>Entre otras figuras de la m\u00fasica popular, estar\u00e1n en la Plaza Pr\u00f3spero Molina Soledad Pastoritti, Luciano Pereyra, Sergio Galleguillo y El Chango Spasiuk. La edici\u00f3n 59 Festival Nacional de Folclore de Cosqu\u00edn 2019 tendr\u00e1 a Soledad Pastoritti, Luciano Pereyra,&#46;&#46;&#46;<\/p>\n<div style=\"padding-bottom:20px; padding-top:10px;\" class=\"hupso-share-buttons\"><!-- Hupso Share Buttons - https:\/\/www.hupso.com\/share\/ --><a class=\"hupso_counters\" href=\"https:\/\/www.hupso.com\/share\/\"><img src=\"http:\/\/static.hupso.com\/share\/buttons\/lang\/es\/share-small.png\" style=\"border:0px; padding-top:2px; float:left;\" alt=\"Share Button\"\/><\/a><script type=\"text\/javascript\">var hupso_services_c=new Array(\"twitter\",\"facebook_like\",\"google\");var hupso_counters_lang = \"es_LA\";var hupso_image_folder_url = \"\";var hupso_twitter_via=\"crsyvrs\";var hupso_url_c=\"\";<\/script><script type=\"text\/javascript\" src=\"http:\/\/static.hupso.com\/share\/js\/counters.js\"><\/script><!-- Hupso Share Buttons --><\/div>","protected":false},"author":5,"featured_media":21381,"comment_status":"open","ping_status":"closed","sticky":false,"template":"","format":"standard","meta":{"footnotes":""},"categories":[3],"tags":[1902,927,3718,1136,3415,4504,2443],"class_list":["post-21380","post","type-post","status-publish","format-standard","has-post-thumbnail","hentry","category-musica","tag-abel-pintos","tag-chango-spasiuk","tag-festival-de-folklore-de-cosquin","tag-folklore","tag-peteco-carabajal","tag-raly-barrionuevo","tag-soledad-pastorutti"],"_links":{"self":[{"href":"http:\/\/cronicasyversiones.com\/index.php?rest_route=\/wp\/v2\/posts\/21380","targetHints":{"allow":["GET"]}}],"collection":[{"href":"http:\/\/cronicasyversiones.com\/index.php?rest_route=\/wp\/v2\/posts"}],"about":[{"href":"http:\/\/cronicasyversiones.com\/index.php?rest_route=\/wp\/v2\/types\/post"}],"author":[{"embeddable":true,"href":"http:\/\/cronicasyversiones.com\/index.php?rest_route=\/wp\/v2\/users\/5"}],"replies":[{"embeddable":true,"href":"http:\/\/cronicasyversiones.com\/index.php?rest_route=%2Fwp%2Fv2%2Fcomments&post=21380"}],"version-history":[{"count":0,"href":"http:\/\/cronicasyversiones.com\/index.php?rest_route=\/wp\/v2\/posts\/21380\/revisions"}],"wp:featuredmedia":[{"embeddable":true,"href":"http:\/\/cronicasyversiones.com\/index.php?rest_route=\/wp\/v2\/media\/21381"}],"wp:attachment":[{"href":"http:\/\/cronicasyversiones.com\/index.php?rest_route=%2Fwp%2Fv2%2Fmedia&parent=21380"}],"wp:term":[{"taxonomy":"category","embeddable":true,"href":"http:\/\/cronicasyversiones.com\/index.php?rest_route=%2Fwp%2Fv2%2Fcategories&post=21380"},{"taxonomy":"post_tag","embeddable":true,"href":"http:\/\/cronicasyversiones.com\/index.php?rest_route=%2Fwp%2Fv2%2Ftags&post=21380"}],"curies":[{"name":"wp","href":"https:\/\/api.w.org\/{rel}","templated":true}]}}