{"id":21393,"date":"2018-12-01T09:53:04","date_gmt":"2018-12-01T12:53:04","guid":{"rendered":"http:\/\/cronicasyversiones.com\/?p=21393"},"modified":"2018-12-01T09:53:04","modified_gmt":"2018-12-01T12:53:04","slug":"bob-dylan-y-neil-young-juntos-en-un-festival-en-el-hyde-park-de-londres","status":"publish","type":"post","link":"http:\/\/cronicasyversiones.com\/?p=21393","title":{"rendered":"Bob Dylan y Neil Young, juntos en un festival en el Hyde Park de Londres"},"content":{"rendered":"<div style=\"padding-bottom:20px; padding-top:10px;\" class=\"hupso-share-buttons\"><!-- Hupso Share Buttons - https:\/\/www.hupso.com\/share\/ --><a class=\"hupso_counters\" href=\"https:\/\/www.hupso.com\/share\/\"><img decoding=\"async\" src=\"http:\/\/static.hupso.com\/share\/buttons\/lang\/es\/share-small.png\" style=\"border:0px; padding-top:2px; float:left;\" alt=\"Share Button\"\/><\/a><script type=\"text\/javascript\">var hupso_services_c=new Array(\"twitter\",\"facebook_like\",\"google\");var hupso_counters_lang = \"es_LA\";var hupso_image_folder_url = \"\";var hupso_twitter_via=\"crsyvrs\";var hupso_url_c=\"\";<\/script><script type=\"text\/javascript\" src=\"http:\/\/static.hupso.com\/share\/js\/counters.js\"><\/script><!-- Hupso Share Buttons --><\/div><h2>El trovador estadounidense y el artista canadiense compartir\u00e1n el escenario del\u00a0<strong>Barclaycard&#8217;s Presents British Summer Time, en Londres.\u00a0<\/strong><\/h2>\n<p><img loading=\"lazy\" decoding=\"async\" class=\" wp-image-21420 aligncenter\" src=\"http:\/\/cronicasyversiones.com\/wp-content\/uploads\/2018\/11\/dylan.jpg\" alt=\"\" width=\"757\" height=\"434\" srcset=\"http:\/\/cronicasyversiones.com\/wp-content\/uploads\/2018\/11\/dylan.jpg 835w, http:\/\/cronicasyversiones.com\/wp-content\/uploads\/2018\/11\/dylan-300x172.jpg 300w, http:\/\/cronicasyversiones.com\/wp-content\/uploads\/2018\/11\/dylan-768x440.jpg 768w\" sizes=\"auto, (max-width: 757px) 100vw, 757px\" \/><\/p>\n<p>Los legendarios artistas\u00a0<strong>Bob Dylan y Neil Young<\/strong> compartir\u00e1n escenario el pr\u00f3ximo 12 de julio en la edici\u00f3n 2019 del <strong>Barclaycard&#8217;s Presents British Summer Time,<\/strong> que tendr\u00e1 lugar en el <strong>Hyde Park,<\/strong> en la ciudad brit\u00e1nica de Londres.<\/p>\n<p>Ambos artistas actuar\u00e1n con sus respectivas bandas y se espera que en un momento del show se produzca el encuentro entre ellos, seg\u00fan inform\u00f3 la p\u00e1gina oficial de <strong>Bob Dylan.<\/strong><\/p>\n<p>Las entradas para el evento ser\u00e1n puestas a la venta el pr\u00f3ximo viernes y, aunque Dylan y Young aparecen como cabeza de la grilla, a\u00fan faltan confirmar otras figuras, de acuerdo a lo anunciado por los organizadores.<\/p>\n<p>Ambos artistas ya hab\u00edan compartido escenario en octubre de 2016 durante el famoso festival Desert Trip, en California, en un memorable fin de semana en el que tambi\u00e9n actuaron <strong>Paul McCartney, The Rolling Stones, The Who y Roger Waters.<\/strong><\/p>\n<p><em><strong>LEA TAMBI\u00c9N:<\/strong><\/em><\/p>\n<div class=\"video-container\">\n<blockquote class=\"wp-embedded-content\" data-secret=\"4OtAsRXkaf\"><p><a href=\"https:\/\/cronicasyversiones.com\/?p=21307\">El \u201c\u00c1lbum Blanco\u201d de Los Beatles cumple 50 a\u00f1os<\/a><\/p><\/blockquote>\n<p><iframe loading=\"lazy\" class=\"wp-embedded-content\" sandbox=\"allow-scripts\" security=\"restricted\" style=\"position: absolute; clip: rect(1px, 1px, 1px, 1px);\" title=\"\u00abEl \u201c\u00c1lbum Blanco\u201d de Los Beatles cumple 50 a\u00f1os\u00bb \u2014    \" src=\"https:\/\/cronicasyversiones.com\/?p=21307&#038;embed=true#?secret=qp2PZmlUxq#?secret=4OtAsRXkaf\" data-secret=\"4OtAsRXkaf\" width=\"600\" height=\"338\" frameborder=\"0\" marginwidth=\"0\" marginheight=\"0\" scrolling=\"no\"><\/iframe><\/div>\n<p><strong>Bob Dylan<\/strong>\u00a0es sin duda el cantautor m\u00e1s influyente de la segunda mitad del siglo XX. A temprana edad comenz\u00f3 a tocar la guitarra, con la cual trataba de emular a sus \u00eddolos<strong>\u00a0Johnnie Ray, Hank Williams o Little Richard.<\/strong><\/p>\n<p>Su primer \u00e1lbum, de 1962, se titul\u00f3 Bob Dylan e inclu\u00eda versiones de cl\u00e1sicos de la m\u00fasica popular. Su siguiente trabajo,\u00a0<em><strong>\u201cFreewheelin\u201d<\/strong><\/em>\u00a0present\u00f3 trece canciones propias entre las que destacan cl\u00e1sicos, como\u00a0<strong>\u201c<\/strong><em><strong>Blowin\u2019 in the wind\u201d.<\/strong><\/em><\/p>\n<p>Su estilo, que inicialmente beb\u00eda de las fuentes del folk se electrific\u00f3 en 1965 con\u00a0<em><strong>\u201cHighway 61 Revisited\u201d,<\/strong><\/em>\u00a0considerado como uno de los discos m\u00e1s importantes de la historia de rock, y desde entonces desarroll\u00f3 una trayectoria fundamental.<\/p>\n<p><em><strong>LEA TAMBI\u00c9N:<\/strong><\/em><\/p>\n<div class=\"video-container\">\n<blockquote class=\"wp-embedded-content\" data-secret=\"Yw6Q8WKFmg\"><p><a href=\"https:\/\/cronicasyversiones.com\/?p=21373\">Una edici\u00f3n de lujo para celebrar los 50 a\u00f1os del primer disco de Creedence<\/a><\/p><\/blockquote>\n<p><iframe loading=\"lazy\" class=\"wp-embedded-content\" sandbox=\"allow-scripts\" security=\"restricted\" style=\"position: absolute; clip: rect(1px, 1px, 1px, 1px);\" title=\"\u00abUna edici\u00f3n de lujo para celebrar los 50 a\u00f1os del primer disco de Creedence\u00bb \u2014    \" src=\"https:\/\/cronicasyversiones.com\/?p=21373&#038;embed=true#?secret=PRszL3XG7C#?secret=Yw6Q8WKFmg\" data-secret=\"Yw6Q8WKFmg\" width=\"600\" height=\"338\" frameborder=\"0\" marginwidth=\"0\" marginheight=\"0\" scrolling=\"no\"><\/iframe><\/div>\n<p>Integrante del\u00a0<strong>Sal\u00f3n de la Fama del Rock and Roll,<\/strong>\u00a0<strong>Neil Young<\/strong> est\u00e1 considerado uno de los cantautores m\u00e1s importantes de la historia de rock.<\/p>\n<p>Este lugar en el bronce lo consigui\u00f3 por su extensa etapa como solista y a sus trabajos como miembro de\u00a0<strong>Buffalo Springfield\u00a0<\/strong>y<strong>de Crosby, Stills, Nash &amp; Young<\/strong>\u00a0(CSNY).<\/p>\n<p>El m\u00fasico canadiense,\u00a0 considerado ampliamente como uno de los m\u00e1s influyentes de su generaci\u00f3n, \u00a0lleva m\u00e1s de 45 a\u00f1os sobre los escenarios y\u00a0<strong>lleva registrados m\u00e1s de 50 \u00e1lbumes de estudio,<\/strong>\u00a0en los que buce\u00f3 en folk m\u00e1s ac\u00fastico y tambi\u00e9n en un sonido m\u00e1s duro y el\u00e9ctrico.<\/p>\n<p>A partir de los \u00b490 \u00a0adopt\u00f3 elementos de estilos como el grunge, y su influencia en bandas como Nirvana o Pearl Jam le vali\u00f3 el sobrenombre de\u00a0<strong>\u201cEl padrino del grunge\u201d.<\/strong><\/p>\n<div style=\"padding-bottom:20px; padding-top:10px;\" class=\"hupso-share-buttons\"><!-- Hupso Share Buttons - https:\/\/www.hupso.com\/share\/ --><a class=\"hupso_counters\" href=\"https:\/\/www.hupso.com\/share\/\"><img decoding=\"async\" src=\"http:\/\/static.hupso.com\/share\/buttons\/lang\/es\/share-small.png\" style=\"border:0px; padding-top:2px; float:left;\" alt=\"Share Button\"\/><\/a><script type=\"text\/javascript\">var hupso_services_c=new Array(\"twitter\",\"facebook_like\",\"google\");var hupso_counters_lang = \"es_LA\";var hupso_image_folder_url = \"\";var hupso_twitter_via=\"crsyvrs\";var hupso_url_c=\"\";<\/script><script type=\"text\/javascript\" src=\"http:\/\/static.hupso.com\/share\/js\/counters.js\"><\/script><!-- Hupso Share Buttons --><\/div> ","protected":false},"excerpt":{"rendered":"<div style=\"padding-bottom:20px; padding-top:10px;\" class=\"hupso-share-buttons\"><!-- Hupso Share Buttons - https:\/\/www.hupso.com\/share\/ --><a class=\"hupso_counters\" href=\"https:\/\/www.hupso.com\/share\/\"><img src=\"http:\/\/static.hupso.com\/share\/buttons\/lang\/es\/share-small.png\" style=\"border:0px; padding-top:2px; float:left;\" alt=\"Share Button\"\/><\/a><script type=\"text\/javascript\">var hupso_services_c=new Array(\"twitter\",\"facebook_like\",\"google\");var hupso_counters_lang = \"es_LA\";var hupso_image_folder_url = \"\";var hupso_twitter_via=\"crsyvrs\";var hupso_url_c=\"\";<\/script><script type=\"text\/javascript\" src=\"http:\/\/static.hupso.com\/share\/js\/counters.js\"><\/script><!-- Hupso Share Buttons --><\/div><p>El trovador estadounidense y el artista canadiense compartir\u00e1n el escenario del\u00a0Barclaycard&#8217;s Presents British Summer Time, en Londres.\u00a0 Los legendarios artistas\u00a0Bob Dylan y Neil Young compartir\u00e1n escenario el pr\u00f3ximo 12 de julio en la edici\u00f3n 2019 del Barclaycard&#8217;s Presents British&#46;&#46;&#46;<\/p>\n<div style=\"padding-bottom:20px; padding-top:10px;\" class=\"hupso-share-buttons\"><!-- Hupso Share Buttons - https:\/\/www.hupso.com\/share\/ --><a class=\"hupso_counters\" href=\"https:\/\/www.hupso.com\/share\/\"><img src=\"http:\/\/static.hupso.com\/share\/buttons\/lang\/es\/share-small.png\" style=\"border:0px; padding-top:2px; float:left;\" alt=\"Share Button\"\/><\/a><script type=\"text\/javascript\">var hupso_services_c=new Array(\"twitter\",\"facebook_like\",\"google\");var hupso_counters_lang = \"es_LA\";var hupso_image_folder_url = \"\";var hupso_twitter_via=\"crsyvrs\";var hupso_url_c=\"\";<\/script><script type=\"text\/javascript\" src=\"http:\/\/static.hupso.com\/share\/js\/counters.js\"><\/script><!-- Hupso Share Buttons --><\/div>","protected":false},"author":5,"featured_media":21420,"comment_status":"open","ping_status":"closed","sticky":false,"template":"","format":"standard","meta":{"footnotes":""},"categories":[3],"tags":[104,2300],"class_list":["post-21393","post","type-post","status-publish","format-standard","has-post-thumbnail","hentry","category-musica","tag-bob-dylan","tag-neil-young"],"_links":{"self":[{"href":"http:\/\/cronicasyversiones.com\/index.php?rest_route=\/wp\/v2\/posts\/21393","targetHints":{"allow":["GET"]}}],"collection":[{"href":"http:\/\/cronicasyversiones.com\/index.php?rest_route=\/wp\/v2\/posts"}],"about":[{"href":"http:\/\/cronicasyversiones.com\/index.php?rest_route=\/wp\/v2\/types\/post"}],"author":[{"embeddable":true,"href":"http:\/\/cronicasyversiones.com\/index.php?rest_route=\/wp\/v2\/users\/5"}],"replies":[{"embeddable":true,"href":"http:\/\/cronicasyversiones.com\/index.php?rest_route=%2Fwp%2Fv2%2Fcomments&post=21393"}],"version-history":[{"count":0,"href":"http:\/\/cronicasyversiones.com\/index.php?rest_route=\/wp\/v2\/posts\/21393\/revisions"}],"wp:featuredmedia":[{"embeddable":true,"href":"http:\/\/cronicasyversiones.com\/index.php?rest_route=\/wp\/v2\/media\/21420"}],"wp:attachment":[{"href":"http:\/\/cronicasyversiones.com\/index.php?rest_route=%2Fwp%2Fv2%2Fmedia&parent=21393"}],"wp:term":[{"taxonomy":"category","embeddable":true,"href":"http:\/\/cronicasyversiones.com\/index.php?rest_route=%2Fwp%2Fv2%2Fcategories&post=21393"},{"taxonomy":"post_tag","embeddable":true,"href":"http:\/\/cronicasyversiones.com\/index.php?rest_route=%2Fwp%2Fv2%2Ftags&post=21393"}],"curies":[{"name":"wp","href":"https:\/\/api.w.org\/{rel}","templated":true}]}}