{"id":21555,"date":"2018-12-13T20:02:30","date_gmt":"2018-12-13T23:02:30","guid":{"rendered":"http:\/\/cronicasyversiones.com\/?p=21555"},"modified":"2018-12-13T20:02:30","modified_gmt":"2018-12-13T23:02:30","slug":"radiohead-janet-jackson-y-the-cure-al-salon-de-fama-del-rock-roll","status":"publish","type":"post","link":"http:\/\/cronicasyversiones.com\/?p=21555","title":{"rendered":"Radiohead, Janet Jackson y The Cure, al Sal\u00f3n de Fama del Rock &#038; Roll"},"content":{"rendered":"<div style=\"padding-bottom:20px; padding-top:10px;\" class=\"hupso-share-buttons\"><!-- Hupso Share Buttons - https:\/\/www.hupso.com\/share\/ --><a class=\"hupso_counters\" href=\"https:\/\/www.hupso.com\/share\/\"><img decoding=\"async\" src=\"http:\/\/static.hupso.com\/share\/buttons\/lang\/es\/share-small.png\" style=\"border:0px; padding-top:2px; float:left;\" alt=\"Share Button\"\/><\/a><script type=\"text\/javascript\">var hupso_services_c=new Array(\"twitter\",\"facebook_like\",\"google\");var hupso_counters_lang = \"es_LA\";var hupso_image_folder_url = \"\";var hupso_twitter_via=\"crsyvrs\";var hupso_url_c=\"\";<\/script><script type=\"text\/javascript\" src=\"http:\/\/static.hupso.com\/share\/js\/counters.js\"><\/script><!-- Hupso Share Buttons --><\/div><h2>Estos artistas junto a The Zombies, Def Leppard, Roxy Music y Stevie Nicks ocupar\u00e1n un lugar en este emblem\u00e1tico espacio ubicado en Ohio.<\/h2>\n<p><img loading=\"lazy\" decoding=\"async\" class=\" wp-image-21556 aligncenter\" src=\"http:\/\/cronicasyversiones.com\/wp-content\/uploads\/2018\/12\/janet.jpg\" alt=\"\" width=\"752\" height=\"564\" srcset=\"http:\/\/cronicasyversiones.com\/wp-content\/uploads\/2018\/12\/janet.jpg 1000w, http:\/\/cronicasyversiones.com\/wp-content\/uploads\/2018\/12\/janet-300x225.jpg 300w, http:\/\/cronicasyversiones.com\/wp-content\/uploads\/2018\/12\/janet-768x576.jpg 768w, http:\/\/cronicasyversiones.com\/wp-content\/uploads\/2018\/12\/janet-640x480.jpg 640w\" sizes=\"auto, (max-width: 752px) 100vw, 752px\" \/><\/p>\n<p><strong>Radiohead, Janet Jackson y The Cure<\/strong> son tres de los artistas que se incorporar\u00e1n en 2019 al <strong>Sal\u00f3n de la Fama del Rock &amp; Roll,<\/strong> junto a otras legendarias bandas.<\/p>\n<p>Mientras que <strong>The Zombies, Def Leppard y Roxy Music<\/strong> tambi\u00e9n ocupar\u00e1n un lugar en este emblem\u00e1tico espacio ubicado en Ohio, despu\u00e9s de que hayan vencido en una votaci\u00f3n que incluy\u00f3 a 15 candidatos.<\/p>\n<p>Stevie Nicks, la ex vocalista de <strong>Fleetwood Mac,<\/strong> cierra la lista de incorporaciones con la que ser\u00e1 su segunda entrada despu\u00e9s de que lo hiciera junto a su banda en 1998.<\/p>\n<p>Un artista puede ser candidato para recibir este honor una vez que hayan transcurrido al menos 25 a\u00f1os despu\u00e9s del lanzamiento de su primer sencillo o \u00e1lbum comercial.<\/p>\n<div class=\"video-container\">\n<blockquote class=\"wp-embedded-content\" data-secret=\"HO0XsrIVvQ\"><p><a href=\"http:\/\/cronicasyversiones.com\/?p=21451\">Paul McCartney vuelve a la Argentina<\/a><\/p><\/blockquote>\n<p><iframe loading=\"lazy\" class=\"wp-embedded-content\" sandbox=\"allow-scripts\" security=\"restricted\" style=\"position: absolute; clip: rect(1px, 1px, 1px, 1px);\" title=\"\u00abPaul McCartney vuelve a la Argentina\u00bb \u2014    \" src=\"http:\/\/cronicasyversiones.com\/?p=21451&#038;embed=true#?secret=JnQM82pshA#?secret=HO0XsrIVvQ\" data-secret=\"HO0XsrIVvQ\" width=\"600\" height=\"338\" frameborder=\"0\" marginwidth=\"0\" marginheight=\"0\" scrolling=\"no\"><\/iframe><\/div>\n<p>De esta forma Radiohead, la banda liderada por Thom Yorke, es la agrupaci\u00f3n m\u00e1s joven de la lista, ya que su primera nominaci\u00f3n se produjo en 2017, a\u00f1o en el que cumplieron con las condiciones de acceso.<\/p>\n<p>Un total de 323 artistas han sido reconocidos por el \u00abHall\u00bb desde 1986, que celebrar\u00e1 una ceremonia el pr\u00f3ximo 29 de marzo en Nueva York para dar la bienvenida a los nuevos homenajeados.<\/p>\n<div style=\"padding-bottom:20px; padding-top:10px;\" class=\"hupso-share-buttons\"><!-- Hupso Share Buttons - https:\/\/www.hupso.com\/share\/ --><a class=\"hupso_counters\" href=\"https:\/\/www.hupso.com\/share\/\"><img decoding=\"async\" src=\"http:\/\/static.hupso.com\/share\/buttons\/lang\/es\/share-small.png\" style=\"border:0px; padding-top:2px; float:left;\" alt=\"Share Button\"\/><\/a><script type=\"text\/javascript\">var hupso_services_c=new Array(\"twitter\",\"facebook_like\",\"google\");var hupso_counters_lang = \"es_LA\";var hupso_image_folder_url = \"\";var hupso_twitter_via=\"crsyvrs\";var hupso_url_c=\"\";<\/script><script type=\"text\/javascript\" src=\"http:\/\/static.hupso.com\/share\/js\/counters.js\"><\/script><!-- Hupso Share Buttons --><\/div> ","protected":false},"excerpt":{"rendered":"<div style=\"padding-bottom:20px; padding-top:10px;\" class=\"hupso-share-buttons\"><!-- Hupso Share Buttons - https:\/\/www.hupso.com\/share\/ --><a class=\"hupso_counters\" href=\"https:\/\/www.hupso.com\/share\/\"><img src=\"http:\/\/static.hupso.com\/share\/buttons\/lang\/es\/share-small.png\" style=\"border:0px; padding-top:2px; float:left;\" alt=\"Share Button\"\/><\/a><script type=\"text\/javascript\">var hupso_services_c=new Array(\"twitter\",\"facebook_like\",\"google\");var hupso_counters_lang = \"es_LA\";var hupso_image_folder_url = \"\";var hupso_twitter_via=\"crsyvrs\";var hupso_url_c=\"\";<\/script><script type=\"text\/javascript\" src=\"http:\/\/static.hupso.com\/share\/js\/counters.js\"><\/script><!-- Hupso Share Buttons --><\/div><p>Estos artistas junto a The Zombies, Def Leppard, Roxy Music y Stevie Nicks ocupar\u00e1n un lugar en este emblem\u00e1tico espacio ubicado en Ohio. Radiohead, Janet Jackson y The Cure son tres de los artistas que se incorporar\u00e1n en 2019&#46;&#46;&#46;<\/p>\n<div style=\"padding-bottom:20px; padding-top:10px;\" class=\"hupso-share-buttons\"><!-- Hupso Share Buttons - https:\/\/www.hupso.com\/share\/ --><a class=\"hupso_counters\" href=\"https:\/\/www.hupso.com\/share\/\"><img src=\"http:\/\/static.hupso.com\/share\/buttons\/lang\/es\/share-small.png\" style=\"border:0px; padding-top:2px; float:left;\" alt=\"Share Button\"\/><\/a><script type=\"text\/javascript\">var hupso_services_c=new Array(\"twitter\",\"facebook_like\",\"google\");var hupso_counters_lang = \"es_LA\";var hupso_image_folder_url = \"\";var hupso_twitter_via=\"crsyvrs\";var hupso_url_c=\"\";<\/script><script type=\"text\/javascript\" src=\"http:\/\/static.hupso.com\/share\/js\/counters.js\"><\/script><!-- Hupso Share Buttons --><\/div>","protected":false},"author":5,"featured_media":21556,"comment_status":"open","ping_status":"closed","sticky":false,"template":"","format":"standard","meta":{"footnotes":""},"categories":[3],"tags":[9078,2172,3325],"class_list":["post-21555","post","type-post","status-publish","format-standard","has-post-thumbnail","hentry","category-musica","tag-janet-jackson","tag-radiohead","tag-the-cure"],"_links":{"self":[{"href":"http:\/\/cronicasyversiones.com\/index.php?rest_route=\/wp\/v2\/posts\/21555","targetHints":{"allow":["GET"]}}],"collection":[{"href":"http:\/\/cronicasyversiones.com\/index.php?rest_route=\/wp\/v2\/posts"}],"about":[{"href":"http:\/\/cronicasyversiones.com\/index.php?rest_route=\/wp\/v2\/types\/post"}],"author":[{"embeddable":true,"href":"http:\/\/cronicasyversiones.com\/index.php?rest_route=\/wp\/v2\/users\/5"}],"replies":[{"embeddable":true,"href":"http:\/\/cronicasyversiones.com\/index.php?rest_route=%2Fwp%2Fv2%2Fcomments&post=21555"}],"version-history":[{"count":0,"href":"http:\/\/cronicasyversiones.com\/index.php?rest_route=\/wp\/v2\/posts\/21555\/revisions"}],"wp:featuredmedia":[{"embeddable":true,"href":"http:\/\/cronicasyversiones.com\/index.php?rest_route=\/wp\/v2\/media\/21556"}],"wp:attachment":[{"href":"http:\/\/cronicasyversiones.com\/index.php?rest_route=%2Fwp%2Fv2%2Fmedia&parent=21555"}],"wp:term":[{"taxonomy":"category","embeddable":true,"href":"http:\/\/cronicasyversiones.com\/index.php?rest_route=%2Fwp%2Fv2%2Fcategories&post=21555"},{"taxonomy":"post_tag","embeddable":true,"href":"http:\/\/cronicasyversiones.com\/index.php?rest_route=%2Fwp%2Fv2%2Ftags&post=21555"}],"curies":[{"name":"wp","href":"https:\/\/api.w.org\/{rel}","templated":true}]}}