{"id":21595,"date":"2018-12-17T11:18:29","date_gmt":"2018-12-17T14:18:29","guid":{"rendered":"http:\/\/cronicasyversiones.com\/?p=21595"},"modified":"2018-12-17T13:59:49","modified_gmt":"2018-12-17T16:59:49","slug":"las-fotos-de-horacio-quiroga-en-la-selva-misionera-en-la-biblioteca-nacional","status":"publish","type":"post","link":"http:\/\/cronicasyversiones.com\/?p=21595","title":{"rendered":"Las fotos de Horacio Quiroga en la selva misionera, en la Biblioteca Nacional"},"content":{"rendered":"<div style=\"padding-bottom:20px; padding-top:10px;\" class=\"hupso-share-buttons\"><!-- Hupso Share Buttons - https:\/\/www.hupso.com\/share\/ --><a class=\"hupso_counters\" href=\"https:\/\/www.hupso.com\/share\/\"><img decoding=\"async\" src=\"http:\/\/static.hupso.com\/share\/buttons\/lang\/es\/share-small.png\" style=\"border:0px; padding-top:2px; float:left;\" alt=\"Share Button\"\/><\/a><script type=\"text\/javascript\">var hupso_services_c=new Array(\"twitter\",\"facebook_like\",\"google\");var hupso_counters_lang = \"es_LA\";var hupso_image_folder_url = \"\";var hupso_twitter_via=\"crsyvrs\";var hupso_url_c=\"\";<\/script><script type=\"text\/javascript\" src=\"http:\/\/static.hupso.com\/share\/js\/counters.js\"><\/script><!-- Hupso Share Buttons --><\/div><h2>La exposici\u00f3n es un recorrido visual de la residencia del autor de \u201cCuentos de la selva\u201d\u00a0 cerca de las ruinas jesu\u00edticas, que se convirti\u00f3 en su laboratorio literario y fotogr\u00e1fico.<\/h2>\n<p><img loading=\"lazy\" decoding=\"async\" class=\" wp-image-21596 aligncenter\" src=\"http:\/\/cronicasyversiones.com\/wp-content\/uploads\/2018\/12\/quiroga.jpg\" alt=\"\" width=\"633\" height=\"456\" srcset=\"http:\/\/cronicasyversiones.com\/wp-content\/uploads\/2018\/12\/quiroga.jpg 480w, http:\/\/cronicasyversiones.com\/wp-content\/uploads\/2018\/12\/quiroga-300x216.jpg 300w\" sizes=\"auto, (max-width: 633px) 100vw, 633px\" \/><\/p>\n<p>Una muestra de fotograf\u00edas que pertenecieron al fondo del escritor <strong>Horacio Quiroga,<\/strong> pero que no se sabe a ciencia cierta si son de su autor\u00eda, est\u00e1n en exhibici\u00f3n en la <strong>Biblioteca Nacional<\/strong> hasta \u00a0febrero, donde el p\u00fablico podr\u00e1 recorrer el registro visual de su residencia en la selva misionera, la misma que ambient\u00f3 en el libro \u00abCuentos de la selva\u00bb.<\/p>\n<p><strong>Horacio Quiroga<\/strong>, nacido en Uruguay en 1878 y fallecido en 1937 en Buenos Aires despu\u00e9s de beber un vaso de cianuro, lleg\u00f3 a la selva misionera como fot\u00f3grafo, acompa\u00f1ando al poeta Leopoldo Lugones en un relevamiento de las ruinas jesu\u00edticas de la zona.<\/p>\n<p>Fascinado por el paisaje, poco despu\u00e9s el escritor se estableci\u00f3 en un lugar cerca de <strong>San Ignacio, Misiones,<\/strong> que se convirti\u00f3 en su laboratorio literario y fotogr\u00e1fico. .<\/p>\n<p>All\u00ed vivi\u00f3 entre 1909 y 1916 con su primera esposa, Ana Mar\u00eda Cir\u00e9s, y entre 1932 y 1936 con Mar\u00eda Elena Bravo, su segunda compa\u00f1era.<\/p>\n<p>Las fotograf\u00edas que integran el archivo de esa locaci\u00f3n ingresaron a la Biblioteca Nacional sin firma de autor pero se presume que son im\u00e1genes realizadas por el escritor as\u00ed como tambi\u00e9n por su primera esposa.<\/p>\n<p>La exposici\u00f3n las exhibe en una muestra que lleva por t\u00edtulo <em><strong>\u00abHoracio Quiroga. Del banquete a la selva. Fotos de una vida\u201d<\/strong><\/em> y que se puede visitar hasta el 11 de febrero en la Biblioteca Nacional, de lunes a domingo de 11 a 19, con entrada gratuita en Ag\u00fcero 2502.<\/p>\n<p><em><strong>LEA TAMBI\u00c9N:\u00a0<\/strong><\/em><\/p>\n<div class=\"video-container\">\n<blockquote class=\"wp-embedded-content\" data-secret=\"Xn4xyYB9ca\"><p><a href=\"http:\/\/cronicasyversiones.com\/?p=21529\">El Museo de Bellas Artes vuelve a exhibir las fotograf\u00edas de su colecci\u00f3n<\/a><\/p><\/blockquote>\n<p><iframe loading=\"lazy\" class=\"wp-embedded-content\" sandbox=\"allow-scripts\" security=\"restricted\" style=\"position: absolute; clip: rect(1px, 1px, 1px, 1px);\" title=\"\u00abEl Museo de Bellas Artes vuelve a exhibir las fotograf\u00edas de su colecci\u00f3n\u00bb \u2014    \" src=\"http:\/\/cronicasyversiones.com\/?p=21529&#038;embed=true#?secret=N5gtLKft9p#?secret=Xn4xyYB9ca\" data-secret=\"Xn4xyYB9ca\" width=\"600\" height=\"338\" frameborder=\"0\" marginwidth=\"0\" marginheight=\"0\" scrolling=\"no\"><\/iframe><\/div>\n<p>Nacido en la ciudad uruguaya de Salto como <strong>Horacio Silvestre Quiroga Forteza<\/strong> en 1878,\u00a0 fue un destacado cuentista, dramaturgo y poeta y el maestro del cuento latinoamericano, de prosa v\u00edvida, naturalista y modernista.<\/p>\n<p>Sus relatos, que a menudo retratan a la naturaleza bajo rasgos temibles y horrorosos, y como enemiga del ser humano, le valieron ser comparado con el estadounidense <strong>Edgar Allan Poe.<\/strong><\/p>\n<p>La vida de Quiroga, marcada por la tragedia, los accidentes y los suicidios, culmin\u00f3 por decisi\u00f3n propia, cuando bebi\u00f3 un vaso de cianuro en el Hospital de Cl\u00ednicas de la ciudad de Buenos Aires a los 58 a\u00f1os de edad, despu\u00e9s de enterarse de que padec\u00eda c\u00e1ncer de pr\u00f3stata.<\/p>\n<div style=\"padding-bottom:20px; padding-top:10px;\" class=\"hupso-share-buttons\"><!-- Hupso Share Buttons - https:\/\/www.hupso.com\/share\/ --><a class=\"hupso_counters\" href=\"https:\/\/www.hupso.com\/share\/\"><img decoding=\"async\" src=\"http:\/\/static.hupso.com\/share\/buttons\/lang\/es\/share-small.png\" style=\"border:0px; padding-top:2px; float:left;\" alt=\"Share Button\"\/><\/a><script type=\"text\/javascript\">var hupso_services_c=new Array(\"twitter\",\"facebook_like\",\"google\");var hupso_counters_lang = \"es_LA\";var hupso_image_folder_url = \"\";var hupso_twitter_via=\"crsyvrs\";var hupso_url_c=\"\";<\/script><script type=\"text\/javascript\" src=\"http:\/\/static.hupso.com\/share\/js\/counters.js\"><\/script><!-- Hupso Share Buttons --><\/div> ","protected":false},"excerpt":{"rendered":"<div style=\"padding-bottom:20px; padding-top:10px;\" class=\"hupso-share-buttons\"><!-- Hupso Share Buttons - https:\/\/www.hupso.com\/share\/ --><a class=\"hupso_counters\" href=\"https:\/\/www.hupso.com\/share\/\"><img src=\"http:\/\/static.hupso.com\/share\/buttons\/lang\/es\/share-small.png\" style=\"border:0px; padding-top:2px; float:left;\" alt=\"Share Button\"\/><\/a><script type=\"text\/javascript\">var hupso_services_c=new Array(\"twitter\",\"facebook_like\",\"google\");var hupso_counters_lang = \"es_LA\";var hupso_image_folder_url = \"\";var hupso_twitter_via=\"crsyvrs\";var hupso_url_c=\"\";<\/script><script type=\"text\/javascript\" src=\"http:\/\/static.hupso.com\/share\/js\/counters.js\"><\/script><!-- Hupso Share Buttons --><\/div><p>La exposici\u00f3n es un recorrido visual de la residencia del autor de \u201cCuentos de la selva\u201d\u00a0 cerca de las ruinas jesu\u00edticas, que se convirti\u00f3 en su laboratorio literario y fotogr\u00e1fico. Una muestra de fotograf\u00edas que pertenecieron al fondo del&#46;&#46;&#46;<\/p>\n<div style=\"padding-bottom:20px; padding-top:10px;\" class=\"hupso-share-buttons\"><!-- Hupso Share Buttons - https:\/\/www.hupso.com\/share\/ --><a class=\"hupso_counters\" href=\"https:\/\/www.hupso.com\/share\/\"><img src=\"http:\/\/static.hupso.com\/share\/buttons\/lang\/es\/share-small.png\" style=\"border:0px; padding-top:2px; float:left;\" alt=\"Share Button\"\/><\/a><script type=\"text\/javascript\">var hupso_services_c=new Array(\"twitter\",\"facebook_like\",\"google\");var hupso_counters_lang = \"es_LA\";var hupso_image_folder_url = \"\";var hupso_twitter_via=\"crsyvrs\";var hupso_url_c=\"\";<\/script><script type=\"text\/javascript\" src=\"http:\/\/static.hupso.com\/share\/js\/counters.js\"><\/script><!-- Hupso Share Buttons --><\/div>","protected":false},"author":5,"featured_media":21596,"comment_status":"open","ping_status":"closed","sticky":false,"template":"","format":"standard","meta":{"footnotes":""},"categories":[8,7],"tags":[2046,1976],"class_list":["post-21595","post","type-post","status-publish","format-standard","has-post-thumbnail","hentry","category-artes-plasticas","category-literatura","tag-biblioteca-nacional","tag-horacio-quiroga"],"_links":{"self":[{"href":"http:\/\/cronicasyversiones.com\/index.php?rest_route=\/wp\/v2\/posts\/21595","targetHints":{"allow":["GET"]}}],"collection":[{"href":"http:\/\/cronicasyversiones.com\/index.php?rest_route=\/wp\/v2\/posts"}],"about":[{"href":"http:\/\/cronicasyversiones.com\/index.php?rest_route=\/wp\/v2\/types\/post"}],"author":[{"embeddable":true,"href":"http:\/\/cronicasyversiones.com\/index.php?rest_route=\/wp\/v2\/users\/5"}],"replies":[{"embeddable":true,"href":"http:\/\/cronicasyversiones.com\/index.php?rest_route=%2Fwp%2Fv2%2Fcomments&post=21595"}],"version-history":[{"count":0,"href":"http:\/\/cronicasyversiones.com\/index.php?rest_route=\/wp\/v2\/posts\/21595\/revisions"}],"wp:featuredmedia":[{"embeddable":true,"href":"http:\/\/cronicasyversiones.com\/index.php?rest_route=\/wp\/v2\/media\/21596"}],"wp:attachment":[{"href":"http:\/\/cronicasyversiones.com\/index.php?rest_route=%2Fwp%2Fv2%2Fmedia&parent=21595"}],"wp:term":[{"taxonomy":"category","embeddable":true,"href":"http:\/\/cronicasyversiones.com\/index.php?rest_route=%2Fwp%2Fv2%2Fcategories&post=21595"},{"taxonomy":"post_tag","embeddable":true,"href":"http:\/\/cronicasyversiones.com\/index.php?rest_route=%2Fwp%2Fv2%2Ftags&post=21595"}],"curies":[{"name":"wp","href":"https:\/\/api.w.org\/{rel}","templated":true}]}}