{"id":21665,"date":"2018-12-24T14:14:09","date_gmt":"2018-12-24T17:14:09","guid":{"rendered":"http:\/\/cronicasyversiones.com\/?p=21665"},"modified":"2018-12-24T14:14:09","modified_gmt":"2018-12-24T17:14:09","slug":"murio-osvaldo-bayer","status":"publish","type":"post","link":"http:\/\/cronicasyversiones.com\/?p=21665","title":{"rendered":"Muri\u00f3 Osvaldo Bayer"},"content":{"rendered":"<div style=\"padding-bottom:20px; padding-top:10px;\" class=\"hupso-share-buttons\"><!-- Hupso Share Buttons - https:\/\/www.hupso.com\/share\/ --><a class=\"hupso_counters\" href=\"https:\/\/www.hupso.com\/share\/\"><img decoding=\"async\" src=\"http:\/\/static.hupso.com\/share\/buttons\/lang\/es\/share-small.png\" style=\"border:0px; padding-top:2px; float:left;\" alt=\"Share Button\"\/><\/a><script type=\"text\/javascript\">var hupso_services_c=new Array(\"twitter\",\"facebook_like\",\"google\");var hupso_counters_lang = \"es_LA\";var hupso_image_folder_url = \"\";var hupso_twitter_via=\"crsyvrs\";var hupso_url_c=\"\";<\/script><script type=\"text\/javascript\" src=\"http:\/\/static.hupso.com\/share\/js\/counters.js\"><\/script><!-- Hupso Share Buttons --><\/div><h2>El historiador y periodista, portador\u00a0\u00a0constante coherencia en defender las causas de los exclu\u00eddos, explotados y mansillados por el poder, falleci\u00f3 a los 91 a\u00f1os.<\/h2>\n<p><img loading=\"lazy\" decoding=\"async\" class=\"wp-image-21666 aligncenter\" src=\"http:\/\/cronicasyversiones.com\/wp-content\/uploads\/2018\/12\/Osvaldo-Bayer-Mu\u00f1oz.jpg\" alt=\"\" width=\"750\" height=\"453\" srcset=\"http:\/\/cronicasyversiones.com\/wp-content\/uploads\/2018\/12\/Osvaldo-Bayer-Mu\u00f1oz.jpg 800w, http:\/\/cronicasyversiones.com\/wp-content\/uploads\/2018\/12\/Osvaldo-Bayer-Mu\u00f1oz-300x181.jpg 300w, http:\/\/cronicasyversiones.com\/wp-content\/uploads\/2018\/12\/Osvaldo-Bayer-Mu\u00f1oz-768x464.jpg 768w\" sizes=\"auto, (max-width: 750px) 100vw, 750px\" \/><\/p>\n<p>El historiador y periodista <strong>Osvaldo Bayer<\/strong> falleci\u00f3 este lunes a los 91 a\u00f1os, seg\u00fan inform\u00f3 su hija Ana Bauer en su p\u00e1gina oficial de Facebook.<\/p>\n<p>Bayer se caracteriz\u00f3 por su constante coherencia en defender las causas de los exclu\u00eddos, explotados y mansillados por el poder, que plasm\u00f3 en ensayos como <em><strong>\u00abLos Vengadores de la Patagonia Tr\u00e1gica\u00bb,<\/strong><\/em> que fue llevada al cine, en la d\u00e9cada del 70, por H\u00e9ctor Olivera.<\/p>\n<p>Naci\u00f3 en la ciudad de Santa Fe el 18 de febrero de 1927. Es el autor de obras imprescindibles,\u00a0 como \u201c<em><strong>Los vengadores de la Patagonia tr\u00e1gica\u201d, \u201cRebeld\u00eda y esperanza, Severino Di Giovanni\u201d, \u201cLa Patagonia Rebelde\u201d <\/strong>y<strong> \u201cLos anarquistas expropiadores y otros ensayos\u201d,<\/strong><\/em> entre muchas m\u00e1s.<\/p>\n<p>Tambi\u00e9n incursion\u00f3 en la ficci\u00f3n con la novela<em><strong> \u201cRainer y Minou\u201d<\/strong><\/em>. Fue traductor del alem\u00e1n de obras de Johann Wolfgang von Goethe, Franz Kafka, Bertolt Brecht y otros autores.<\/p>\n<p>Adem\u00e1s, es autor de los guiones cinematogr\u00e1ficos de<em><strong> \u201cLa Patagonia rebelde\u201d<\/strong> <\/em>(Oso de Plata, del Festival de Cine de Berl\u00edn), \u201cAwka Liwen \u2013 Rebelde amanecer\u201d, \u201cSin querer\u201d y \u201cF\u00fatbol argentino\u201d, entre otras participaciones en la pantalla grande, como en su rol de entrevista en varios documentales.<\/p>\n<p>Hasta la fecha se mantuvo permanentemente involucrado en la lucha por las reivindicaciones de las luchas obreras y de los Pueblos Originarios argentinos, y el desenmascaramiento de figuras hist\u00f3ricas consideradas por \u00e9l como genocidas, Federico Rauch y Julio Argentino Roca.<\/p>\n<p>Fue Profesor Honorario, titular de la C\u00e1tedra Libre de Derechos Humanos de la Facultad de Filosof\u00eda y Letras de la UBA. Es doctor (hc) de las universidades del Comahue y de la Patagonia Austral. En 2007 fue distinguido en la Feria del Libro de Buenos Aires.<\/p>\n<p>En 1958 fund\u00f3 La Chispa, al que \u00e9l mismo denomin\u00f3 como<em><strong> \u201cel primer peri\u00f3dico independiente de la Patagonia\u201d.<\/strong><\/em> Un a\u00f1o despu\u00e9s fue acusado de difundir informaci\u00f3n estrat\u00e9gica en un punto fronterizo, y es obligado por la Gendarmer\u00eda a punta de pistola, a abandonar Esquel. Luego, de 1959 a 1962, fue secretario general del Sindicato de Prensa.<\/p>\n<p>En el periodismo trabaj\u00f3 en Noticias Gr\u00e1ficas, en Esquel; fue secretario de Redacci\u00f3n de Clar\u00edn y colabor\u00f3 en P\u00e1gina\/12. Tambi\u00e9n estuvo al frente de su propio ciclo televisivo, <em><strong>\u201cMundo Bayer\u201d<\/strong><\/em>, en el canal Encuentro, donde cont\u00f3 jugosas an\u00e9cdotas de su vida personal y reivindic\u00f3 a distintos m\u00e1rtires y luchadores.<\/p>\n<p>Hincha de Rosario Central y entra\u00f1able amigo de <strong>Osvaldo Soriano y Rodolfo Walsh,<\/strong> tambi\u00e9n, vivi\u00f3 tambi\u00e9n la experiencia del exilio y de la prohibici\u00f3n de sus obras, cuando por segunda vez fue amenazado de muerte. Las amenazas de la Alianza Anticomunista Argentina, dirigida por Jos\u00e9 L\u00f3pez Rega, provocaron su exilio en Berl\u00edn desde 1975, el cual mantuvo hasta la ca\u00edda de la posterior dictadura militar en 1983.<\/p>\n<p>Su experiencia de la emigraci\u00f3n en Alemania, la tierra de sus antepasados, fue capaz de vitalizar tanto su propia identidad argentina como las arterias de su secreta comunicaci\u00f3n con la vieja tierra europea.<\/p>\n<div style=\"padding-bottom:20px; padding-top:10px;\" class=\"hupso-share-buttons\"><!-- Hupso Share Buttons - https:\/\/www.hupso.com\/share\/ --><a class=\"hupso_counters\" href=\"https:\/\/www.hupso.com\/share\/\"><img decoding=\"async\" src=\"http:\/\/static.hupso.com\/share\/buttons\/lang\/es\/share-small.png\" style=\"border:0px; padding-top:2px; float:left;\" alt=\"Share Button\"\/><\/a><script type=\"text\/javascript\">var hupso_services_c=new Array(\"twitter\",\"facebook_like\",\"google\");var hupso_counters_lang = \"es_LA\";var hupso_image_folder_url = \"\";var hupso_twitter_via=\"crsyvrs\";var hupso_url_c=\"\";<\/script><script type=\"text\/javascript\" src=\"http:\/\/static.hupso.com\/share\/js\/counters.js\"><\/script><!-- Hupso Share Buttons --><\/div> ","protected":false},"excerpt":{"rendered":"<div style=\"padding-bottom:20px; padding-top:10px;\" class=\"hupso-share-buttons\"><!-- Hupso Share Buttons - https:\/\/www.hupso.com\/share\/ --><a class=\"hupso_counters\" href=\"https:\/\/www.hupso.com\/share\/\"><img src=\"http:\/\/static.hupso.com\/share\/buttons\/lang\/es\/share-small.png\" style=\"border:0px; padding-top:2px; float:left;\" alt=\"Share Button\"\/><\/a><script type=\"text\/javascript\">var hupso_services_c=new Array(\"twitter\",\"facebook_like\",\"google\");var hupso_counters_lang = \"es_LA\";var hupso_image_folder_url = \"\";var hupso_twitter_via=\"crsyvrs\";var hupso_url_c=\"\";<\/script><script type=\"text\/javascript\" src=\"http:\/\/static.hupso.com\/share\/js\/counters.js\"><\/script><!-- Hupso Share Buttons --><\/div><p>El historiador y periodista, portador\u00a0\u00a0constante coherencia en defender las causas de los exclu\u00eddos, explotados y mansillados por el poder, falleci\u00f3 a los 91 a\u00f1os. El historiador y periodista Osvaldo Bayer falleci\u00f3 este lunes a los 91 a\u00f1os, seg\u00fan inform\u00f3&#46;&#46;&#46;<\/p>\n<div style=\"padding-bottom:20px; padding-top:10px;\" class=\"hupso-share-buttons\"><!-- Hupso Share Buttons - https:\/\/www.hupso.com\/share\/ --><a class=\"hupso_counters\" href=\"https:\/\/www.hupso.com\/share\/\"><img src=\"http:\/\/static.hupso.com\/share\/buttons\/lang\/es\/share-small.png\" style=\"border:0px; padding-top:2px; float:left;\" alt=\"Share Button\"\/><\/a><script type=\"text\/javascript\">var hupso_services_c=new Array(\"twitter\",\"facebook_like\",\"google\");var hupso_counters_lang = \"es_LA\";var hupso_image_folder_url = \"\";var hupso_twitter_via=\"crsyvrs\";var hupso_url_c=\"\";<\/script><script type=\"text\/javascript\" src=\"http:\/\/static.hupso.com\/share\/js\/counters.js\"><\/script><!-- Hupso Share Buttons --><\/div>","protected":false},"author":5,"featured_media":21666,"comment_status":"open","ping_status":"closed","sticky":false,"template":"","format":"standard","meta":{"footnotes":""},"categories":[7,9],"tags":[2407],"class_list":["post-21665","post","type-post","status-publish","format-standard","has-post-thumbnail","hentry","category-literatura","category-sociedad","tag-osvaldo-bayer"],"_links":{"self":[{"href":"http:\/\/cronicasyversiones.com\/index.php?rest_route=\/wp\/v2\/posts\/21665","targetHints":{"allow":["GET"]}}],"collection":[{"href":"http:\/\/cronicasyversiones.com\/index.php?rest_route=\/wp\/v2\/posts"}],"about":[{"href":"http:\/\/cronicasyversiones.com\/index.php?rest_route=\/wp\/v2\/types\/post"}],"author":[{"embeddable":true,"href":"http:\/\/cronicasyversiones.com\/index.php?rest_route=\/wp\/v2\/users\/5"}],"replies":[{"embeddable":true,"href":"http:\/\/cronicasyversiones.com\/index.php?rest_route=%2Fwp%2Fv2%2Fcomments&post=21665"}],"version-history":[{"count":0,"href":"http:\/\/cronicasyversiones.com\/index.php?rest_route=\/wp\/v2\/posts\/21665\/revisions"}],"wp:featuredmedia":[{"embeddable":true,"href":"http:\/\/cronicasyversiones.com\/index.php?rest_route=\/wp\/v2\/media\/21666"}],"wp:attachment":[{"href":"http:\/\/cronicasyversiones.com\/index.php?rest_route=%2Fwp%2Fv2%2Fmedia&parent=21665"}],"wp:term":[{"taxonomy":"category","embeddable":true,"href":"http:\/\/cronicasyversiones.com\/index.php?rest_route=%2Fwp%2Fv2%2Fcategories&post=21665"},{"taxonomy":"post_tag","embeddable":true,"href":"http:\/\/cronicasyversiones.com\/index.php?rest_route=%2Fwp%2Fv2%2Ftags&post=21665"}],"curies":[{"name":"wp","href":"https:\/\/api.w.org\/{rel}","templated":true}]}}