{"id":21686,"date":"2018-12-28T00:02:37","date_gmt":"2018-12-28T03:02:37","guid":{"rendered":"http:\/\/cronicasyversiones.com\/?p=21686"},"modified":"2018-12-27T22:11:59","modified_gmt":"2018-12-28T01:11:59","slug":"la-mezzosoprano-vera-cirkovic-llega-a-la-argentina","status":"publish","type":"post","link":"http:\/\/cronicasyversiones.com\/?p=21686","title":{"rendered":"La mezzosoprano Vera Cirkovic llega a la Argentina"},"content":{"rendered":"<div style=\"padding-bottom:20px; padding-top:10px;\" class=\"hupso-share-buttons\"><!-- Hupso Share Buttons - https:\/\/www.hupso.com\/share\/ --><a class=\"hupso_counters\" href=\"https:\/\/www.hupso.com\/share\/\"><img decoding=\"async\" src=\"http:\/\/static.hupso.com\/share\/buttons\/lang\/es\/share-small.png\" style=\"border:0px; padding-top:2px; float:left;\" alt=\"Share Button\"\/><\/a><script type=\"text\/javascript\">var hupso_services_c=new Array(\"twitter\",\"facebook_like\",\"google\");var hupso_counters_lang = \"es_LA\";var hupso_image_folder_url = \"\";var hupso_twitter_via=\"crsyvrs\";var hupso_url_c=\"\";<\/script><script type=\"text\/javascript\" src=\"http:\/\/static.hupso.com\/share\/js\/counters.js\"><\/script><!-- Hupso Share Buttons --><\/div><h2>La artista franco-yugoslava Cirkovic presentar\u00e1 su \u00e1lbum tributo a lo mejor de la canci\u00f3n francesa, \u201cEntre perros y lobos\u201d.<\/h2>\n<p><img loading=\"lazy\" decoding=\"async\" class=\"wp-image-21687 aligncenter\" src=\"http:\/\/cronicasyversiones.com\/wp-content\/uploads\/2018\/12\/vera-1024x768.jpg\" alt=\"\" width=\"750\" height=\"562\" srcset=\"http:\/\/cronicasyversiones.com\/wp-content\/uploads\/2018\/12\/vera.jpg 1024w, http:\/\/cronicasyversiones.com\/wp-content\/uploads\/2018\/12\/vera-300x225.jpg 300w, http:\/\/cronicasyversiones.com\/wp-content\/uploads\/2018\/12\/vera-768x576.jpg 768w, http:\/\/cronicasyversiones.com\/wp-content\/uploads\/2018\/12\/vera-640x480.jpg 640w\" sizes=\"auto, (max-width: 750px) 100vw, 750px\" \/><\/p>\n<p>La mezzosoprano franco-yugoslava <strong>Vera Cirkovic<\/strong> presentar\u00e1 su \u00e1lbum tributo a lo mejor de la canci\u00f3n francesa,<em><strong> \u201cEntre perros y lobos\u201d<\/strong><\/em>, los pr\u00f3ximos 10, 23 y 31 de enero a las 21 en <strong>El Camar\u00edn de las Musas<\/strong>, el espacio porte\u00f1o ubicado en Mario Bravo 960.<\/p>\n<p>El trabajo de la cantante, que tuvo ya varias presentaciones con localidades agotadas en 2018, cont\u00f3 con invitados de la talla de Gabo Ferro, Franco Luciani, V\u00edctor Torres y Dar\u00edo Volont\u00e9.<\/p>\n<p>Adem\u00e1s de sus recitales en El Camar\u00edn de las Musas, Vera Circovik trabaja en nuevas canciones propias y cl\u00e1sicos y ensaya para el musical <em><strong>\u201cA la folie\u201d<\/strong><\/em>, que la tendr\u00e1 tambi\u00e9n en enero junto con <strong>Jos\u00e9 Luis Barreto<\/strong> en Punta del Este.<\/p>\n<p><strong>LEA TAMBI\u00c9N:<\/strong><\/p>\n<div class=\"video-container\">\n<blockquote class=\"wp-embedded-content\" data-secret=\"HgoWAlFTn9\"><p><a href=\"http:\/\/cronicasyversiones.com\/?p=21583\">Tribalistas llega por primera vez a la Argentina<\/a><\/p><\/blockquote>\n<p><iframe loading=\"lazy\" class=\"wp-embedded-content\" sandbox=\"allow-scripts\" security=\"restricted\" style=\"position: absolute; clip: rect(1px, 1px, 1px, 1px);\" title=\"\u00abTribalistas llega por primera vez a la Argentina\u00bb \u2014    \" src=\"http:\/\/cronicasyversiones.com\/?p=21583&#038;embed=true#?secret=L5dVIDkpCB#?secret=HgoWAlFTn9\" data-secret=\"HgoWAlFTn9\" width=\"600\" height=\"338\" frameborder=\"0\" marginwidth=\"0\" marginheight=\"0\" scrolling=\"no\"><\/iframe><\/div>\n<p><strong>Vera Cirkovic<\/strong> inicia su formaci\u00f3n musical a los cuatro a\u00f1os estudiando piano, flauta traversa, arte dram\u00e1tico, baile clasico y canto. Finaliza sus estudios premiada del Conservatorio Nacional Superior de Paris\u201d.<\/p>\n<p>Estudi\u00f3 con Gabriel Bacquier, Juan Oncina en Barcelona, con Gina Cigna, Gino Becki, Loraine Nubar de la Juliard school y en la Opera Estudio de la Opera del Rhin con Susanne Sarroca.<\/p>\n<div style=\"padding-bottom:20px; padding-top:10px;\" class=\"hupso-share-buttons\"><!-- Hupso Share Buttons - https:\/\/www.hupso.com\/share\/ --><a class=\"hupso_counters\" href=\"https:\/\/www.hupso.com\/share\/\"><img decoding=\"async\" src=\"http:\/\/static.hupso.com\/share\/buttons\/lang\/es\/share-small.png\" style=\"border:0px; padding-top:2px; float:left;\" alt=\"Share Button\"\/><\/a><script type=\"text\/javascript\">var hupso_services_c=new Array(\"twitter\",\"facebook_like\",\"google\");var hupso_counters_lang = \"es_LA\";var hupso_image_folder_url = \"\";var hupso_twitter_via=\"crsyvrs\";var hupso_url_c=\"\";<\/script><script type=\"text\/javascript\" src=\"http:\/\/static.hupso.com\/share\/js\/counters.js\"><\/script><!-- Hupso Share Buttons --><\/div> ","protected":false},"excerpt":{"rendered":"<div style=\"padding-bottom:20px; padding-top:10px;\" class=\"hupso-share-buttons\"><!-- Hupso Share Buttons - https:\/\/www.hupso.com\/share\/ --><a class=\"hupso_counters\" href=\"https:\/\/www.hupso.com\/share\/\"><img src=\"http:\/\/static.hupso.com\/share\/buttons\/lang\/es\/share-small.png\" style=\"border:0px; padding-top:2px; float:left;\" alt=\"Share Button\"\/><\/a><script type=\"text\/javascript\">var hupso_services_c=new Array(\"twitter\",\"facebook_like\",\"google\");var hupso_counters_lang = \"es_LA\";var hupso_image_folder_url = \"\";var hupso_twitter_via=\"crsyvrs\";var hupso_url_c=\"\";<\/script><script type=\"text\/javascript\" src=\"http:\/\/static.hupso.com\/share\/js\/counters.js\"><\/script><!-- Hupso Share Buttons --><\/div><p>La artista franco-yugoslava Cirkovic presentar\u00e1 su \u00e1lbum tributo a lo mejor de la canci\u00f3n francesa, \u201cEntre perros y lobos\u201d. La mezzosoprano franco-yugoslava Vera Cirkovic presentar\u00e1 su \u00e1lbum tributo a lo mejor de la canci\u00f3n francesa, \u201cEntre perros y lobos\u201d,&#46;&#46;&#46;<\/p>\n<div style=\"padding-bottom:20px; padding-top:10px;\" class=\"hupso-share-buttons\"><!-- Hupso Share Buttons - https:\/\/www.hupso.com\/share\/ --><a class=\"hupso_counters\" href=\"https:\/\/www.hupso.com\/share\/\"><img src=\"http:\/\/static.hupso.com\/share\/buttons\/lang\/es\/share-small.png\" style=\"border:0px; padding-top:2px; float:left;\" alt=\"Share Button\"\/><\/a><script type=\"text\/javascript\">var hupso_services_c=new Array(\"twitter\",\"facebook_like\",\"google\");var hupso_counters_lang = \"es_LA\";var hupso_image_folder_url = \"\";var hupso_twitter_via=\"crsyvrs\";var hupso_url_c=\"\";<\/script><script type=\"text\/javascript\" src=\"http:\/\/static.hupso.com\/share\/js\/counters.js\"><\/script><!-- Hupso Share Buttons --><\/div>","protected":false},"author":5,"featured_media":21687,"comment_status":"open","ping_status":"closed","sticky":false,"template":"","format":"standard","meta":{"footnotes":""},"categories":[3],"tags":[9099],"class_list":["post-21686","post","type-post","status-publish","format-standard","has-post-thumbnail","hentry","category-musica","tag-vera-cirkovic"],"_links":{"self":[{"href":"http:\/\/cronicasyversiones.com\/index.php?rest_route=\/wp\/v2\/posts\/21686","targetHints":{"allow":["GET"]}}],"collection":[{"href":"http:\/\/cronicasyversiones.com\/index.php?rest_route=\/wp\/v2\/posts"}],"about":[{"href":"http:\/\/cronicasyversiones.com\/index.php?rest_route=\/wp\/v2\/types\/post"}],"author":[{"embeddable":true,"href":"http:\/\/cronicasyversiones.com\/index.php?rest_route=\/wp\/v2\/users\/5"}],"replies":[{"embeddable":true,"href":"http:\/\/cronicasyversiones.com\/index.php?rest_route=%2Fwp%2Fv2%2Fcomments&post=21686"}],"version-history":[{"count":0,"href":"http:\/\/cronicasyversiones.com\/index.php?rest_route=\/wp\/v2\/posts\/21686\/revisions"}],"wp:featuredmedia":[{"embeddable":true,"href":"http:\/\/cronicasyversiones.com\/index.php?rest_route=\/wp\/v2\/media\/21687"}],"wp:attachment":[{"href":"http:\/\/cronicasyversiones.com\/index.php?rest_route=%2Fwp%2Fv2%2Fmedia&parent=21686"}],"wp:term":[{"taxonomy":"category","embeddable":true,"href":"http:\/\/cronicasyversiones.com\/index.php?rest_route=%2Fwp%2Fv2%2Fcategories&post=21686"},{"taxonomy":"post_tag","embeddable":true,"href":"http:\/\/cronicasyversiones.com\/index.php?rest_route=%2Fwp%2Fv2%2Ftags&post=21686"}],"curies":[{"name":"wp","href":"https:\/\/api.w.org\/{rel}","templated":true}]}}