{"id":21708,"date":"2018-12-28T15:36:39","date_gmt":"2018-12-28T18:36:39","guid":{"rendered":"http:\/\/cronicasyversiones.com\/?p=21708"},"modified":"2018-12-28T15:36:39","modified_gmt":"2018-12-28T18:36:39","slug":"un-libro-compila-las-tiras-feministas-de-mafalda","status":"publish","type":"post","link":"http:\/\/cronicasyversiones.com\/?p=21708","title":{"rendered":"Un libro compila las tiras feministas de Mafalda"},"content":{"rendered":"<div style=\"padding-bottom:20px; padding-top:10px;\" class=\"hupso-share-buttons\"><!-- Hupso Share Buttons - https:\/\/www.hupso.com\/share\/ --><a class=\"hupso_counters\" href=\"https:\/\/www.hupso.com\/share\/\"><img decoding=\"async\" src=\"http:\/\/static.hupso.com\/share\/buttons\/lang\/es\/share-small.png\" style=\"border:0px; padding-top:2px; float:left;\" alt=\"Share Button\"\/><\/a><script type=\"text\/javascript\">var hupso_services_c=new Array(\"twitter\",\"facebook_like\",\"google\");var hupso_counters_lang = \"es_LA\";var hupso_image_folder_url = \"\";var hupso_twitter_via=\"crsyvrs\";var hupso_url_c=\"\";<\/script><script type=\"text\/javascript\" src=\"http:\/\/static.hupso.com\/share\/js\/counters.js\"><\/script><!-- Hupso Share Buttons --><\/div><h2>En \u00abFemenino Singular\u00bb por primeras vez se re\u00fanen las vi\u00f1etas creadas por Quino sobre esta tem\u00e1tica.<\/h2>\n<p><img loading=\"lazy\" decoding=\"async\" class=\"size-full wp-image-21711 aligncenter\" src=\"http:\/\/cronicasyversiones.com\/wp-content\/uploads\/2018\/12\/mafalda.jpg\" alt=\"\" width=\"750\" height=\"545\" srcset=\"http:\/\/cronicasyversiones.com\/wp-content\/uploads\/2018\/12\/mafalda.jpg 750w, http:\/\/cronicasyversiones.com\/wp-content\/uploads\/2018\/12\/mafalda-300x218.jpg 300w\" sizes=\"auto, (max-width: 750px) 100vw, 750px\" \/><\/p>\n<p>En <em><strong>\u00abMafalda. Singular Femenino\u00bb<\/strong><\/em> se compilan por primera vez en un libro todas las tiras feministas de esta genial creaci\u00f3n de Joaqu\u00edn Salvador Lavado, el genial humorista gr\u00e1fico conocido como <strong>Quino.<\/strong><\/p>\n<p><strong>Mafalda<\/strong>, la irreverente ni\u00f1a que deleit\u00f3 a generaciones con su filosa visi\u00f3n del mundo en que vivimos, es una de las m\u00e1s ilustres feministas de nuestra \u00e9poca.<\/p>\n<p>M\u00e1s de cincuenta a\u00f1os despu\u00e9s de la irrupci\u00f3n de Mafalda, las vi\u00f1etas del genial Quino adquieren una fuerza extraordinaria y se suman a las movidas para tomar conciencia del camino recorrido y por recorrer para conseguir la igualdad de g\u00e9nero.<\/p>\n<p><img loading=\"lazy\" decoding=\"async\" class=\"wp-image-21712 aligncenter\" src=\"http:\/\/cronicasyversiones.com\/wp-content\/uploads\/2018\/12\/tira-1024x311.jpg\" alt=\"\" width=\"735\" height=\"223\" srcset=\"http:\/\/cronicasyversiones.com\/wp-content\/uploads\/2018\/12\/tira-1024x311.jpg 1024w, http:\/\/cronicasyversiones.com\/wp-content\/uploads\/2018\/12\/tira-300x91.jpg 300w, http:\/\/cronicasyversiones.com\/wp-content\/uploads\/2018\/12\/tira-768x233.jpg 768w, http:\/\/cronicasyversiones.com\/wp-content\/uploads\/2018\/12\/tira.jpg 1200w\" sizes=\"auto, (max-width: 735px) 100vw, 735px\" \/><\/p>\n<p>Las vi\u00f1etas compiladas en este volumen dan buena cuenta del car\u00e1cter feminista de esta ni\u00f1a que ama a <strong>Los Beatles<\/strong> y que odia a la sopa, a partir de su esp\u00edritu cr\u00edtico y el papel de la mujer en el mundo, dejando en claro que no est\u00e1 dispuesta a convertirse en un ama de casa de clase media dedicada a los quehaceres dom\u00e9sticos.<\/p>\n<p><strong>Quino,<\/strong>\u00a0el creador de esta tira que se public\u00f3 entre 1964 y 1973, defini\u00f3 a Mafalda como un \u201cespejo de la clase media latinoamericana y de la juventud progresista\u201d.<\/p>\n<p><em><strong>LEA TAMBI\u00c9N:\u00a0<\/strong><\/em><\/p>\n<div class=\"video-container\">\n<blockquote class=\"wp-embedded-content\" data-secret=\"p13B87d77r\"><p><a href=\"https:\/\/cronicasyversiones.com\/?p=18640\">Homenajean a Mafalda en Italia<\/a><\/p><\/blockquote>\n<p><iframe loading=\"lazy\" class=\"wp-embedded-content\" sandbox=\"allow-scripts\" security=\"restricted\" style=\"position: absolute; clip: rect(1px, 1px, 1px, 1px);\" title=\"\u00abHomenajean a Mafalda en Italia\u00bb \u2014    \" src=\"https:\/\/cronicasyversiones.com\/?p=18640&#038;embed=true#?secret=EBeCo3wblG#?secret=p13B87d77r\" data-secret=\"p13B87d77r\" width=\"600\" height=\"338\" frameborder=\"0\" marginwidth=\"0\" marginheight=\"0\" scrolling=\"no\"><\/iframe><\/div>\n<p>A pesar de que Mafalda s\u00f3lo se public\u00f3 durante menos que una d\u00e9cada, un tiempo mucho menor a otros cl\u00e1sicos del humor gr\u00e1fico, el furor posterior gener\u00f3 que la tira se traduzca a 30 idiomas y lleve vendido en la Argentina m\u00e1s de 20 millones de ejemplares y una suculenta cantidad en otras latitudes.<\/p>\n<div style=\"padding-bottom:20px; padding-top:10px;\" class=\"hupso-share-buttons\"><!-- Hupso Share Buttons - https:\/\/www.hupso.com\/share\/ --><a class=\"hupso_counters\" href=\"https:\/\/www.hupso.com\/share\/\"><img decoding=\"async\" src=\"http:\/\/static.hupso.com\/share\/buttons\/lang\/es\/share-small.png\" style=\"border:0px; padding-top:2px; float:left;\" alt=\"Share Button\"\/><\/a><script type=\"text\/javascript\">var hupso_services_c=new Array(\"twitter\",\"facebook_like\",\"google\");var hupso_counters_lang = \"es_LA\";var hupso_image_folder_url = \"\";var hupso_twitter_via=\"crsyvrs\";var hupso_url_c=\"\";<\/script><script type=\"text\/javascript\" src=\"http:\/\/static.hupso.com\/share\/js\/counters.js\"><\/script><!-- Hupso Share Buttons --><\/div> ","protected":false},"excerpt":{"rendered":"<div style=\"padding-bottom:20px; padding-top:10px;\" class=\"hupso-share-buttons\"><!-- Hupso Share Buttons - https:\/\/www.hupso.com\/share\/ --><a class=\"hupso_counters\" href=\"https:\/\/www.hupso.com\/share\/\"><img src=\"http:\/\/static.hupso.com\/share\/buttons\/lang\/es\/share-small.png\" style=\"border:0px; padding-top:2px; float:left;\" alt=\"Share Button\"\/><\/a><script type=\"text\/javascript\">var hupso_services_c=new Array(\"twitter\",\"facebook_like\",\"google\");var hupso_counters_lang = \"es_LA\";var hupso_image_folder_url = \"\";var hupso_twitter_via=\"crsyvrs\";var hupso_url_c=\"\";<\/script><script type=\"text\/javascript\" src=\"http:\/\/static.hupso.com\/share\/js\/counters.js\"><\/script><!-- Hupso Share Buttons --><\/div><p>En \u00abFemenino Singular\u00bb por primeras vez se re\u00fanen las vi\u00f1etas creadas por Quino sobre esta tem\u00e1tica. En \u00abMafalda. Singular Femenino\u00bb se compilan por primera vez en un libro todas las tiras feministas de esta genial creaci\u00f3n de Joaqu\u00edn Salvador&#46;&#46;&#46;<\/p>\n<div style=\"padding-bottom:20px; padding-top:10px;\" class=\"hupso-share-buttons\"><!-- Hupso Share Buttons - https:\/\/www.hupso.com\/share\/ --><a class=\"hupso_counters\" href=\"https:\/\/www.hupso.com\/share\/\"><img src=\"http:\/\/static.hupso.com\/share\/buttons\/lang\/es\/share-small.png\" style=\"border:0px; padding-top:2px; float:left;\" alt=\"Share Button\"\/><\/a><script type=\"text\/javascript\">var hupso_services_c=new Array(\"twitter\",\"facebook_like\",\"google\");var hupso_counters_lang = \"es_LA\";var hupso_image_folder_url = \"\";var hupso_twitter_via=\"crsyvrs\";var hupso_url_c=\"\";<\/script><script type=\"text\/javascript\" src=\"http:\/\/static.hupso.com\/share\/js\/counters.js\"><\/script><!-- Hupso Share Buttons --><\/div>","protected":false},"author":5,"featured_media":21711,"comment_status":"open","ping_status":"closed","sticky":false,"template":"","format":"standard","meta":{"footnotes":""},"categories":[8,7],"tags":[62,850],"class_list":["post-21708","post","type-post","status-publish","format-standard","has-post-thumbnail","hentry","category-artes-plasticas","category-literatura","tag-mafalda","tag-quino"],"_links":{"self":[{"href":"http:\/\/cronicasyversiones.com\/index.php?rest_route=\/wp\/v2\/posts\/21708","targetHints":{"allow":["GET"]}}],"collection":[{"href":"http:\/\/cronicasyversiones.com\/index.php?rest_route=\/wp\/v2\/posts"}],"about":[{"href":"http:\/\/cronicasyversiones.com\/index.php?rest_route=\/wp\/v2\/types\/post"}],"author":[{"embeddable":true,"href":"http:\/\/cronicasyversiones.com\/index.php?rest_route=\/wp\/v2\/users\/5"}],"replies":[{"embeddable":true,"href":"http:\/\/cronicasyversiones.com\/index.php?rest_route=%2Fwp%2Fv2%2Fcomments&post=21708"}],"version-history":[{"count":0,"href":"http:\/\/cronicasyversiones.com\/index.php?rest_route=\/wp\/v2\/posts\/21708\/revisions"}],"wp:featuredmedia":[{"embeddable":true,"href":"http:\/\/cronicasyversiones.com\/index.php?rest_route=\/wp\/v2\/media\/21711"}],"wp:attachment":[{"href":"http:\/\/cronicasyversiones.com\/index.php?rest_route=%2Fwp%2Fv2%2Fmedia&parent=21708"}],"wp:term":[{"taxonomy":"category","embeddable":true,"href":"http:\/\/cronicasyversiones.com\/index.php?rest_route=%2Fwp%2Fv2%2Fcategories&post=21708"},{"taxonomy":"post_tag","embeddable":true,"href":"http:\/\/cronicasyversiones.com\/index.php?rest_route=%2Fwp%2Fv2%2Ftags&post=21708"}],"curies":[{"name":"wp","href":"https:\/\/api.w.org\/{rel}","templated":true}]}}