{"id":21767,"date":"2019-01-02T21:38:38","date_gmt":"2019-01-03T00:38:38","guid":{"rendered":"http:\/\/cronicasyversiones.com\/?p=21767"},"modified":"2019-01-02T21:38:38","modified_gmt":"2019-01-03T00:38:38","slug":"el-zabeca-duo-de-ernesto-snajer-y-mariano-tiki-cantero-con-invitadas-de-honor","status":"publish","type":"post","link":"http:\/\/cronicasyversiones.com\/?p=21767","title":{"rendered":"El Zabeca D\u00fao de Ernesto Snajer y Mariano Tiki Cantero, con \u201cInvitadas de honor\u201d"},"content":{"rendered":"<div style=\"padding-bottom:20px; padding-top:10px;\" class=\"hupso-share-buttons\"><!-- Hupso Share Buttons - https:\/\/www.hupso.com\/share\/ --><a class=\"hupso_counters\" href=\"https:\/\/www.hupso.com\/share\/\"><img decoding=\"async\" src=\"http:\/\/static.hupso.com\/share\/buttons\/lang\/es\/share-small.png\" style=\"border:0px; padding-top:2px; float:left;\" alt=\"Share Button\"\/><\/a><script type=\"text\/javascript\">var hupso_services_c=new Array(\"twitter\",\"facebook_like\",\"google\");var hupso_counters_lang = \"es_LA\";var hupso_image_folder_url = \"\";var hupso_twitter_via=\"crsyvrs\";var hupso_url_c=\"\";<\/script><script type=\"text\/javascript\" src=\"http:\/\/static.hupso.com\/share\/js\/counters.js\"><\/script><!-- Hupso Share Buttons --><\/div><h2>El guitarrista y el percusionista se presentar\u00e1n en Caf\u00e9 Vinilo junto a Liliana Herrero, La Bruja Salguero, Teresa Parodi y Lorena Astudillo.<\/h2>\n<p><img loading=\"lazy\" decoding=\"async\" class=\" wp-image-21768 aligncenter\" src=\"http:\/\/cronicasyversiones.com\/wp-content\/uploads\/2019\/01\/zabeca-1024x683.jpg\" alt=\"\" width=\"751\" height=\"501\" srcset=\"http:\/\/cronicasyversiones.com\/wp-content\/uploads\/2019\/01\/zabeca-1024x683.jpg 1024w, http:\/\/cronicasyversiones.com\/wp-content\/uploads\/2019\/01\/zabeca-300x200.jpg 300w, http:\/\/cronicasyversiones.com\/wp-content\/uploads\/2019\/01\/zabeca-768x512.jpg 768w, http:\/\/cronicasyversiones.com\/wp-content\/uploads\/2019\/01\/zabeca-480x320.jpg 480w, http:\/\/cronicasyversiones.com\/wp-content\/uploads\/2019\/01\/zabeca.jpg 2048w\" sizes=\"auto, (max-width: 751px) 100vw, 751px\" \/><\/p>\n<p>El <strong>Zabeca D\u00fao,<\/strong> integrado por <strong>Ernesto Snajer<\/strong> y<strong> Mariano Tiki Cantero,<\/strong> saldr\u00e1n a escena con un par de conciertos especiales en <strong>Caf\u00e9 Vinilo<\/strong>, el espacio palermitano ubicado en Gorriti 3780.<\/p>\n<p>El guitarrista y el percusionista se presentar\u00e1n junto a las \u201cInvitadas de honor\u201d <strong>Liliana Herrero y La Bruja Salguero<\/strong>, el s\u00e1bado 5 de enero, y<strong> Teresa Parodi y Lorena Astudillo,<\/strong> en la jornada siguiente.<\/p>\n<p>Mostrar\u00e1n los temas del disco <em><strong>\u201cZabeca D\u00fao\u201d<\/strong><\/em> (que grabaron Snajer y Cantero en 2015) y adelantar\u00e1n compasiones \u00a0nuevas que registrar\u00e1n en 2019.<\/p>\n<p>Junto a las artistas invitadas har\u00e1n versiones de canciones grabadas en los \u00e1lbumes <em><strong>\u201cIgual a mi coraz\u00f3n\u201d<\/strong> <\/em>(2008) de Liliana Herrero,\u00a0<em><strong> \u201cTodo lo que tengo\u201d<\/strong><\/em> (2017) de Teresa Parodi,<em><strong> \u201cCaja de Luna\u201d<\/strong><\/em> (2011) de La Bruja Salguero (en los que Snajer y Cantero participaron como productor e int\u00e9rprete, respectivamente) y <em><strong>\u201cLorena canta al Cuchi\u201d<\/strong><\/em> (1999) de Lorena Astudillo.<\/p>\n<p>El repertorio de estos conciertos incluye tambi\u00e9n cl\u00e1sicos del cancionero popular que el d\u00fao har\u00e1 en cuarteto con las invitadas de cada noche.<\/p>\n<p><em><strong>LEA TAMBI\u00c9N:<\/strong> <\/em><\/p>\n<div class=\"video-container\">\n<blockquote class=\"wp-embedded-content\" data-secret=\"8Wx2OHOneI\"><p><a href=\"https:\/\/cronicasyversiones.com\/?p=21566\">Pablo Milan\u00e9s regresa a la Argentina<\/a><\/p><\/blockquote>\n<p><iframe loading=\"lazy\" class=\"wp-embedded-content\" sandbox=\"allow-scripts\" security=\"restricted\" style=\"position: absolute; clip: rect(1px, 1px, 1px, 1px);\" title=\"\u00abPablo Milan\u00e9s regresa a la Argentina\u00bb \u2014    \" src=\"https:\/\/cronicasyversiones.com\/?p=21566&#038;embed=true#?secret=fojedgAAAC#?secret=8Wx2OHOneI\" data-secret=\"8Wx2OHOneI\" width=\"600\" height=\"338\" frameborder=\"0\" marginwidth=\"0\" marginheight=\"0\" scrolling=\"no\"><\/iframe><\/div>\n<p>Zabeca d\u00fao\u00a0 da nombre al proyecto y, a la vez, al material discogr\u00e1fico que registraron Snajer y Cantero en 2015 por el prestigioso sello Untref Sonoro.<\/p>\n<p>El disco est\u00e1 integrado por m\u00fasicas que toman la tradici\u00f3n de los ritmos argentinos y latinoamericanos como punto de partida, con composiciones propias y de grandes creadores.<\/p>\n<p>En Zabeca D\u00fao, percusi\u00f3n y guitarra conversan en variaciones de chacarera, zamba y vidala, abordados con la libertad e inspiraci\u00f3n que permite la improvisaci\u00f3n. Tiki Cantero, integrante de Aca Seca Tr\u00edo, adem\u00e1s de cantar canciones con textos, utiliza la voz como un instrumento m\u00e1s.<\/p>\n<p>Ernesto Snajer toca sus habituales sonidos MIDIs, disparados desde las bellas guitarras Camarada de Esteban Gonz\u00e1lez, en sus dos versiones de 6 y 10 cuerdas.<\/p>\n<p>&nbsp;<\/p>\n<div style=\"padding-bottom:20px; padding-top:10px;\" class=\"hupso-share-buttons\"><!-- Hupso Share Buttons - https:\/\/www.hupso.com\/share\/ --><a class=\"hupso_counters\" href=\"https:\/\/www.hupso.com\/share\/\"><img decoding=\"async\" src=\"http:\/\/static.hupso.com\/share\/buttons\/lang\/es\/share-small.png\" style=\"border:0px; padding-top:2px; float:left;\" alt=\"Share Button\"\/><\/a><script type=\"text\/javascript\">var hupso_services_c=new Array(\"twitter\",\"facebook_like\",\"google\");var hupso_counters_lang = \"es_LA\";var hupso_image_folder_url = \"\";var hupso_twitter_via=\"crsyvrs\";var hupso_url_c=\"\";<\/script><script type=\"text\/javascript\" src=\"http:\/\/static.hupso.com\/share\/js\/counters.js\"><\/script><!-- Hupso Share Buttons --><\/div> ","protected":false},"excerpt":{"rendered":"<div style=\"padding-bottom:20px; padding-top:10px;\" class=\"hupso-share-buttons\"><!-- Hupso Share Buttons - https:\/\/www.hupso.com\/share\/ --><a class=\"hupso_counters\" href=\"https:\/\/www.hupso.com\/share\/\"><img src=\"http:\/\/static.hupso.com\/share\/buttons\/lang\/es\/share-small.png\" style=\"border:0px; padding-top:2px; float:left;\" alt=\"Share Button\"\/><\/a><script type=\"text\/javascript\">var hupso_services_c=new Array(\"twitter\",\"facebook_like\",\"google\");var hupso_counters_lang = \"es_LA\";var hupso_image_folder_url = \"\";var hupso_twitter_via=\"crsyvrs\";var hupso_url_c=\"\";<\/script><script type=\"text\/javascript\" src=\"http:\/\/static.hupso.com\/share\/js\/counters.js\"><\/script><!-- Hupso Share Buttons --><\/div><p>El guitarrista y el percusionista se presentar\u00e1n en Caf\u00e9 Vinilo junto a Liliana Herrero, La Bruja Salguero, Teresa Parodi y Lorena Astudillo. El Zabeca D\u00fao, integrado por Ernesto Snajer y Mariano Tiki Cantero, saldr\u00e1n a escena con un par&#46;&#46;&#46;<\/p>\n<div style=\"padding-bottom:20px; padding-top:10px;\" class=\"hupso-share-buttons\"><!-- Hupso Share Buttons - https:\/\/www.hupso.com\/share\/ --><a class=\"hupso_counters\" href=\"https:\/\/www.hupso.com\/share\/\"><img src=\"http:\/\/static.hupso.com\/share\/buttons\/lang\/es\/share-small.png\" style=\"border:0px; padding-top:2px; float:left;\" alt=\"Share Button\"\/><\/a><script type=\"text\/javascript\">var hupso_services_c=new Array(\"twitter\",\"facebook_like\",\"google\");var hupso_counters_lang = \"es_LA\";var hupso_image_folder_url = \"\";var hupso_twitter_via=\"crsyvrs\";var hupso_url_c=\"\";<\/script><script type=\"text\/javascript\" src=\"http:\/\/static.hupso.com\/share\/js\/counters.js\"><\/script><!-- Hupso Share Buttons --><\/div>","protected":false},"author":5,"featured_media":21768,"comment_status":"open","ping_status":"closed","sticky":false,"template":"","format":"standard","meta":{"footnotes":""},"categories":[3],"tags":[8842,1136,4771],"class_list":["post-21767","post","type-post","status-publish","format-standard","has-post-thumbnail","hentry","category-musica","tag-ernesto-snajer","tag-folklore","tag-mariano-cantero"],"_links":{"self":[{"href":"http:\/\/cronicasyversiones.com\/index.php?rest_route=\/wp\/v2\/posts\/21767","targetHints":{"allow":["GET"]}}],"collection":[{"href":"http:\/\/cronicasyversiones.com\/index.php?rest_route=\/wp\/v2\/posts"}],"about":[{"href":"http:\/\/cronicasyversiones.com\/index.php?rest_route=\/wp\/v2\/types\/post"}],"author":[{"embeddable":true,"href":"http:\/\/cronicasyversiones.com\/index.php?rest_route=\/wp\/v2\/users\/5"}],"replies":[{"embeddable":true,"href":"http:\/\/cronicasyversiones.com\/index.php?rest_route=%2Fwp%2Fv2%2Fcomments&post=21767"}],"version-history":[{"count":0,"href":"http:\/\/cronicasyversiones.com\/index.php?rest_route=\/wp\/v2\/posts\/21767\/revisions"}],"wp:featuredmedia":[{"embeddable":true,"href":"http:\/\/cronicasyversiones.com\/index.php?rest_route=\/wp\/v2\/media\/21768"}],"wp:attachment":[{"href":"http:\/\/cronicasyversiones.com\/index.php?rest_route=%2Fwp%2Fv2%2Fmedia&parent=21767"}],"wp:term":[{"taxonomy":"category","embeddable":true,"href":"http:\/\/cronicasyversiones.com\/index.php?rest_route=%2Fwp%2Fv2%2Fcategories&post=21767"},{"taxonomy":"post_tag","embeddable":true,"href":"http:\/\/cronicasyversiones.com\/index.php?rest_route=%2Fwp%2Fv2%2Ftags&post=21767"}],"curies":[{"name":"wp","href":"https:\/\/api.w.org\/{rel}","templated":true}]}}