{"id":21775,"date":"2019-01-03T19:15:12","date_gmt":"2019-01-03T22:15:12","guid":{"rendered":"http:\/\/cronicasyversiones.com\/?p=21775"},"modified":"2019-01-03T19:15:12","modified_gmt":"2019-01-03T22:15:12","slug":"introduzione-alloscuro-de-gaston-solnicki-se-estrena-en-argentina","status":"publish","type":"post","link":"http:\/\/cronicasyversiones.com\/?p=21775","title":{"rendered":"\u201cIntroduzione All\u2019Oscuro\u201d, de Gast\u00f3n Solnicki, se estrena en Argentina"},"content":{"rendered":"<div style=\"padding-bottom:20px; padding-top:10px;\" class=\"hupso-share-buttons\"><!-- Hupso Share Buttons - https:\/\/www.hupso.com\/share\/ --><a class=\"hupso_counters\" href=\"https:\/\/www.hupso.com\/share\/\"><img decoding=\"async\" src=\"http:\/\/static.hupso.com\/share\/buttons\/lang\/es\/share-small.png\" style=\"border:0px; padding-top:2px; float:left;\" alt=\"Share Button\"\/><\/a><script type=\"text\/javascript\">var hupso_services_c=new Array(\"twitter\",\"facebook_like\",\"google\");var hupso_counters_lang = \"es_LA\";var hupso_image_folder_url = \"\";var hupso_twitter_via=\"crsyvrs\";var hupso_url_c=\"\";<\/script><script type=\"text\/javascript\" src=\"http:\/\/static.hupso.com\/share\/js\/counters.js\"><\/script><!-- Hupso Share Buttons --><\/div><h2>El nuevo film del director se puede ver en el Malba, despu\u00e9s que el MoMa adquiera la filmograf\u00eda completa del realizador.<\/h2>\n<p><img loading=\"lazy\" decoding=\"async\" class=\"size-full wp-image-21776 aligncenter\" src=\"http:\/\/cronicasyversiones.com\/wp-content\/uploads\/2019\/01\/oscuro.jpg\" alt=\"\" width=\"750\" height=\"482\" srcset=\"http:\/\/cronicasyversiones.com\/wp-content\/uploads\/2019\/01\/oscuro.jpg 750w, http:\/\/cronicasyversiones.com\/wp-content\/uploads\/2019\/01\/oscuro-300x193.jpg 300w\" sizes=\"auto, (max-width: 750px) 100vw, 750px\" \/><\/p>\n<p>Despu\u00e9s de la reciente adquisici\u00f3n para la colecci\u00f3n del <strong>MoMA<\/strong> (Museum of Modern Art de Nueva York) de las cuatro pel\u00edculas que conforman la filmograf\u00eda de <strong>Gast\u00f3n Solnicki<\/strong>, llega el estreno comercial en Argentina de <em><strong>\u201cIntroduzione All\u2019Oscuro\u201d<\/strong><\/em>, el \u00faltimo largometraje del director.<\/p>\n<p><em><strong>\u201cIntroduzione All\u2019Oscuro\u201d<\/strong><\/em> se podr\u00e1 ver los s\u00e1bados a las 20 en el <strong>Malba<\/strong>, el espacio ubicado en la Avenida Figueroa Alcorta 3415. El director presentar\u00e1 las funciones y realizar\u00e1 una charla \u00a0con el p\u00fablico al finalizar la proyecci\u00f3n.<\/p>\n<p>Un hombre deambula por las calles de Viena, guiado por el recuerdo de un amigo que muri\u00f3 recientemente. Los vestigios del alguna vez suntuoso imperio son el escenario para la eleg\u00eda cinematogr\u00e1fica y una oscura celebraci\u00f3n de la vida.<\/p>\n<p><strong>Gast\u00f3n Solnicki,<\/strong> director y productor, estudi\u00f3 en el Centro Internacional de Fotograf\u00eda y obtuvo su licenciatura en Cine en la Universidad de Nueva York (Tisch School of the Arts).<\/p>\n<p><em><strong>LEA TAMBI\u00c9N:<\/strong> <\/em><\/p>\n<div class=\"video-container\">\n<blockquote class=\"wp-embedded-content\" data-secret=\"acfaWglRAc\"><p><a href=\"http:\/\/cronicasyversiones.com\/?p=21627\">\u201cVergara\u201d, de Sergio Mazza, un antisocial ante una encrucijada<\/a><\/p><\/blockquote>\n<p><iframe loading=\"lazy\" class=\"wp-embedded-content\" sandbox=\"allow-scripts\" security=\"restricted\" style=\"position: absolute; clip: rect(1px, 1px, 1px, 1px);\" title=\"\u00ab\u201cVergara\u201d, de Sergio Mazza, un antisocial ante una encrucijada\u00bb \u2014    \" src=\"http:\/\/cronicasyversiones.com\/?p=21627&#038;embed=true#?secret=cMPG031EDE#?secret=acfaWglRAc\" data-secret=\"acfaWglRAc\" width=\"600\" height=\"338\" frameborder=\"0\" marginwidth=\"0\" marginheight=\"0\" scrolling=\"no\"><\/iframe><\/div>\n<p>Dirigi\u00f3 las pel\u00edculas<em><strong> \u201cS\u00fcden\u201d<\/strong> <\/em>(2008) y <em><strong>\u201cPapirosen\u201d<\/strong><\/em> (2011), la cual se estren\u00f3 en Locarno y se exhibi\u00f3 en todo el mundo.<\/p>\n<p><em><strong>\u201cK\u00e9kszak\u00e1ll\u00fa\u201d<\/strong> <\/em>(2016), su primer trabajo de ficci\u00f3n tuvo su premiere internacional en Venecia 2016 (Orizzonti), donde fue galardonada con el premio FIPRESCI de la cr\u00edtica internacional y el Bisato d\u2019Oro; continuando su recorrido en festivales como Toronto, New York y Viennale. El film fue seleccionado como una de las diez mejores pel\u00edculas de 2016 por Artforum.<\/p>\n<p>Su \u00faltima pel\u00edcula, <em><strong>\u201cIntroduzione All\u2019Oscuro\u201d<\/strong> <\/em>(2018), tuvo su premiere mundial en la 75 Biennale di Venezia, parte de la selecci\u00f3n oficial (Fuori Concorso) y en norteam\u00e9rica en el NYFF (New York Film Festival).<\/p>\n<p>Recientemente el MoMa (Museum of Modern Art de Nueva York) adquiri\u00f3 para su colecci\u00f3n las cuatro pel\u00edculas que conforman la filmograf\u00eda de Gast\u00f3n Solnicki.<\/p>\n<p>El director trabaja actualmente en su nueva pel\u00edcula con<em><strong> \u201cRei Cine: Electrocute\u201d.<\/strong><\/em><\/p>\n<p>&nbsp;<\/p>\n<p>&nbsp;<\/p>\n<p>&nbsp;<\/p>\n<div style=\"padding-bottom:20px; padding-top:10px;\" class=\"hupso-share-buttons\"><!-- Hupso Share Buttons - https:\/\/www.hupso.com\/share\/ --><a class=\"hupso_counters\" href=\"https:\/\/www.hupso.com\/share\/\"><img decoding=\"async\" src=\"http:\/\/static.hupso.com\/share\/buttons\/lang\/es\/share-small.png\" style=\"border:0px; padding-top:2px; float:left;\" alt=\"Share Button\"\/><\/a><script type=\"text\/javascript\">var hupso_services_c=new Array(\"twitter\",\"facebook_like\",\"google\");var hupso_counters_lang = \"es_LA\";var hupso_image_folder_url = \"\";var hupso_twitter_via=\"crsyvrs\";var hupso_url_c=\"\";<\/script><script type=\"text\/javascript\" src=\"http:\/\/static.hupso.com\/share\/js\/counters.js\"><\/script><!-- Hupso Share Buttons --><\/div> ","protected":false},"excerpt":{"rendered":"<div style=\"padding-bottom:20px; padding-top:10px;\" class=\"hupso-share-buttons\"><!-- Hupso Share Buttons - https:\/\/www.hupso.com\/share\/ --><a class=\"hupso_counters\" href=\"https:\/\/www.hupso.com\/share\/\"><img src=\"http:\/\/static.hupso.com\/share\/buttons\/lang\/es\/share-small.png\" style=\"border:0px; padding-top:2px; float:left;\" alt=\"Share Button\"\/><\/a><script type=\"text\/javascript\">var hupso_services_c=new Array(\"twitter\",\"facebook_like\",\"google\");var hupso_counters_lang = \"es_LA\";var hupso_image_folder_url = \"\";var hupso_twitter_via=\"crsyvrs\";var hupso_url_c=\"\";<\/script><script type=\"text\/javascript\" src=\"http:\/\/static.hupso.com\/share\/js\/counters.js\"><\/script><!-- Hupso Share Buttons --><\/div><p>El nuevo film del director se puede ver en el Malba, despu\u00e9s que el MoMa adquiera la filmograf\u00eda completa del realizador. Despu\u00e9s de la reciente adquisici\u00f3n para la colecci\u00f3n del MoMA (Museum of Modern Art de Nueva York) de&#46;&#46;&#46;<\/p>\n<div style=\"padding-bottom:20px; padding-top:10px;\" class=\"hupso-share-buttons\"><!-- Hupso Share Buttons - https:\/\/www.hupso.com\/share\/ --><a class=\"hupso_counters\" href=\"https:\/\/www.hupso.com\/share\/\"><img src=\"http:\/\/static.hupso.com\/share\/buttons\/lang\/es\/share-small.png\" style=\"border:0px; padding-top:2px; float:left;\" alt=\"Share Button\"\/><\/a><script type=\"text\/javascript\">var hupso_services_c=new Array(\"twitter\",\"facebook_like\",\"google\");var hupso_counters_lang = \"es_LA\";var hupso_image_folder_url = \"\";var hupso_twitter_via=\"crsyvrs\";var hupso_url_c=\"\";<\/script><script type=\"text\/javascript\" src=\"http:\/\/static.hupso.com\/share\/js\/counters.js\"><\/script><!-- Hupso Share Buttons --><\/div>","protected":false},"author":5,"featured_media":21776,"comment_status":"open","ping_status":"closed","sticky":false,"template":"","format":"standard","meta":{"footnotes":""},"categories":[4],"tags":[9109,37],"class_list":["post-21775","post","type-post","status-publish","format-standard","has-post-thumbnail","hentry","category-cine","tag-gaston-solnicki","tag-malba"],"_links":{"self":[{"href":"http:\/\/cronicasyversiones.com\/index.php?rest_route=\/wp\/v2\/posts\/21775","targetHints":{"allow":["GET"]}}],"collection":[{"href":"http:\/\/cronicasyversiones.com\/index.php?rest_route=\/wp\/v2\/posts"}],"about":[{"href":"http:\/\/cronicasyversiones.com\/index.php?rest_route=\/wp\/v2\/types\/post"}],"author":[{"embeddable":true,"href":"http:\/\/cronicasyversiones.com\/index.php?rest_route=\/wp\/v2\/users\/5"}],"replies":[{"embeddable":true,"href":"http:\/\/cronicasyversiones.com\/index.php?rest_route=%2Fwp%2Fv2%2Fcomments&post=21775"}],"version-history":[{"count":0,"href":"http:\/\/cronicasyversiones.com\/index.php?rest_route=\/wp\/v2\/posts\/21775\/revisions"}],"wp:featuredmedia":[{"embeddable":true,"href":"http:\/\/cronicasyversiones.com\/index.php?rest_route=\/wp\/v2\/media\/21776"}],"wp:attachment":[{"href":"http:\/\/cronicasyversiones.com\/index.php?rest_route=%2Fwp%2Fv2%2Fmedia&parent=21775"}],"wp:term":[{"taxonomy":"category","embeddable":true,"href":"http:\/\/cronicasyversiones.com\/index.php?rest_route=%2Fwp%2Fv2%2Fcategories&post=21775"},{"taxonomy":"post_tag","embeddable":true,"href":"http:\/\/cronicasyversiones.com\/index.php?rest_route=%2Fwp%2Fv2%2Ftags&post=21775"}],"curies":[{"name":"wp","href":"https:\/\/api.w.org\/{rel}","templated":true}]}}