{"id":21922,"date":"2019-01-20T10:54:40","date_gmt":"2019-01-20T13:54:40","guid":{"rendered":"http:\/\/cronicasyversiones.com\/?p=21922"},"modified":"2019-01-20T10:54:40","modified_gmt":"2019-01-20T13:54:40","slug":"santana-celebra-los-50-anos-de-woodstock-y-los-20-de-supernatural","status":"publish","type":"post","link":"http:\/\/cronicasyversiones.com\/?p=21922","title":{"rendered":"Santana celebra los 50 a\u00f1os de Woodstock y los 20 de \u201cSupernatural\u201d"},"content":{"rendered":"<div style=\"padding-bottom:20px; padding-top:10px;\" class=\"hupso-share-buttons\"><!-- Hupso Share Buttons - https:\/\/www.hupso.com\/share\/ --><a class=\"hupso_counters\" href=\"https:\/\/www.hupso.com\/share\/\"><img decoding=\"async\" src=\"http:\/\/static.hupso.com\/share\/buttons\/lang\/es\/share-small.png\" style=\"border:0px; padding-top:2px; float:left;\" alt=\"Share Button\"\/><\/a><script type=\"text\/javascript\">var hupso_services_c=new Array(\"twitter\",\"facebook_like\",\"google\");var hupso_counters_lang = \"es_LA\";var hupso_image_folder_url = \"\";var hupso_twitter_via=\"crsyvrs\";var hupso_url_c=\"\";<\/script><script type=\"text\/javascript\" src=\"http:\/\/static.hupso.com\/share\/js\/counters.js\"><\/script><!-- Hupso Share Buttons --><\/div><h2>Por estos dos hitos, el notable m\u00fasico mexicano enancar\u00e1 una larga gira por los escenarios de los Estados Unidos y Canad\u00e1.<\/h2>\n<p><img loading=\"lazy\" decoding=\"async\" class=\"size-large wp-image-21923 aligncenter\" src=\"http:\/\/cronicasyversiones.com\/wp-content\/uploads\/2019\/01\/carlos-santana-1492554491.27.2560x1440-1024x576.jpg\" alt=\"\" width=\"1024\" height=\"576\" srcset=\"http:\/\/cronicasyversiones.com\/wp-content\/uploads\/2019\/01\/carlos-santana-1492554491.27.2560x1440-1024x576.jpg 1024w, http:\/\/cronicasyversiones.com\/wp-content\/uploads\/2019\/01\/carlos-santana-1492554491.27.2560x1440-300x169.jpg 300w, http:\/\/cronicasyversiones.com\/wp-content\/uploads\/2019\/01\/carlos-santana-1492554491.27.2560x1440-768x432.jpg 768w\" sizes=\"auto, (max-width: 1024px) 100vw, 1024px\" \/><\/p>\n<p><strong>Carlos Santana<\/strong> encara una extensa gira de 29 conciertos por los Estados Unidos y Canad\u00e1, entre el pr\u00f3ximo 22 de junio y el 25 de agosto, para celebrar la media centuria del F<strong>estival de Woodstock<\/strong> y los 20 a\u00f1os de su exitoso disco <em><strong>\u201cSupernatural\u201d.<\/strong><\/em><\/p>\n<p>El <strong>Festival de Woodstock,<\/strong> llevado a cabo en agosto de 1969, signific\u00f3 la presentaci\u00f3n a nivel masivo del genial guitarrista, que sorprendi\u00f3 con una mezcla de rock y ritmos latinos in\u00e9dita para ese momento.<\/p>\n<p>Por su parte, el multipremiado \u00e1lbum <em><strong>\u201cSupernatural\u201d,<\/strong> <\/em>de 1999, lo uni\u00f3 a grandes artistas como Eric Clapton, Man\u00e1, Dave Matthews y Lauryn Hill, entre otros, quienes participaron como invitados; y le signific\u00f3 algunos hits como \u201cCoraz\u00f3n espinado\u201d y \u201cSmooth\u201d.<\/p>\n<p>La gira <strong>Supernatural Now<\/strong> comienza el 22 de junio en el Ak-Chin Pavilion en Phoenix, AZ, y har\u00e1 paradas en Dallas, Chicago, Toronto y antes de que concluya el 25 de agosto en el Jones Beach Theatre de Wantagh, ser\u00e1n invitados especiales Los Doobie Brothers, que aparecer\u00e1n en todas las fechas.<\/p>\n<p><em><strong>LEA TAMBI\u00c9N:<\/strong> <\/em><\/p>\n<div class=\"video-container\">\n<blockquote class=\"wp-embedded-content\" data-secret=\"djeGXKKBzv\"><p><a href=\"http:\/\/cronicasyversiones.com\/?p=21884\">The Who planea un nuevo disco y salir de gira<\/a><\/p><\/blockquote>\n<p><iframe loading=\"lazy\" class=\"wp-embedded-content\" sandbox=\"allow-scripts\" security=\"restricted\" style=\"position: absolute; clip: rect(1px, 1px, 1px, 1px);\" title=\"\u00abThe Who planea un nuevo disco y salir de gira\u00bb \u2014    \" src=\"http:\/\/cronicasyversiones.com\/?p=21884&#038;embed=true#?secret=6YMcroavir#?secret=djeGXKKBzv\" data-secret=\"djeGXKKBzv\" width=\"600\" height=\"338\" frameborder=\"0\" marginwidth=\"0\" marginheight=\"0\" scrolling=\"no\"><\/iframe><\/div>\n<p><strong>Carlos Santana<\/strong> naci\u00f3 el 20 de julio de 1947 en M\u00e9xico y se vincul\u00f3 con la m\u00fasica desde su ni\u00f1ez, primero con el viol\u00edn y luego con la guitarra.<\/p>\n<p>A fines de los \u00b460 fund\u00f3 la banda Santana, pionera en fusionar la m\u00fasica latina con el rock, el blues y la psicodelia.<\/p>\n<p>Luego lanz\u00f3 una fruct\u00edfera carrera en solitario, desarrollando un particular y personal estilo en la guitarra, tomando influencias de varios estilos.<\/p>\n<p>Santana vendi\u00f3 m\u00e1s de 90 millones de \u00e1lbumes en todo el mundo contando las ventas de su banda y su carrera en solitario. Gan\u00f3 diez premios Grammy y tres premios Grammy Latino.<\/p>\n<p>&nbsp;<\/p>\n<div style=\"padding-bottom:20px; padding-top:10px;\" class=\"hupso-share-buttons\"><!-- Hupso Share Buttons - https:\/\/www.hupso.com\/share\/ --><a class=\"hupso_counters\" href=\"https:\/\/www.hupso.com\/share\/\"><img decoding=\"async\" src=\"http:\/\/static.hupso.com\/share\/buttons\/lang\/es\/share-small.png\" style=\"border:0px; padding-top:2px; float:left;\" alt=\"Share Button\"\/><\/a><script type=\"text\/javascript\">var hupso_services_c=new Array(\"twitter\",\"facebook_like\",\"google\");var hupso_counters_lang = \"es_LA\";var hupso_image_folder_url = \"\";var hupso_twitter_via=\"crsyvrs\";var hupso_url_c=\"\";<\/script><script type=\"text\/javascript\" src=\"http:\/\/static.hupso.com\/share\/js\/counters.js\"><\/script><!-- Hupso Share Buttons --><\/div> ","protected":false},"excerpt":{"rendered":"<div style=\"padding-bottom:20px; padding-top:10px;\" class=\"hupso-share-buttons\"><!-- Hupso Share Buttons - https:\/\/www.hupso.com\/share\/ --><a class=\"hupso_counters\" href=\"https:\/\/www.hupso.com\/share\/\"><img src=\"http:\/\/static.hupso.com\/share\/buttons\/lang\/es\/share-small.png\" style=\"border:0px; padding-top:2px; float:left;\" alt=\"Share Button\"\/><\/a><script type=\"text\/javascript\">var hupso_services_c=new Array(\"twitter\",\"facebook_like\",\"google\");var hupso_counters_lang = \"es_LA\";var hupso_image_folder_url = \"\";var hupso_twitter_via=\"crsyvrs\";var hupso_url_c=\"\";<\/script><script type=\"text\/javascript\" src=\"http:\/\/static.hupso.com\/share\/js\/counters.js\"><\/script><!-- Hupso Share Buttons --><\/div><p>Por estos dos hitos, el notable m\u00fasico mexicano enancar\u00e1 una larga gira por los escenarios de los Estados Unidos y Canad\u00e1. Carlos Santana encara una extensa gira de 29 conciertos por los Estados Unidos y Canad\u00e1, entre el pr\u00f3ximo&#46;&#46;&#46;<\/p>\n<div style=\"padding-bottom:20px; padding-top:10px;\" class=\"hupso-share-buttons\"><!-- Hupso Share Buttons - https:\/\/www.hupso.com\/share\/ --><a class=\"hupso_counters\" href=\"https:\/\/www.hupso.com\/share\/\"><img src=\"http:\/\/static.hupso.com\/share\/buttons\/lang\/es\/share-small.png\" style=\"border:0px; padding-top:2px; float:left;\" alt=\"Share Button\"\/><\/a><script type=\"text\/javascript\">var hupso_services_c=new Array(\"twitter\",\"facebook_like\",\"google\");var hupso_counters_lang = \"es_LA\";var hupso_image_folder_url = \"\";var hupso_twitter_via=\"crsyvrs\";var hupso_url_c=\"\";<\/script><script type=\"text\/javascript\" src=\"http:\/\/static.hupso.com\/share\/js\/counters.js\"><\/script><!-- Hupso Share Buttons --><\/div>","protected":false},"author":5,"featured_media":21923,"comment_status":"open","ping_status":"closed","sticky":false,"template":"","format":"standard","meta":{"footnotes":""},"categories":[3],"tags":[1161,3624],"class_list":["post-21922","post","type-post","status-publish","format-standard","has-post-thumbnail","hentry","category-musica","tag-carlos-santana","tag-festival-de-woodstock"],"_links":{"self":[{"href":"http:\/\/cronicasyversiones.com\/index.php?rest_route=\/wp\/v2\/posts\/21922","targetHints":{"allow":["GET"]}}],"collection":[{"href":"http:\/\/cronicasyversiones.com\/index.php?rest_route=\/wp\/v2\/posts"}],"about":[{"href":"http:\/\/cronicasyversiones.com\/index.php?rest_route=\/wp\/v2\/types\/post"}],"author":[{"embeddable":true,"href":"http:\/\/cronicasyversiones.com\/index.php?rest_route=\/wp\/v2\/users\/5"}],"replies":[{"embeddable":true,"href":"http:\/\/cronicasyversiones.com\/index.php?rest_route=%2Fwp%2Fv2%2Fcomments&post=21922"}],"version-history":[{"count":0,"href":"http:\/\/cronicasyversiones.com\/index.php?rest_route=\/wp\/v2\/posts\/21922\/revisions"}],"wp:featuredmedia":[{"embeddable":true,"href":"http:\/\/cronicasyversiones.com\/index.php?rest_route=\/wp\/v2\/media\/21923"}],"wp:attachment":[{"href":"http:\/\/cronicasyversiones.com\/index.php?rest_route=%2Fwp%2Fv2%2Fmedia&parent=21922"}],"wp:term":[{"taxonomy":"category","embeddable":true,"href":"http:\/\/cronicasyversiones.com\/index.php?rest_route=%2Fwp%2Fv2%2Fcategories&post=21922"},{"taxonomy":"post_tag","embeddable":true,"href":"http:\/\/cronicasyversiones.com\/index.php?rest_route=%2Fwp%2Fv2%2Ftags&post=21922"}],"curies":[{"name":"wp","href":"https:\/\/api.w.org\/{rel}","templated":true}]}}