{"id":21966,"date":"2019-01-22T21:44:49","date_gmt":"2019-01-23T00:44:49","guid":{"rendered":"http:\/\/cronicasyversiones.com\/?p=21966"},"modified":"2019-01-22T21:44:49","modified_gmt":"2019-01-23T00:44:49","slug":"el-legado-de-alejandra-pizarnik-quedo-en-las-caja-de-las-letras","status":"publish","type":"post","link":"http:\/\/cronicasyversiones.com\/?p=21966","title":{"rendered":"El legado de Alejandra Pizarnik qued\u00f3 en las Caja de las Letras"},"content":{"rendered":"<div style=\"padding-bottom:20px; padding-top:10px;\" class=\"hupso-share-buttons\"><!-- Hupso Share Buttons - https:\/\/www.hupso.com\/share\/ --><a class=\"hupso_counters\" href=\"https:\/\/www.hupso.com\/share\/\"><img decoding=\"async\" src=\"http:\/\/static.hupso.com\/share\/buttons\/lang\/es\/share-small.png\" style=\"border:0px; padding-top:2px; float:left;\" alt=\"Share Button\"\/><\/a><script type=\"text\/javascript\">var hupso_services_c=new Array(\"twitter\",\"facebook_like\",\"google\");var hupso_counters_lang = \"es_LA\";var hupso_image_folder_url = \"\";var hupso_twitter_via=\"crsyvrs\";var hupso_url_c=\"\";<\/script><script type=\"text\/javascript\" src=\"http:\/\/static.hupso.com\/share\/js\/counters.js\"><\/script><!-- Hupso Share Buttons --><\/div><h2>El material fue depositado en el Instituto Cervantes, conjuntamente con el de la escritora cordobesa Mar\u00eda Teresa Andruetto.<\/h2>\n<p><img loading=\"lazy\" decoding=\"async\" class=\" wp-image-21967 aligncenter\" src=\"http:\/\/cronicasyversiones.com\/wp-content\/uploads\/2019\/01\/alejandra.jpeg\" alt=\"\" width=\"752\" height=\"451\" srcset=\"http:\/\/cronicasyversiones.com\/wp-content\/uploads\/2019\/01\/alejandra.jpeg 650w, http:\/\/cronicasyversiones.com\/wp-content\/uploads\/2019\/01\/alejandra-300x180.jpeg 300w\" sizes=\"auto, (max-width: 752px) 100vw, 752px\" \/><\/p>\n<p>Una muestra sobre la poetisa argentina <strong>Alejandra Pizarnik<\/strong> permanece en la<strong> Caja de las Letras del Instituto Cervantes<\/strong>, donde fue depositado su legado junto con el de la tambi\u00e9n escritora argentina <strong>Mar\u00eda Teresa Andruetto.<\/strong><\/p>\n<p>La antigua c\u00e1mara acorazada de la sede del <strong>Cervantes de Madrid<\/strong> guarda \u00a0en sus cajas de seguridad los legados de una treintena de escritores, artistas y cient\u00edficos. Ahora recibi\u00f3 el de las dos autoras argentinas.<\/p>\n<p>El legado \u00abin memoriam\u00bb de la poeta<strong> Alejandra Pizarnik<\/strong> fue entregado por Sergio Baur, que deposit\u00f3 \u00a0en la caja n\u00famero 1449 de esta c\u00e1psula del tiempo documentaci\u00f3n in\u00e9dita cedida por la hermana de la autora a la Biblioteca Nacional de Argentina.<\/p>\n<p>Mientras que el legado de Mar\u00eda Teresa Andruetto, nacida en C\u00f3rdoba en 1954, qued\u00f3 en la caja n\u00famero 1450, contigua a la de su compatriota.<\/p>\n<p><em><strong>LEA TAMBI\u00c9N:<\/strong> <\/em><\/p>\n<div class=\"video-container\">\n<blockquote class=\"wp-embedded-content\" data-secret=\"74FI3dp4XW\"><p><a href=\"http:\/\/cronicasyversiones.com\/?p=21906\">Publican los ensayos de Clara Campoamor en su exilio argentino<\/a><\/p><\/blockquote>\n<p><iframe loading=\"lazy\" class=\"wp-embedded-content\" sandbox=\"allow-scripts\" security=\"restricted\" style=\"position: absolute; clip: rect(1px, 1px, 1px, 1px);\" title=\"\u00abPublican los ensayos de Clara Campoamor en su exilio argentino\u00bb \u2014    \" src=\"http:\/\/cronicasyversiones.com\/?p=21906&#038;embed=true#?secret=5ktKMHGi8J#?secret=74FI3dp4XW\" data-secret=\"74FI3dp4XW\" width=\"600\" height=\"338\" frameborder=\"0\" marginwidth=\"0\" marginheight=\"0\" scrolling=\"no\"><\/iframe><\/div>\n<p><strong>Alejandra Pizarnik<\/strong> naci\u00f3 en Buenos Aires, el 29 de Abril de 1936, en una familia de inmigrantes de Europa oriental.<\/p>\n<p>Estudi\u00f3 filosof\u00eda y letras en la Universidad de Buenos Aires y m\u00e1s tarde, pintura con Juan Batlle Planas. Entre 1960 y 1964, Pizarnik vivi\u00f3 en Par\u00eds donde trabaj\u00f3 para la revista<em><strong> \u00abCuadernos\u00bb<\/strong> <\/em>y algunas editoriales francesas, public\u00f3 poemas y cr\u00edticas en varios diarios, tradujo a Antonin Artaud, Henri Michaux, Aim\u00e9 Cesair\u00e9, e Yves Bonnefoy, y estudi\u00f3 historia de la religi\u00f3n y literatura francesa en la Sorbona.<\/p>\n<p>Luego de su retorno a Buenos Aires, Pizarnik public\u00f3 tres de sus principales vol\u00famenes, <em><strong>\u00abLos trabajos y las noches\u00bb, \u00abExtracci\u00f3n de la piedra de locura\u00bb <\/strong><\/em>y<em><strong> \u00abEl infierno musical\u00bb<\/strong><\/em>, as\u00ed como su trabajo en prosa <em><strong>\u00abLa condesa sangrienta\u00bb.<\/strong><\/em><\/p>\n<p>En 1969 recibi\u00f3 una beca Guggenheim, y en 1971 una Fullbright. El 25 de septiembre de 1972, mientras pasaba un fin de semana fuera de la cl\u00ednica siqui\u00e1trica donde estaba internada, Alejandra Pizarnik muri\u00f3 de una sobredosis intencional, con s\u00f3lo 36 a\u00f1os.<\/p>\n<div style=\"padding-bottom:20px; padding-top:10px;\" class=\"hupso-share-buttons\"><!-- Hupso Share Buttons - https:\/\/www.hupso.com\/share\/ --><a class=\"hupso_counters\" href=\"https:\/\/www.hupso.com\/share\/\"><img decoding=\"async\" src=\"http:\/\/static.hupso.com\/share\/buttons\/lang\/es\/share-small.png\" style=\"border:0px; padding-top:2px; float:left;\" alt=\"Share Button\"\/><\/a><script type=\"text\/javascript\">var hupso_services_c=new Array(\"twitter\",\"facebook_like\",\"google\");var hupso_counters_lang = \"es_LA\";var hupso_image_folder_url = \"\";var hupso_twitter_via=\"crsyvrs\";var hupso_url_c=\"\";<\/script><script type=\"text\/javascript\" src=\"http:\/\/static.hupso.com\/share\/js\/counters.js\"><\/script><!-- Hupso Share Buttons --><\/div> ","protected":false},"excerpt":{"rendered":"<div style=\"padding-bottom:20px; padding-top:10px;\" class=\"hupso-share-buttons\"><!-- Hupso Share Buttons - https:\/\/www.hupso.com\/share\/ --><a class=\"hupso_counters\" href=\"https:\/\/www.hupso.com\/share\/\"><img src=\"http:\/\/static.hupso.com\/share\/buttons\/lang\/es\/share-small.png\" style=\"border:0px; padding-top:2px; float:left;\" alt=\"Share Button\"\/><\/a><script type=\"text\/javascript\">var hupso_services_c=new Array(\"twitter\",\"facebook_like\",\"google\");var hupso_counters_lang = \"es_LA\";var hupso_image_folder_url = \"\";var hupso_twitter_via=\"crsyvrs\";var hupso_url_c=\"\";<\/script><script type=\"text\/javascript\" src=\"http:\/\/static.hupso.com\/share\/js\/counters.js\"><\/script><!-- Hupso Share Buttons --><\/div><p>El material fue depositado en el Instituto Cervantes, conjuntamente con el de la escritora cordobesa Mar\u00eda Teresa Andruetto. Una muestra sobre la poetisa argentina Alejandra Pizarnik permanece en la Caja de las Letras del Instituto Cervantes, donde fue depositado&#46;&#46;&#46;<\/p>\n<div style=\"padding-bottom:20px; padding-top:10px;\" class=\"hupso-share-buttons\"><!-- Hupso Share Buttons - https:\/\/www.hupso.com\/share\/ --><a class=\"hupso_counters\" href=\"https:\/\/www.hupso.com\/share\/\"><img src=\"http:\/\/static.hupso.com\/share\/buttons\/lang\/es\/share-small.png\" style=\"border:0px; padding-top:2px; float:left;\" alt=\"Share Button\"\/><\/a><script type=\"text\/javascript\">var hupso_services_c=new Array(\"twitter\",\"facebook_like\",\"google\");var hupso_counters_lang = \"es_LA\";var hupso_image_folder_url = \"\";var hupso_twitter_via=\"crsyvrs\";var hupso_url_c=\"\";<\/script><script type=\"text\/javascript\" src=\"http:\/\/static.hupso.com\/share\/js\/counters.js\"><\/script><!-- Hupso Share Buttons --><\/div>","protected":false},"author":5,"featured_media":21967,"comment_status":"open","ping_status":"closed","sticky":false,"template":"","format":"standard","meta":{"footnotes":""},"categories":[7],"tags":[1975,2294],"class_list":["post-21966","post","type-post","status-publish","format-standard","has-post-thumbnail","hentry","category-literatura","tag-alejandra-pizarnik","tag-maria-teresa-andruetto"],"_links":{"self":[{"href":"http:\/\/cronicasyversiones.com\/index.php?rest_route=\/wp\/v2\/posts\/21966","targetHints":{"allow":["GET"]}}],"collection":[{"href":"http:\/\/cronicasyversiones.com\/index.php?rest_route=\/wp\/v2\/posts"}],"about":[{"href":"http:\/\/cronicasyversiones.com\/index.php?rest_route=\/wp\/v2\/types\/post"}],"author":[{"embeddable":true,"href":"http:\/\/cronicasyversiones.com\/index.php?rest_route=\/wp\/v2\/users\/5"}],"replies":[{"embeddable":true,"href":"http:\/\/cronicasyversiones.com\/index.php?rest_route=%2Fwp%2Fv2%2Fcomments&post=21966"}],"version-history":[{"count":0,"href":"http:\/\/cronicasyversiones.com\/index.php?rest_route=\/wp\/v2\/posts\/21966\/revisions"}],"wp:featuredmedia":[{"embeddable":true,"href":"http:\/\/cronicasyversiones.com\/index.php?rest_route=\/wp\/v2\/media\/21967"}],"wp:attachment":[{"href":"http:\/\/cronicasyversiones.com\/index.php?rest_route=%2Fwp%2Fv2%2Fmedia&parent=21966"}],"wp:term":[{"taxonomy":"category","embeddable":true,"href":"http:\/\/cronicasyversiones.com\/index.php?rest_route=%2Fwp%2Fv2%2Fcategories&post=21966"},{"taxonomy":"post_tag","embeddable":true,"href":"http:\/\/cronicasyversiones.com\/index.php?rest_route=%2Fwp%2Fv2%2Ftags&post=21966"}],"curies":[{"name":"wp","href":"https:\/\/api.w.org\/{rel}","templated":true}]}}