{"id":22009,"date":"2019-01-25T23:18:15","date_gmt":"2019-01-26T02:18:15","guid":{"rendered":"http:\/\/cronicasyversiones.com\/?p=22009"},"modified":"2019-01-25T23:24:51","modified_gmt":"2019-01-26T02:24:51","slug":"lo-mejor-de-mi-esta-por-llegar-la-version-de-medea-de-jorge-acebo","status":"publish","type":"post","link":"http:\/\/cronicasyversiones.com\/?p=22009","title":{"rendered":"\u00abLo mejor de m\u00ed est\u00e1 por llegar\u00bb, la versi\u00f3n de \u00abMedea\u00bb de Jorge Acebo"},"content":{"rendered":"<div style=\"padding-bottom:20px; padding-top:10px;\" class=\"hupso-share-buttons\"><!-- Hupso Share Buttons - https:\/\/www.hupso.com\/share\/ --><a class=\"hupso_counters\" href=\"https:\/\/www.hupso.com\/share\/\"><img decoding=\"async\" src=\"http:\/\/static.hupso.com\/share\/buttons\/lang\/es\/share-small.png\" style=\"border:0px; padding-top:2px; float:left;\" alt=\"Share Button\"\/><\/a><script type=\"text\/javascript\">var hupso_services_c=new Array(\"twitter\",\"facebook_like\",\"google\");var hupso_counters_lang = \"es_LA\";var hupso_image_folder_url = \"\";var hupso_twitter_via=\"crsyvrs\";var hupso_url_c=\"\";<\/script><script type=\"text\/javascript\" src=\"http:\/\/static.hupso.com\/share\/js\/counters.js\"><\/script><!-- Hupso Share Buttons --><\/div><h2>La puesta es una versi\u00f3n contempor\u00e1nea de la obra Eur\u00edpides con la actuaci\u00f3n Florencia Gali\u00f1anes, que tiene como eje central de al patriarcado.<\/h2>\n<p><img loading=\"lazy\" decoding=\"async\" class=\"size-full wp-image-22010 aligncenter\" src=\"http:\/\/cronicasyversiones.com\/wp-content\/uploads\/2019\/01\/mejor.jpg\" alt=\"\" width=\"750\" height=\"500\" srcset=\"http:\/\/cronicasyversiones.com\/wp-content\/uploads\/2019\/01\/mejor.jpg 750w, http:\/\/cronicasyversiones.com\/wp-content\/uploads\/2019\/01\/mejor-300x200.jpg 300w, http:\/\/cronicasyversiones.com\/wp-content\/uploads\/2019\/01\/mejor-480x320.jpg 480w\" sizes=\"auto, (max-width: 750px) 100vw, 750px\" \/><\/p>\n<p><em><strong>\u201cLo mejor de m\u00ed est\u00e1 por llegar\u201d,<\/strong><\/em> escrita por <strong>Jorge Acebo <\/strong>y<strong> Juan Carlos Rivera<\/strong>, con direcci\u00f3n del primero, es una versi\u00f3n libre de <em><strong>\u201cMedea\u201d<\/strong><\/em>, de <strong>Eur\u00edpides,<\/strong> sale a escena los domingos a las 17 en <strong>El Arenal Teatro<\/strong>, ubicado Juan Ram\u00edrez de Velasco 444.<\/p>\n<p>La obra, es una versi\u00f3n libre y contempor\u00e1nea de<em><strong> \u201cMedea\u201d,<\/strong> <\/em>de Eur\u00edpides, que tiene como eje central de su desarrollo: <strong>el patriarcado.<\/strong><\/p>\n<p>Medea es una ni\u00f1a de campo. Un ser que aprendi\u00f3 a ser feliz en su mundo rural. Pero al transitar la adolescencia y el inicio de su edad adulta, comienzan los grandes cambios de la vida. Un viaje inverso al deseado. <strong>Un viaje hacia la oscuridad.<\/strong><\/p>\n<p>La intensa profundidad de sentir que se puede llegar a perder todo, hasta el sentido de la existencia.<\/p>\n<p>Esta obra fue declarada de inter\u00e9s social y cultural por la <strong>Confederaci\u00f3n Parlamentaria de las Am\u00e9ricas &#8211; Red de Mujeres Parlamentarias de las Am\u00e9ricas<\/strong> y cuenta con el apoyo de <strong>Mujeres sin miedo y Juntas y a la izquierda.<\/strong><\/p>\n<p>Con actuaci\u00f3n unipersonal de <strong>Florencia Gali\u00f1anes,<\/strong> la obra tiene m\u00fasica en vivo de Maximiliano Pugliese, c\u00e1mara en vivo de Nicol\u00e1s Condito con edici\u00f3n audiovisual de Nicol\u00e1s Tet\u00e9, luces de Paula Fraga, vestuario de Priscila Iaria y asistencia de direcci\u00f3n de Nicol\u00e1s Condito.<\/p>\n<p><em><strong>LEA TAMBI\u00c9N:<\/strong> <\/em><\/p>\n<div class=\"video-container\">\n<blockquote class=\"wp-embedded-content\" data-secret=\"mA5aIPCXnO\"><p><a href=\"https:\/\/cronicasyversiones.com\/?p=21980\">Una instalaci\u00f3n sobre la violencia de g\u00e9nero, en el Cultural San Mart\u00edn<\/a><\/p><\/blockquote>\n<p><iframe loading=\"lazy\" class=\"wp-embedded-content\" sandbox=\"allow-scripts\" security=\"restricted\" style=\"position: absolute; clip: rect(1px, 1px, 1px, 1px);\" title=\"\u00abUna instalaci\u00f3n sobre la violencia de g\u00e9nero, en el Cultural San Mart\u00edn\u00bb \u2014    \" src=\"https:\/\/cronicasyversiones.com\/?p=21980&#038;embed=true#?secret=RA2mE2mfmN#?secret=mA5aIPCXnO\" data-secret=\"mA5aIPCXnO\" width=\"600\" height=\"338\" frameborder=\"0\" marginwidth=\"0\" marginheight=\"0\" scrolling=\"no\"><\/iframe><\/div>\n<p><strong>Jorge Acebo<\/strong> es profesor universitario en Artes del Teatro, egresado del Instituto Universitario Nacional de Arte y director de teatro egresado del Colegio Superior de Artes del Teatro y la Comunicaci\u00f3n.<\/p>\n<p>En la Escuela Metropolitana de Arte Dram\u00e1tico realiz\u00f3 una especializaci\u00f3n docente de dos a\u00f1os y su formaci\u00f3n actoral fue realizada en la Escuela de Teatro de Buenos Aires, bajo la direcci\u00f3n de Ra\u00fal Serrano, adem\u00e1s de estudios con Alejandra Boero y Luciano Suardi, entre otros.<\/p>\n<div style=\"padding-bottom:20px; padding-top:10px;\" class=\"hupso-share-buttons\"><!-- Hupso Share Buttons - https:\/\/www.hupso.com\/share\/ --><a class=\"hupso_counters\" href=\"https:\/\/www.hupso.com\/share\/\"><img decoding=\"async\" src=\"http:\/\/static.hupso.com\/share\/buttons\/lang\/es\/share-small.png\" style=\"border:0px; padding-top:2px; float:left;\" alt=\"Share Button\"\/><\/a><script type=\"text\/javascript\">var hupso_services_c=new Array(\"twitter\",\"facebook_like\",\"google\");var hupso_counters_lang = \"es_LA\";var hupso_image_folder_url = \"\";var hupso_twitter_via=\"crsyvrs\";var hupso_url_c=\"\";<\/script><script type=\"text\/javascript\" src=\"http:\/\/static.hupso.com\/share\/js\/counters.js\"><\/script><!-- Hupso Share Buttons --><\/div> ","protected":false},"excerpt":{"rendered":"<div style=\"padding-bottom:20px; padding-top:10px;\" class=\"hupso-share-buttons\"><!-- Hupso Share Buttons - https:\/\/www.hupso.com\/share\/ --><a class=\"hupso_counters\" href=\"https:\/\/www.hupso.com\/share\/\"><img src=\"http:\/\/static.hupso.com\/share\/buttons\/lang\/es\/share-small.png\" style=\"border:0px; padding-top:2px; float:left;\" alt=\"Share Button\"\/><\/a><script type=\"text\/javascript\">var hupso_services_c=new Array(\"twitter\",\"facebook_like\",\"google\");var hupso_counters_lang = \"es_LA\";var hupso_image_folder_url = \"\";var hupso_twitter_via=\"crsyvrs\";var hupso_url_c=\"\";<\/script><script type=\"text\/javascript\" src=\"http:\/\/static.hupso.com\/share\/js\/counters.js\"><\/script><!-- Hupso Share Buttons --><\/div><p>La puesta es una versi\u00f3n contempor\u00e1nea de la obra Eur\u00edpides con la actuaci\u00f3n Florencia Gali\u00f1anes, que tiene como eje central de al patriarcado. \u201cLo mejor de m\u00ed est\u00e1 por llegar\u201d, escrita por Jorge Acebo y Juan Carlos Rivera, con&#46;&#46;&#46;<\/p>\n<div style=\"padding-bottom:20px; padding-top:10px;\" class=\"hupso-share-buttons\"><!-- Hupso Share Buttons - https:\/\/www.hupso.com\/share\/ --><a class=\"hupso_counters\" href=\"https:\/\/www.hupso.com\/share\/\"><img src=\"http:\/\/static.hupso.com\/share\/buttons\/lang\/es\/share-small.png\" style=\"border:0px; padding-top:2px; float:left;\" alt=\"Share Button\"\/><\/a><script type=\"text\/javascript\">var hupso_services_c=new Array(\"twitter\",\"facebook_like\",\"google\");var hupso_counters_lang = \"es_LA\";var hupso_image_folder_url = \"\";var hupso_twitter_via=\"crsyvrs\";var hupso_url_c=\"\";<\/script><script type=\"text\/javascript\" src=\"http:\/\/static.hupso.com\/share\/js\/counters.js\"><\/script><!-- Hupso Share Buttons --><\/div>","protected":false},"author":5,"featured_media":0,"comment_status":"open","ping_status":"closed","sticky":false,"template":"","format":"standard","meta":{"footnotes":""},"categories":[5],"tags":[9134,9135,2785,9133],"class_list":["post-22009","post","type-post","status-publish","format-standard","hentry","category-teatro","tag-el-arenal-teatro","tag-florencia-galinanes","tag-jorge-acebo","tag-juan-carlos-rivera"],"_links":{"self":[{"href":"http:\/\/cronicasyversiones.com\/index.php?rest_route=\/wp\/v2\/posts\/22009","targetHints":{"allow":["GET"]}}],"collection":[{"href":"http:\/\/cronicasyversiones.com\/index.php?rest_route=\/wp\/v2\/posts"}],"about":[{"href":"http:\/\/cronicasyversiones.com\/index.php?rest_route=\/wp\/v2\/types\/post"}],"author":[{"embeddable":true,"href":"http:\/\/cronicasyversiones.com\/index.php?rest_route=\/wp\/v2\/users\/5"}],"replies":[{"embeddable":true,"href":"http:\/\/cronicasyversiones.com\/index.php?rest_route=%2Fwp%2Fv2%2Fcomments&post=22009"}],"version-history":[{"count":0,"href":"http:\/\/cronicasyversiones.com\/index.php?rest_route=\/wp\/v2\/posts\/22009\/revisions"}],"wp:attachment":[{"href":"http:\/\/cronicasyversiones.com\/index.php?rest_route=%2Fwp%2Fv2%2Fmedia&parent=22009"}],"wp:term":[{"taxonomy":"category","embeddable":true,"href":"http:\/\/cronicasyversiones.com\/index.php?rest_route=%2Fwp%2Fv2%2Fcategories&post=22009"},{"taxonomy":"post_tag","embeddable":true,"href":"http:\/\/cronicasyversiones.com\/index.php?rest_route=%2Fwp%2Fv2%2Ftags&post=22009"}],"curies":[{"name":"wp","href":"https:\/\/api.w.org\/{rel}","templated":true}]}}