{"id":22028,"date":"2019-02-03T11:03:47","date_gmt":"2019-02-03T14:03:47","guid":{"rendered":"http:\/\/cronicasyversiones.com\/?p=22028"},"modified":"2019-02-03T11:03:47","modified_gmt":"2019-02-03T14:03:47","slug":"diciembre-una-comedia-negra-de-mariana-armelin-y-diego-leske","status":"publish","type":"post","link":"http:\/\/cronicasyversiones.com\/?p=22028","title":{"rendered":"\u201cDiciembre\u201d, una comedia negra de Mariana Armelin y Diego Leske"},"content":{"rendered":"<div style=\"padding-bottom:20px; padding-top:10px;\" class=\"hupso-share-buttons\"><!-- Hupso Share Buttons - https:\/\/www.hupso.com\/share\/ --><a class=\"hupso_counters\" href=\"https:\/\/www.hupso.com\/share\/\"><img decoding=\"async\" src=\"http:\/\/static.hupso.com\/share\/buttons\/lang\/es\/share-small.png\" style=\"border:0px; padding-top:2px; float:left;\" alt=\"Share Button\"\/><\/a><script type=\"text\/javascript\">var hupso_services_c=new Array(\"twitter\",\"facebook_like\",\"google\");var hupso_counters_lang = \"es_LA\";var hupso_image_folder_url = \"\";var hupso_twitter_via=\"crsyvrs\";var hupso_url_c=\"\";<\/script><script type=\"text\/javascript\" src=\"http:\/\/static.hupso.com\/share\/js\/counters.js\"><\/script><!-- Hupso Share Buttons --><\/div><h2>La obra muestra como en plena crisis econ\u00f3mica el due\u00f1o de una cueva del microcentro est\u00e1 por hacer el mejor negocio de su vida.<\/h2>\n<p><img loading=\"lazy\" decoding=\"async\" class=\" wp-image-22030 aligncenter\" src=\"http:\/\/cronicasyversiones.com\/wp-content\/uploads\/2019\/01\/diciembre-1024x682.jpg\" alt=\"\" width=\"752\" height=\"501\" srcset=\"http:\/\/cronicasyversiones.com\/wp-content\/uploads\/2019\/01\/diciembre-1024x682.jpg 1024w, http:\/\/cronicasyversiones.com\/wp-content\/uploads\/2019\/01\/diciembre-300x200.jpg 300w, http:\/\/cronicasyversiones.com\/wp-content\/uploads\/2019\/01\/diciembre-768x512.jpg 768w, http:\/\/cronicasyversiones.com\/wp-content\/uploads\/2019\/01\/diciembre-480x320.jpg 480w, http:\/\/cronicasyversiones.com\/wp-content\/uploads\/2019\/01\/diciembre.jpg 1280w\" sizes=\"auto, (max-width: 752px) 100vw, 752px\" \/><\/p>\n<p><em><strong>\u201cDiciembre\u201d<\/strong><\/em>, una comedia negra, reflejo de nuestra sociedad, de<strong> Mariana Armelin <\/strong>y<strong> Diego Leske,<\/strong> con direcci\u00f3n de este \u00faltimo, sale a escena los viernes a las 20,30 en <strong>N\u00fcn Teatro Bar<\/strong>, ubicado en Juan Ram\u00edrez de Velazco 419.<\/p>\n<p><strong>Diciembre. Buenos Aires. Plena debacle econ\u00f3mica<\/strong>. Mientras en las calles el pueblo grita su furia, Alfredo, el due\u00f1o de una cueva del microcentro, est\u00e1 por hacer el mejor negocio de su vida.<\/p>\n<p>Ganar\u00e1 una fortuna gracias a las predicciones de Pajarito, un particular genio matem\u00e1tico que anticipa la cotizaci\u00f3n del d\u00f3lar. Sin embargo, algo sale mal cuando Selva, la secretaria y amante de Alfredo, se siente dejada de lado.<\/p>\n<p><em><strong>\u201cDiciembre\u201d<\/strong><\/em> revela los fotogramas m\u00e1s oscuros de la sociedad argentina y su folclore econ\u00f3mico. En esta comedia negra con tinte hiperrealista una crisis financiera anacr\u00f3nica &#8211; podr\u00eda ser 2001, 2018 o 2030 \u2013 ocurre en paralelo con una historia de amor tr\u00e1gic.<\/p>\n<blockquote><p>\u00abEscribimos esta obra junto a Mariana Armelin en marzo de 2017. Aunque no hay que ser un gur\u00fa financiero para saber que en Argentina las crisis son c\u00edclicas, los \u00faltimos acontecimientos econ\u00f3micos le han dado a Diciembre una relevancia escalofriante. De todas formas, m\u00e1s all\u00e1 de su actualidad econ\u00f3mica, esta comedia negra tiene mucho humor y una historia de amor potente\u00bb, dice Diego Leske.<\/p><\/blockquote>\n<p>El elenco lo completan F<strong>lorencia Sacchi, Mat\u00edas Corradino y Diego Leske<\/strong>, con direcci\u00f3n actoral de <strong>Flavio Nardini.<\/strong><\/p>\n<p><em><strong>LEA TAMBI\u00c9N:<\/strong><\/em><\/p>\n<div class=\"video-container\">\n<blockquote class=\"wp-embedded-content\" data-secret=\"Js1KsOape7\"><p><a href=\"http:\/\/cronicasyversiones.com\/?p=21963\">\u201cEl amor es un bien\u201d, de Francisco Lumerman, arranca su quinta temporada<\/a><\/p><\/blockquote>\n<p><iframe loading=\"lazy\" class=\"wp-embedded-content\" sandbox=\"allow-scripts\" security=\"restricted\" style=\"position: absolute; clip: rect(1px, 1px, 1px, 1px);\" title=\"\u00ab\u201cEl amor es un bien\u201d, de Francisco Lumerman, arranca su quinta temporada\u00bb \u2014    \" src=\"http:\/\/cronicasyversiones.com\/?p=21963&#038;embed=true#?secret=CjDCG6Eyn9#?secret=Js1KsOape7\" data-secret=\"Js1KsOape7\" width=\"600\" height=\"338\" frameborder=\"0\" marginwidth=\"0\" marginheight=\"0\" scrolling=\"no\"><\/iframe><\/div>\n<p>La producci\u00f3n es de Mariana Armelin, el vestuario de Virna Cortinovis Reina, la escenograf\u00eda de Jos\u00e9 Escobar y la iluminaci\u00f3n de Ricardo Sica.<\/p>\n<p>La m\u00fasica original es Cristian Martino &amp; Fernando Iguacel (\u201cCanci\u00f3n Chamacash\u201d) y Jorge Siarri &amp; Hernan Siarri (\u201cCortina Telegenios\u201d).<\/p>\n<p>&nbsp;<\/p>\n<div style=\"padding-bottom:20px; padding-top:10px;\" class=\"hupso-share-buttons\"><!-- Hupso Share Buttons - https:\/\/www.hupso.com\/share\/ --><a class=\"hupso_counters\" href=\"https:\/\/www.hupso.com\/share\/\"><img decoding=\"async\" src=\"http:\/\/static.hupso.com\/share\/buttons\/lang\/es\/share-small.png\" style=\"border:0px; padding-top:2px; float:left;\" alt=\"Share Button\"\/><\/a><script type=\"text\/javascript\">var hupso_services_c=new Array(\"twitter\",\"facebook_like\",\"google\");var hupso_counters_lang = \"es_LA\";var hupso_image_folder_url = \"\";var hupso_twitter_via=\"crsyvrs\";var hupso_url_c=\"\";<\/script><script type=\"text\/javascript\" src=\"http:\/\/static.hupso.com\/share\/js\/counters.js\"><\/script><!-- Hupso Share Buttons --><\/div> ","protected":false},"excerpt":{"rendered":"<div style=\"padding-bottom:20px; padding-top:10px;\" class=\"hupso-share-buttons\"><!-- Hupso Share Buttons - https:\/\/www.hupso.com\/share\/ --><a class=\"hupso_counters\" href=\"https:\/\/www.hupso.com\/share\/\"><img src=\"http:\/\/static.hupso.com\/share\/buttons\/lang\/es\/share-small.png\" style=\"border:0px; padding-top:2px; float:left;\" alt=\"Share Button\"\/><\/a><script type=\"text\/javascript\">var hupso_services_c=new Array(\"twitter\",\"facebook_like\",\"google\");var hupso_counters_lang = \"es_LA\";var hupso_image_folder_url = \"\";var hupso_twitter_via=\"crsyvrs\";var hupso_url_c=\"\";<\/script><script type=\"text\/javascript\" src=\"http:\/\/static.hupso.com\/share\/js\/counters.js\"><\/script><!-- Hupso Share Buttons --><\/div><p>La obra muestra como en plena crisis econ\u00f3mica el due\u00f1o de una cueva del microcentro est\u00e1 por hacer el mejor negocio de su vida. \u201cDiciembre\u201d, una comedia negra, reflejo de nuestra sociedad, de Mariana Armelin y Diego Leske, con&#46;&#46;&#46;<\/p>\n<div style=\"padding-bottom:20px; padding-top:10px;\" class=\"hupso-share-buttons\"><!-- Hupso Share Buttons - https:\/\/www.hupso.com\/share\/ --><a class=\"hupso_counters\" href=\"https:\/\/www.hupso.com\/share\/\"><img src=\"http:\/\/static.hupso.com\/share\/buttons\/lang\/es\/share-small.png\" style=\"border:0px; padding-top:2px; float:left;\" alt=\"Share Button\"\/><\/a><script type=\"text\/javascript\">var hupso_services_c=new Array(\"twitter\",\"facebook_like\",\"google\");var hupso_counters_lang = \"es_LA\";var hupso_image_folder_url = \"\";var hupso_twitter_via=\"crsyvrs\";var hupso_url_c=\"\";<\/script><script type=\"text\/javascript\" src=\"http:\/\/static.hupso.com\/share\/js\/counters.js\"><\/script><!-- Hupso Share Buttons --><\/div>","protected":false},"author":5,"featured_media":22030,"comment_status":"open","ping_status":"closed","sticky":false,"template":"","format":"standard","meta":{"footnotes":""},"categories":[5],"tags":[9138,9137,6619],"class_list":["post-22028","post","type-post","status-publish","format-standard","has-post-thumbnail","hentry","category-teatro","tag-diego-leske","tag-mariana-armelin","tag-nun-teatro-bar"],"_links":{"self":[{"href":"http:\/\/cronicasyversiones.com\/index.php?rest_route=\/wp\/v2\/posts\/22028","targetHints":{"allow":["GET"]}}],"collection":[{"href":"http:\/\/cronicasyversiones.com\/index.php?rest_route=\/wp\/v2\/posts"}],"about":[{"href":"http:\/\/cronicasyversiones.com\/index.php?rest_route=\/wp\/v2\/types\/post"}],"author":[{"embeddable":true,"href":"http:\/\/cronicasyversiones.com\/index.php?rest_route=\/wp\/v2\/users\/5"}],"replies":[{"embeddable":true,"href":"http:\/\/cronicasyversiones.com\/index.php?rest_route=%2Fwp%2Fv2%2Fcomments&post=22028"}],"version-history":[{"count":0,"href":"http:\/\/cronicasyversiones.com\/index.php?rest_route=\/wp\/v2\/posts\/22028\/revisions"}],"wp:featuredmedia":[{"embeddable":true,"href":"http:\/\/cronicasyversiones.com\/index.php?rest_route=\/wp\/v2\/media\/22030"}],"wp:attachment":[{"href":"http:\/\/cronicasyversiones.com\/index.php?rest_route=%2Fwp%2Fv2%2Fmedia&parent=22028"}],"wp:term":[{"taxonomy":"category","embeddable":true,"href":"http:\/\/cronicasyversiones.com\/index.php?rest_route=%2Fwp%2Fv2%2Fcategories&post=22028"},{"taxonomy":"post_tag","embeddable":true,"href":"http:\/\/cronicasyversiones.com\/index.php?rest_route=%2Fwp%2Fv2%2Ftags&post=22028"}],"curies":[{"name":"wp","href":"https:\/\/api.w.org\/{rel}","templated":true}]}}