{"id":22062,"date":"2019-01-31T21:28:57","date_gmt":"2019-02-01T00:28:57","guid":{"rendered":"http:\/\/cronicasyversiones.com\/?p=22062"},"modified":"2019-01-31T21:28:57","modified_gmt":"2019-02-01T00:28:57","slug":"abrieron-la-convocatoria-de-una-nueva-edicion-de-la-bienal-arte-joven","status":"publish","type":"post","link":"http:\/\/cronicasyversiones.com\/?p=22062","title":{"rendered":"Abrieron la convocatoria de una nueva edici\u00f3n de la Bienal Arte Joven"},"content":{"rendered":"<div style=\"padding-bottom:20px; padding-top:10px;\" class=\"hupso-share-buttons\"><!-- Hupso Share Buttons - https:\/\/www.hupso.com\/share\/ --><a class=\"hupso_counters\" href=\"https:\/\/www.hupso.com\/share\/\"><img decoding=\"async\" src=\"http:\/\/static.hupso.com\/share\/buttons\/lang\/es\/share-small.png\" style=\"border:0px; padding-top:2px; float:left;\" alt=\"Share Button\"\/><\/a><script type=\"text\/javascript\">var hupso_services_c=new Array(\"twitter\",\"facebook_like\",\"google\");var hupso_counters_lang = \"es_LA\";var hupso_image_folder_url = \"\";var hupso_twitter_via=\"crsyvrs\";var hupso_url_c=\"\";<\/script><script type=\"text\/javascript\" src=\"http:\/\/static.hupso.com\/share\/js\/counters.js\"><\/script><!-- Hupso Share Buttons --><\/div><h2>Podr\u00e1n participar artistas, de entre 18 y 32 a\u00f1os, en cinco disciplinas: visuales, esc\u00e9nicas, audiovisuales, m\u00fasica y literatura.<\/h2>\n<p><img loading=\"lazy\" decoding=\"async\" class=\"size-full wp-image-22063 aligncenter\" src=\"http:\/\/cronicasyversiones.com\/wp-content\/uploads\/2019\/01\/bienal.jpg\" alt=\"\" width=\"750\" height=\"415\" srcset=\"http:\/\/cronicasyversiones.com\/wp-content\/uploads\/2019\/01\/bienal.jpg 750w, http:\/\/cronicasyversiones.com\/wp-content\/uploads\/2019\/01\/bienal-300x166.jpg 300w\" sizes=\"auto, (max-width: 750px) 100vw, 750px\" \/><\/p>\n<p>La nueva edici\u00f3n de la <strong>Bienal Arte Joven Buenos Aires<\/strong> abrir\u00e1 este viernes un total de 10 convocatorias destinadas a artistas, de entre 18 y 32 a\u00f1os, que podr\u00e1n postularse con un proyecto para producir o a trav\u00e9s de una obra pre-existente en cinco disciplinas: <strong>visuales, esc\u00e9nicas, audiovisuales, m\u00fasica y literatura.<\/strong><\/p>\n<p>La inscripci\u00f3n se realizar\u00e1 online hasta el 7 de marzo en https:\/\/bienal.buenosaires.gob.ar\/convocatorias, en donde ya se pueden consultar los materiales y condiciones generales de cada convocatoria.<\/p>\n<p>Este a\u00f1o se seleccionar\u00e1n m\u00e1s de 250 artistas que exhibir\u00e1n sus producciones y participar\u00e1n de procesos de formaci\u00f3n y creaci\u00f3n a lo largo del a\u00f1o.<\/p>\n<p><strong>Se desarrollar\u00e1n 18 proyectos mediante financiamiento, apoyo t\u00e9cnico y log\u00edstico y programas de tutor\u00edas:<\/strong> se inaugurar\u00e1n cuatro muestras individuales de artistas visuales, se estrenar\u00e1n tres proyectos de experimentaci\u00f3n audiovisual y cinco obras esc\u00e9nicas, se editar\u00e1n tres novelas y se producir\u00e1n tres discos.<\/p>\n<p>En junio se anunciar\u00e1 qui\u00e9nes ser\u00e1n los bienalistas de esta nueva edici\u00f3n, seleccionados por grandes referentes de cada disciplina.<\/p>\n<p>En agosto se realizar\u00e1 el<strong> Campus Bienal,<\/strong> integrado por cinco Programas intensivos de formaci\u00f3n interdisciplinaria del que participan los artistas seleccionados en La Bienal junto a artistas internacionales invitados a la Residencia Internacional Campus Bienal.<\/p>\n<p><img loading=\"lazy\" decoding=\"async\" class=\"size-full wp-image-22064 aligncenter\" src=\"http:\/\/cronicasyversiones.com\/wp-content\/uploads\/2019\/01\/bienal-2.jpg\" alt=\"\" width=\"750\" height=\"414\" srcset=\"http:\/\/cronicasyversiones.com\/wp-content\/uploads\/2019\/01\/bienal-2.jpg 750w, http:\/\/cronicasyversiones.com\/wp-content\/uploads\/2019\/01\/bienal-2-300x166.jpg 300w\" sizes=\"auto, (max-width: 750px) 100vw, 750px\" \/><\/p>\n<p>Todas las obras ser\u00e1n presentadas en septiembre, durante el evento de exhibici\u00f3n de La Bienal en el que los artistas elegidos de todas las disciplinas compartir\u00e1n sus creaciones.<\/p>\n<p>La muestra se realizar\u00e1 entre el 25 al 29 de septiembre con sede central en el <strong>Centro Cultural Recoleta,<\/strong> a 30 a\u00f1os de la primera Bienal de Arte Joven, que tambi\u00e9n tuvo lugar en el Recoleta, en 1989.<\/p>\n<p><strong>Algunas de las residencias y programas de las que participar\u00e1n los bienalistas ganadores de esta edici\u00f3n de La Bienal son:<\/strong> Lincoln Center (New York), Doc Lisboa (Lisboa), Hangar Lisboa (Lisboa), M\u00e1rgenes (Madrid), Talent Campus (Buenos Aires), El\u00edas Querejeta Zine Eskola (San Sebasti\u00e1n), Odin Teatret (Holstebro), Urra (Tigre), Hangar.org (Barcelona), Casa Tres Patios (Medell\u00edn), Piv\u00f3 (San Pablo), Mundo Dios (Mar del Plata) y Vila Sul &#8211; Goethe-Institut (San Salvador de Bah\u00eda).<\/p>\n<p>&nbsp;<\/p>\n<p>&nbsp;<\/p>\n<div style=\"padding-bottom:20px; padding-top:10px;\" class=\"hupso-share-buttons\"><!-- Hupso Share Buttons - https:\/\/www.hupso.com\/share\/ --><a class=\"hupso_counters\" href=\"https:\/\/www.hupso.com\/share\/\"><img decoding=\"async\" src=\"http:\/\/static.hupso.com\/share\/buttons\/lang\/es\/share-small.png\" style=\"border:0px; padding-top:2px; float:left;\" alt=\"Share Button\"\/><\/a><script type=\"text\/javascript\">var hupso_services_c=new Array(\"twitter\",\"facebook_like\",\"google\");var hupso_counters_lang = \"es_LA\";var hupso_image_folder_url = \"\";var hupso_twitter_via=\"crsyvrs\";var hupso_url_c=\"\";<\/script><script type=\"text\/javascript\" src=\"http:\/\/static.hupso.com\/share\/js\/counters.js\"><\/script><!-- Hupso Share Buttons --><\/div> ","protected":false},"excerpt":{"rendered":"<div style=\"padding-bottom:20px; padding-top:10px;\" class=\"hupso-share-buttons\"><!-- Hupso Share Buttons - https:\/\/www.hupso.com\/share\/ --><a class=\"hupso_counters\" href=\"https:\/\/www.hupso.com\/share\/\"><img src=\"http:\/\/static.hupso.com\/share\/buttons\/lang\/es\/share-small.png\" style=\"border:0px; padding-top:2px; float:left;\" alt=\"Share Button\"\/><\/a><script type=\"text\/javascript\">var hupso_services_c=new Array(\"twitter\",\"facebook_like\",\"google\");var hupso_counters_lang = \"es_LA\";var hupso_image_folder_url = \"\";var hupso_twitter_via=\"crsyvrs\";var hupso_url_c=\"\";<\/script><script type=\"text\/javascript\" src=\"http:\/\/static.hupso.com\/share\/js\/counters.js\"><\/script><!-- Hupso Share Buttons --><\/div><p>Podr\u00e1n participar artistas, de entre 18 y 32 a\u00f1os, en cinco disciplinas: visuales, esc\u00e9nicas, audiovisuales, m\u00fasica y literatura. La nueva edici\u00f3n de la Bienal Arte Joven Buenos Aires abrir\u00e1 este viernes un total de 10 convocatorias destinadas a artistas,&#46;&#46;&#46;<\/p>\n<div style=\"padding-bottom:20px; padding-top:10px;\" class=\"hupso-share-buttons\"><!-- Hupso Share Buttons - https:\/\/www.hupso.com\/share\/ --><a class=\"hupso_counters\" href=\"https:\/\/www.hupso.com\/share\/\"><img src=\"http:\/\/static.hupso.com\/share\/buttons\/lang\/es\/share-small.png\" style=\"border:0px; padding-top:2px; float:left;\" alt=\"Share Button\"\/><\/a><script type=\"text\/javascript\">var hupso_services_c=new Array(\"twitter\",\"facebook_like\",\"google\");var hupso_counters_lang = \"es_LA\";var hupso_image_folder_url = \"\";var hupso_twitter_via=\"crsyvrs\";var hupso_url_c=\"\";<\/script><script type=\"text\/javascript\" src=\"http:\/\/static.hupso.com\/share\/js\/counters.js\"><\/script><!-- Hupso Share Buttons --><\/div>","protected":false},"author":5,"featured_media":22063,"comment_status":"open","ping_status":"closed","sticky":false,"template":"","format":"standard","meta":{"footnotes":""},"categories":[9],"tags":[7706,180],"class_list":["post-22062","post","type-post","status-publish","format-standard","has-post-thumbnail","hentry","category-sociedad","tag-bienal-arte-joven-buenos-aires","tag-centro-cultural-recoleta"],"_links":{"self":[{"href":"http:\/\/cronicasyversiones.com\/index.php?rest_route=\/wp\/v2\/posts\/22062","targetHints":{"allow":["GET"]}}],"collection":[{"href":"http:\/\/cronicasyversiones.com\/index.php?rest_route=\/wp\/v2\/posts"}],"about":[{"href":"http:\/\/cronicasyversiones.com\/index.php?rest_route=\/wp\/v2\/types\/post"}],"author":[{"embeddable":true,"href":"http:\/\/cronicasyversiones.com\/index.php?rest_route=\/wp\/v2\/users\/5"}],"replies":[{"embeddable":true,"href":"http:\/\/cronicasyversiones.com\/index.php?rest_route=%2Fwp%2Fv2%2Fcomments&post=22062"}],"version-history":[{"count":0,"href":"http:\/\/cronicasyversiones.com\/index.php?rest_route=\/wp\/v2\/posts\/22062\/revisions"}],"wp:featuredmedia":[{"embeddable":true,"href":"http:\/\/cronicasyversiones.com\/index.php?rest_route=\/wp\/v2\/media\/22063"}],"wp:attachment":[{"href":"http:\/\/cronicasyversiones.com\/index.php?rest_route=%2Fwp%2Fv2%2Fmedia&parent=22062"}],"wp:term":[{"taxonomy":"category","embeddable":true,"href":"http:\/\/cronicasyversiones.com\/index.php?rest_route=%2Fwp%2Fv2%2Fcategories&post=22062"},{"taxonomy":"post_tag","embeddable":true,"href":"http:\/\/cronicasyversiones.com\/index.php?rest_route=%2Fwp%2Fv2%2Ftags&post=22062"}],"curies":[{"name":"wp","href":"https:\/\/api.w.org\/{rel}","templated":true}]}}