{"id":22074,"date":"2019-01-31T17:47:44","date_gmt":"2019-01-31T20:47:44","guid":{"rendered":"http:\/\/cronicasyversiones.com\/?p=22074"},"modified":"2019-01-31T17:47:44","modified_gmt":"2019-01-31T20:47:44","slug":"el-primer-trailer-de-dolor-y-gloria-de-pedro-almodovar","status":"publish","type":"post","link":"http:\/\/cronicasyversiones.com\/?p=22074","title":{"rendered":"El primer tr\u00e1iler de \u00abDolor y gloria\u00bb de Pedro Almod\u00f3var"},"content":{"rendered":"<div style=\"padding-bottom:20px; padding-top:10px;\" class=\"hupso-share-buttons\"><!-- Hupso Share Buttons - https:\/\/www.hupso.com\/share\/ --><a class=\"hupso_counters\" href=\"https:\/\/www.hupso.com\/share\/\"><img decoding=\"async\" src=\"http:\/\/static.hupso.com\/share\/buttons\/lang\/es\/share-small.png\" style=\"border:0px; padding-top:2px; float:left;\" alt=\"Share Button\"\/><\/a><script type=\"text\/javascript\">var hupso_services_c=new Array(\"twitter\",\"facebook_like\",\"google\");var hupso_counters_lang = \"es_LA\";var hupso_image_folder_url = \"\";var hupso_twitter_via=\"crsyvrs\";var hupso_url_c=\"\";<\/script><script type=\"text\/javascript\" src=\"http:\/\/static.hupso.com\/share\/js\/counters.js\"><\/script><!-- Hupso Share Buttons --><\/div><h2>Con Antonio Banderas y Pen\u00e9lope Cruz, junto a un elenco estelar, se public\u00f3 un avanza de la nueva pel\u00edcula del director manchego.<\/h2>\n<p><img loading=\"lazy\" decoding=\"async\" class=\"size-full wp-image-22075 aligncenter\" src=\"http:\/\/cronicasyversiones.com\/wp-content\/uploads\/2019\/01\/penelope.jpg\" alt=\"\" width=\"750\" height=\"485\" srcset=\"http:\/\/cronicasyversiones.com\/wp-content\/uploads\/2019\/01\/penelope.jpg 750w, http:\/\/cronicasyversiones.com\/wp-content\/uploads\/2019\/01\/penelope-300x194.jpg 300w\" sizes=\"auto, (max-width: 750px) 100vw, 750px\" \/><\/p>\n<p>Con <strong><em>\u00abCome sinfonia\u00bb,<\/em><\/strong> interpretado por la italiana Mina, sali\u00f3 a la luz el primer tr\u00e1iler de <strong><em>\u00abDolor y gloria\u00bb,<\/em><\/strong> la nueva pel\u00edcula de <strong>Pedro Almod\u00f3var.<\/strong><\/p>\n<p>Con <strong>Antonio Banderas <\/strong>y<strong> Pen\u00e9lope Cruz,<\/strong> el film tambi\u00e9n cuenta con las actuaciones de \u00a0<strong>Asier Etxeand\u00eda, Leonardo Sbaraglia, Nora Navas y Julieta Serrano.<\/strong><\/p>\n<p>La pel\u00edcula cuanta \u00abuna serie de reencuentros de Salvador Mallo, un director de cine en su ocaso\u00bb, seg\u00fan la sinopsis.<\/p>\n<p>\u00abDolor y gloria\u00bb habla de la creaci\u00f3n, de la dificultad de separarla de la propia vida y de las pasiones que le dan sentido y esperanza. En la recuperaci\u00f3n de su pasado, Salvador encuentra la necesidad urgente de narrarlo, y en esa necesidad, encuentra tambi\u00e9n su salvaci\u00f3n.<\/p>\n<p>El estreno de la pel\u00edcula est\u00e1 previsto para el 22 de marzo.<\/p>\n<p><iframe loading=\"lazy\" src=\"https:\/\/www.youtube.com\/embed\/4GMO3BgUIOk\" width=\"600\" height=\"350\" frameborder=\"0\" allowfullscreen=\"allowfullscreen\"><\/iframe><\/p>\n<p><strong>Pedro Almod\u00f3var<\/strong> es un director de cine, guionista y productor espa\u00f1ol, el que mayor aclamaci\u00f3n y resonancia logr\u00f3 fuera de Espa\u00f1a en las \u00faltimas d\u00e9cadas desde el cineasta Luis Bu\u00f1uel.<\/p>\n<p>Con m\u00e1s de 20 t\u00edtulos en su filmograf\u00eda, este director manchego tiene un sello propio y las tem\u00e1ticas de sus pel\u00edculas bucean en ocasiones en el universo femenino protagonizadas por las <strong><em>\u201cChicas Almod\u00f3var\u201d,<\/em><\/strong> en \u00e1mbitos marginales y con ciertas cr\u00edticas a los sectores m\u00e1s conservadores.<\/p>\n<div style=\"padding-bottom:20px; padding-top:10px;\" class=\"hupso-share-buttons\"><!-- Hupso Share Buttons - https:\/\/www.hupso.com\/share\/ --><a class=\"hupso_counters\" href=\"https:\/\/www.hupso.com\/share\/\"><img decoding=\"async\" src=\"http:\/\/static.hupso.com\/share\/buttons\/lang\/es\/share-small.png\" style=\"border:0px; padding-top:2px; float:left;\" alt=\"Share Button\"\/><\/a><script type=\"text\/javascript\">var hupso_services_c=new Array(\"twitter\",\"facebook_like\",\"google\");var hupso_counters_lang = \"es_LA\";var hupso_image_folder_url = \"\";var hupso_twitter_via=\"crsyvrs\";var hupso_url_c=\"\";<\/script><script type=\"text\/javascript\" src=\"http:\/\/static.hupso.com\/share\/js\/counters.js\"><\/script><!-- Hupso Share Buttons --><\/div> ","protected":false},"excerpt":{"rendered":"<div style=\"padding-bottom:20px; padding-top:10px;\" class=\"hupso-share-buttons\"><!-- Hupso Share Buttons - https:\/\/www.hupso.com\/share\/ --><a class=\"hupso_counters\" href=\"https:\/\/www.hupso.com\/share\/\"><img src=\"http:\/\/static.hupso.com\/share\/buttons\/lang\/es\/share-small.png\" style=\"border:0px; padding-top:2px; float:left;\" alt=\"Share Button\"\/><\/a><script type=\"text\/javascript\">var hupso_services_c=new Array(\"twitter\",\"facebook_like\",\"google\");var hupso_counters_lang = \"es_LA\";var hupso_image_folder_url = \"\";var hupso_twitter_via=\"crsyvrs\";var hupso_url_c=\"\";<\/script><script type=\"text\/javascript\" src=\"http:\/\/static.hupso.com\/share\/js\/counters.js\"><\/script><!-- Hupso Share Buttons --><\/div><p>Con Antonio Banderas y Pen\u00e9lope Cruz, junto a un elenco estelar, se public\u00f3 un avanza de la nueva pel\u00edcula del director manchego. Con \u00abCome sinfonia\u00bb, interpretado por la italiana Mina, sali\u00f3 a la luz el primer tr\u00e1iler de \u00abDolor&#46;&#46;&#46;<\/p>\n<div style=\"padding-bottom:20px; padding-top:10px;\" class=\"hupso-share-buttons\"><!-- Hupso Share Buttons - https:\/\/www.hupso.com\/share\/ --><a class=\"hupso_counters\" href=\"https:\/\/www.hupso.com\/share\/\"><img src=\"http:\/\/static.hupso.com\/share\/buttons\/lang\/es\/share-small.png\" style=\"border:0px; padding-top:2px; float:left;\" alt=\"Share Button\"\/><\/a><script type=\"text\/javascript\">var hupso_services_c=new Array(\"twitter\",\"facebook_like\",\"google\");var hupso_counters_lang = \"es_LA\";var hupso_image_folder_url = \"\";var hupso_twitter_via=\"crsyvrs\";var hupso_url_c=\"\";<\/script><script type=\"text\/javascript\" src=\"http:\/\/static.hupso.com\/share\/js\/counters.js\"><\/script><!-- Hupso Share Buttons --><\/div>","protected":false},"author":5,"featured_media":22075,"comment_status":"open","ping_status":"closed","sticky":false,"template":"","format":"standard","meta":{"footnotes":""},"categories":[4],"tags":[1337,545,541],"class_list":["post-22074","post","type-post","status-publish","format-standard","has-post-thumbnail","hentry","category-cine","tag-antonio-banderas","tag-pedro-almodovar","tag-penelope-cruz"],"_links":{"self":[{"href":"http:\/\/cronicasyversiones.com\/index.php?rest_route=\/wp\/v2\/posts\/22074","targetHints":{"allow":["GET"]}}],"collection":[{"href":"http:\/\/cronicasyversiones.com\/index.php?rest_route=\/wp\/v2\/posts"}],"about":[{"href":"http:\/\/cronicasyversiones.com\/index.php?rest_route=\/wp\/v2\/types\/post"}],"author":[{"embeddable":true,"href":"http:\/\/cronicasyversiones.com\/index.php?rest_route=\/wp\/v2\/users\/5"}],"replies":[{"embeddable":true,"href":"http:\/\/cronicasyversiones.com\/index.php?rest_route=%2Fwp%2Fv2%2Fcomments&post=22074"}],"version-history":[{"count":0,"href":"http:\/\/cronicasyversiones.com\/index.php?rest_route=\/wp\/v2\/posts\/22074\/revisions"}],"wp:featuredmedia":[{"embeddable":true,"href":"http:\/\/cronicasyversiones.com\/index.php?rest_route=\/wp\/v2\/media\/22075"}],"wp:attachment":[{"href":"http:\/\/cronicasyversiones.com\/index.php?rest_route=%2Fwp%2Fv2%2Fmedia&parent=22074"}],"wp:term":[{"taxonomy":"category","embeddable":true,"href":"http:\/\/cronicasyversiones.com\/index.php?rest_route=%2Fwp%2Fv2%2Fcategories&post=22074"},{"taxonomy":"post_tag","embeddable":true,"href":"http:\/\/cronicasyversiones.com\/index.php?rest_route=%2Fwp%2Fv2%2Ftags&post=22074"}],"curies":[{"name":"wp","href":"https:\/\/api.w.org\/{rel}","templated":true}]}}