{"id":22083,"date":"2019-02-01T20:12:35","date_gmt":"2019-02-01T23:12:35","guid":{"rendered":"http:\/\/cronicasyversiones.com\/?p=22083"},"modified":"2019-02-01T20:12:35","modified_gmt":"2019-02-01T23:12:35","slug":"argentina-cuba-y-ecuador-ganadores-en-el-premio-casa-de-las-americas","status":"publish","type":"post","link":"http:\/\/cronicasyversiones.com\/?p=22083","title":{"rendered":"Argentina, Cuba y Ecuador,  ganadores en el premio Casa de las Am\u00e9ricas"},"content":{"rendered":"<div style=\"padding-bottom:20px; padding-top:10px;\" class=\"hupso-share-buttons\"><!-- Hupso Share Buttons - https:\/\/www.hupso.com\/share\/ --><a class=\"hupso_counters\" href=\"https:\/\/www.hupso.com\/share\/\"><img decoding=\"async\" src=\"http:\/\/static.hupso.com\/share\/buttons\/lang\/es\/share-small.png\" style=\"border:0px; padding-top:2px; float:left;\" alt=\"Share Button\"\/><\/a><script type=\"text\/javascript\">var hupso_services_c=new Array(\"twitter\",\"facebook_like\",\"google\");var hupso_counters_lang = \"es_LA\";var hupso_image_folder_url = \"\";var hupso_twitter_via=\"crsyvrs\";var hupso_url_c=\"\";<\/script><script type=\"text\/javascript\" src=\"http:\/\/static.hupso.com\/share\/js\/counters.js\"><\/script><!-- Hupso Share Buttons --><\/div><h2>Escritores de estas nacionalidades fueron reconocidos en los rubros novela, poes\u00eda, ensayo hist\u00f3rico-social y literatura para ni\u00f1os.<\/h2>\n<p><img loading=\"lazy\" decoding=\"async\" class=\"size-full wp-image-22084 aligncenter\" src=\"http:\/\/cronicasyversiones.com\/wp-content\/uploads\/2019\/02\/casa.jpg\" alt=\"\" width=\"750\" height=\"500\" srcset=\"http:\/\/cronicasyversiones.com\/wp-content\/uploads\/2019\/02\/casa.jpg 750w, http:\/\/cronicasyversiones.com\/wp-content\/uploads\/2019\/02\/casa-300x200.jpg 300w, http:\/\/cronicasyversiones.com\/wp-content\/uploads\/2019\/02\/casa-480x320.jpg 480w\" sizes=\"auto, (max-width: 750px) 100vw, 750px\" \/><\/p>\n<p>El premio <strong>Casa de las Am\u00e9ricas<\/strong> reconoci\u00f3 en su 60 edici\u00f3n a escritores de Cuba, Argentina y Ecuador, que compitieron en los apartados de novela, poes\u00eda, ensayo hist\u00f3rico-social y literatura para ni\u00f1os y j\u00f3venes.<\/p>\n<p>El g\u00e9nero novela fue ganado por <strong><em>\u00abLa ruta\u00bb,<\/em><\/strong> del argentino <strong>Eduardo F. Varela,<\/strong> seg\u00fan inform\u00f3 la instituci\u00f3n literaria cubana.<\/p>\n<p>Mientras que el ecuatoriano <strong>Juan Jos\u00e9 Rodin\u00e1s<\/strong> obtuvo el lauro de poes\u00eda por \u00ab<strong><em>Yarav\u00ed para cantar bajo los cielos del norte\u00bb,<\/em><\/strong> una biograf\u00eda no autorizada de un Banksy sudamericano.<\/p>\n<p>Por su parte, en ensayo hist\u00f3rico-social el premio fue para el cubano <strong>Reinaldo Funes<\/strong> por <strong><em>\u00abNuestro viaje a la luna. La idea de la transformaci\u00f3n de la naturaleza en Cuba durante la Guerra Fr\u00eda\u00bb.<\/em><\/strong><\/p>\n<p>Otro cubano, <strong>Alexis D\u00edaz Pimienta<\/strong>, se alz\u00f3 con el premio de literatura para ni\u00f1os y j\u00f3venes por el texto <strong><em>\u00abPiel de Noche\u00bb.<\/em><\/strong><\/p>\n<p>Otros premiados fueron Deborah Dornelias por \u00abPor cima do mar\u00bb (novela) en la categor\u00eda de literatura brasile\u00f1a y Mar\u00eda Josefina Salda\u00f1a-Portillo por \u00abIndian Given: Racial Geographies across M\u00e9xico and the United States\u00bb en la categor\u00eda de Estudios sobre Latinos en los EEUU.<\/p>\n<p>Tambi\u00e9n se entregaron premios con car\u00e1cter honor\u00edfico al chileno Jos\u00e9 Mar\u00eda Memet por \u00abMeli Witran Mapu. Tierra de los cuatro lugares\u00bb (poes\u00eda), el puertorrique\u00f1o \u00c1ngel G. QuinteroRivera por \u00ab\u00edSaoco salsero! o el swing del Sonero Mayor. Sociolog\u00eda urbana de la memoria del ritmo\u00bb (ensayo) y el colombiano Juan C\u00e1rdenas por \u00abEl diablo de las provincias\u00bb (narrativa).<\/p>\n<div style=\"padding-bottom:20px; padding-top:10px;\" class=\"hupso-share-buttons\"><!-- Hupso Share Buttons - https:\/\/www.hupso.com\/share\/ --><a class=\"hupso_counters\" href=\"https:\/\/www.hupso.com\/share\/\"><img decoding=\"async\" src=\"http:\/\/static.hupso.com\/share\/buttons\/lang\/es\/share-small.png\" style=\"border:0px; padding-top:2px; float:left;\" alt=\"Share Button\"\/><\/a><script type=\"text\/javascript\">var hupso_services_c=new Array(\"twitter\",\"facebook_like\",\"google\");var hupso_counters_lang = \"es_LA\";var hupso_image_folder_url = \"\";var hupso_twitter_via=\"crsyvrs\";var hupso_url_c=\"\";<\/script><script type=\"text\/javascript\" src=\"http:\/\/static.hupso.com\/share\/js\/counters.js\"><\/script><!-- Hupso Share Buttons --><\/div> ","protected":false},"excerpt":{"rendered":"<div style=\"padding-bottom:20px; padding-top:10px;\" class=\"hupso-share-buttons\"><!-- Hupso Share Buttons - https:\/\/www.hupso.com\/share\/ --><a class=\"hupso_counters\" href=\"https:\/\/www.hupso.com\/share\/\"><img src=\"http:\/\/static.hupso.com\/share\/buttons\/lang\/es\/share-small.png\" style=\"border:0px; padding-top:2px; float:left;\" alt=\"Share Button\"\/><\/a><script type=\"text\/javascript\">var hupso_services_c=new Array(\"twitter\",\"facebook_like\",\"google\");var hupso_counters_lang = \"es_LA\";var hupso_image_folder_url = \"\";var hupso_twitter_via=\"crsyvrs\";var hupso_url_c=\"\";<\/script><script type=\"text\/javascript\" src=\"http:\/\/static.hupso.com\/share\/js\/counters.js\"><\/script><!-- Hupso Share Buttons --><\/div><p>Escritores de estas nacionalidades fueron reconocidos en los rubros novela, poes\u00eda, ensayo hist\u00f3rico-social y literatura para ni\u00f1os. El premio Casa de las Am\u00e9ricas reconoci\u00f3 en su 60 edici\u00f3n a escritores de Cuba, Argentina y Ecuador, que compitieron en los&#46;&#46;&#46;<\/p>\n<div style=\"padding-bottom:20px; padding-top:10px;\" class=\"hupso-share-buttons\"><!-- Hupso Share Buttons - https:\/\/www.hupso.com\/share\/ --><a class=\"hupso_counters\" href=\"https:\/\/www.hupso.com\/share\/\"><img src=\"http:\/\/static.hupso.com\/share\/buttons\/lang\/es\/share-small.png\" style=\"border:0px; padding-top:2px; float:left;\" alt=\"Share Button\"\/><\/a><script type=\"text\/javascript\">var hupso_services_c=new Array(\"twitter\",\"facebook_like\",\"google\");var hupso_counters_lang = \"es_LA\";var hupso_image_folder_url = \"\";var hupso_twitter_via=\"crsyvrs\";var hupso_url_c=\"\";<\/script><script type=\"text\/javascript\" src=\"http:\/\/static.hupso.com\/share\/js\/counters.js\"><\/script><!-- Hupso Share Buttons --><\/div>","protected":false},"author":5,"featured_media":22084,"comment_status":"open","ping_status":"closed","sticky":false,"template":"","format":"standard","meta":{"footnotes":""},"categories":[7],"tags":[432],"class_list":["post-22083","post","type-post","status-publish","format-standard","has-post-thumbnail","hentry","category-literatura","tag-cuba"],"_links":{"self":[{"href":"http:\/\/cronicasyversiones.com\/index.php?rest_route=\/wp\/v2\/posts\/22083","targetHints":{"allow":["GET"]}}],"collection":[{"href":"http:\/\/cronicasyversiones.com\/index.php?rest_route=\/wp\/v2\/posts"}],"about":[{"href":"http:\/\/cronicasyversiones.com\/index.php?rest_route=\/wp\/v2\/types\/post"}],"author":[{"embeddable":true,"href":"http:\/\/cronicasyversiones.com\/index.php?rest_route=\/wp\/v2\/users\/5"}],"replies":[{"embeddable":true,"href":"http:\/\/cronicasyversiones.com\/index.php?rest_route=%2Fwp%2Fv2%2Fcomments&post=22083"}],"version-history":[{"count":0,"href":"http:\/\/cronicasyversiones.com\/index.php?rest_route=\/wp\/v2\/posts\/22083\/revisions"}],"wp:featuredmedia":[{"embeddable":true,"href":"http:\/\/cronicasyversiones.com\/index.php?rest_route=\/wp\/v2\/media\/22084"}],"wp:attachment":[{"href":"http:\/\/cronicasyversiones.com\/index.php?rest_route=%2Fwp%2Fv2%2Fmedia&parent=22083"}],"wp:term":[{"taxonomy":"category","embeddable":true,"href":"http:\/\/cronicasyversiones.com\/index.php?rest_route=%2Fwp%2Fv2%2Fcategories&post=22083"},{"taxonomy":"post_tag","embeddable":true,"href":"http:\/\/cronicasyversiones.com\/index.php?rest_route=%2Fwp%2Fv2%2Ftags&post=22083"}],"curies":[{"name":"wp","href":"https:\/\/api.w.org\/{rel}","templated":true}]}}