{"id":22086,"date":"2019-02-01T21:16:10","date_gmt":"2019-02-02T00:16:10","guid":{"rendered":"http:\/\/cronicasyversiones.com\/?p=22086"},"modified":"2019-02-01T21:16:10","modified_gmt":"2019-02-02T00:16:10","slug":"vuelven-las-noches-de-autocine-en-el-rosedal","status":"publish","type":"post","link":"http:\/\/cronicasyversiones.com\/?p=22086","title":{"rendered":"Vuelven las Noches de Autocine en el Rosedal"},"content":{"rendered":"<div style=\"padding-bottom:20px; padding-top:10px;\" class=\"hupso-share-buttons\"><!-- Hupso Share Buttons - https:\/\/www.hupso.com\/share\/ --><a class=\"hupso_counters\" href=\"https:\/\/www.hupso.com\/share\/\"><img decoding=\"async\" src=\"http:\/\/static.hupso.com\/share\/buttons\/lang\/es\/share-small.png\" style=\"border:0px; padding-top:2px; float:left;\" alt=\"Share Button\"\/><\/a><script type=\"text\/javascript\">var hupso_services_c=new Array(\"twitter\",\"facebook_like\",\"google\");var hupso_counters_lang = \"es_LA\";var hupso_image_folder_url = \"\";var hupso_twitter_via=\"crsyvrs\";var hupso_url_c=\"\";<\/script><script type=\"text\/javascript\" src=\"http:\/\/static.hupso.com\/share\/js\/counters.js\"><\/script><!-- Hupso Share Buttons --><\/div><h2>Habr\u00e1 proyecciones nocturnas gratuitas en los Bosques de Palermo. El ciclo arranca con \u201cRe loca\u201d, con Natalia Oreiro.<\/h2>\n<p><img loading=\"lazy\" decoding=\"async\" class=\" wp-image-22087 aligncenter\" src=\"http:\/\/cronicasyversiones.com\/wp-content\/uploads\/2019\/02\/re-loca-1024x587.jpg\" alt=\"\" width=\"754\" height=\"432\" srcset=\"http:\/\/cronicasyversiones.com\/wp-content\/uploads\/2019\/02\/re-loca-1024x587.jpg 1024w, http:\/\/cronicasyversiones.com\/wp-content\/uploads\/2019\/02\/re-loca-300x172.jpg 300w, http:\/\/cronicasyversiones.com\/wp-content\/uploads\/2019\/02\/re-loca-768x441.jpg 768w, http:\/\/cronicasyversiones.com\/wp-content\/uploads\/2019\/02\/re-loca.jpg 1072w\" sizes=\"auto, (max-width: 754px) 100vw, 754px\" \/><\/p>\n<p>Las <strong>Noches de Autocine en el Rosedal<\/strong> se ofrecen proyecciones nocturnas para disfrutar gratis del mi\u00e9rcoles 6 al domingo 10 en los Bosques de Palermo.<\/p>\n<p>El ciclo de cine, que no se suspende por lluvia, presenta una grilla de estrenos de 2018 en pantalla gigante desde el auto o desde reposeras al aire libre.<\/p>\n<p>La apertura ser\u00e1 el 6 a las 20 con la comedia <strong><em>\u201cRe loca\u201d,<\/em><\/strong> con las actuaciones de Natalia Oreiro, Diego Torres, Pilar Gamboa y Fern\u00e1n Mir\u00e1s, y el audio del film se podr\u00e1 escuchar mediante la frecuencia de radio FM 107.3.<\/p>\n<p><em><strong>LEA TAMBI\u00c9N:<\/strong> <\/em><\/p>\n<div class=\"video-container\">\n<blockquote class=\"wp-embedded-content\" data-secret=\"bjMtoDZPrt\"><p><a href=\"http:\/\/cronicasyversiones.com\/?p=22077\">\u201cEl \u00c1ngel\u201d y \u201cRojo\u201d, seleccionados a los Premios Latino<\/a><\/p><\/blockquote>\n<p><iframe loading=\"lazy\" class=\"wp-embedded-content\" sandbox=\"allow-scripts\" security=\"restricted\" style=\"position: absolute; clip: rect(1px, 1px, 1px, 1px);\" title=\"\u00ab\u201cEl \u00c1ngel\u201d y \u201cRojo\u201d, seleccionados a los Premios Latino\u00bb \u2014    \" src=\"http:\/\/cronicasyversiones.com\/?p=22077&#038;embed=true#?secret=dIOmu7Mw1S#?secret=bjMtoDZPrt\" data-secret=\"bjMtoDZPrt\" width=\"600\" height=\"338\" frameborder=\"0\" marginwidth=\"0\" marginheight=\"0\" scrolling=\"no\"><\/iframe><\/div>\n<p>Los d\u00edas siguientes se proyectar\u00e1n <strong><em>\u201cMi obra Maestra\u201d,<\/em><\/strong> con Guillermo Francella y Luis Brandoni, las pel\u00edculas infantiles <strong><em>\u201cJurassic World. El reino Ca\u00eddo\u201d<\/em><\/strong> y <strong><em>\u201cJumanji. En la Selva\u201d<\/em><\/strong> y el musical <strong><em>\u201cMamma Mia, Vamos Otra vez\u201d.<\/em><\/strong><\/p>\n<p>Los veh\u00edculos tendr\u00e1n acceso desde las 19 por avenida Iraola hasta completar la capacidad del predio y tambi\u00e9n podr\u00e1n acercarse caminando, en bicicleta o en patines para ver la pel\u00edcula en sillas y pufs o bien llevar asientos.<\/p>\n<div style=\"padding-bottom:20px; padding-top:10px;\" class=\"hupso-share-buttons\"><!-- Hupso Share Buttons - https:\/\/www.hupso.com\/share\/ --><a class=\"hupso_counters\" href=\"https:\/\/www.hupso.com\/share\/\"><img decoding=\"async\" src=\"http:\/\/static.hupso.com\/share\/buttons\/lang\/es\/share-small.png\" style=\"border:0px; padding-top:2px; float:left;\" alt=\"Share Button\"\/><\/a><script type=\"text\/javascript\">var hupso_services_c=new Array(\"twitter\",\"facebook_like\",\"google\");var hupso_counters_lang = \"es_LA\";var hupso_image_folder_url = \"\";var hupso_twitter_via=\"crsyvrs\";var hupso_url_c=\"\";<\/script><script type=\"text\/javascript\" src=\"http:\/\/static.hupso.com\/share\/js\/counters.js\"><\/script><!-- Hupso Share Buttons --><\/div> ","protected":false},"excerpt":{"rendered":"<div style=\"padding-bottom:20px; padding-top:10px;\" class=\"hupso-share-buttons\"><!-- Hupso Share Buttons - https:\/\/www.hupso.com\/share\/ --><a class=\"hupso_counters\" href=\"https:\/\/www.hupso.com\/share\/\"><img src=\"http:\/\/static.hupso.com\/share\/buttons\/lang\/es\/share-small.png\" style=\"border:0px; padding-top:2px; float:left;\" alt=\"Share Button\"\/><\/a><script type=\"text\/javascript\">var hupso_services_c=new Array(\"twitter\",\"facebook_like\",\"google\");var hupso_counters_lang = \"es_LA\";var hupso_image_folder_url = \"\";var hupso_twitter_via=\"crsyvrs\";var hupso_url_c=\"\";<\/script><script type=\"text\/javascript\" src=\"http:\/\/static.hupso.com\/share\/js\/counters.js\"><\/script><!-- Hupso Share Buttons --><\/div><p>Habr\u00e1 proyecciones nocturnas gratuitas en los Bosques de Palermo. El ciclo arranca con \u201cRe loca\u201d, con Natalia Oreiro. Las Noches de Autocine en el Rosedal se ofrecen proyecciones nocturnas para disfrutar gratis del mi\u00e9rcoles 6 al domingo 10 en&#46;&#46;&#46;<\/p>\n<div style=\"padding-bottom:20px; padding-top:10px;\" class=\"hupso-share-buttons\"><!-- Hupso Share Buttons - https:\/\/www.hupso.com\/share\/ --><a class=\"hupso_counters\" href=\"https:\/\/www.hupso.com\/share\/\"><img src=\"http:\/\/static.hupso.com\/share\/buttons\/lang\/es\/share-small.png\" style=\"border:0px; padding-top:2px; float:left;\" alt=\"Share Button\"\/><\/a><script type=\"text\/javascript\">var hupso_services_c=new Array(\"twitter\",\"facebook_like\",\"google\");var hupso_counters_lang = \"es_LA\";var hupso_image_folder_url = \"\";var hupso_twitter_via=\"crsyvrs\";var hupso_url_c=\"\";<\/script><script type=\"text\/javascript\" src=\"http:\/\/static.hupso.com\/share\/js\/counters.js\"><\/script><!-- Hupso Share Buttons --><\/div>","protected":false},"author":5,"featured_media":22087,"comment_status":"open","ping_status":"closed","sticky":false,"template":"","format":"standard","meta":{"footnotes":""},"categories":[4],"tags":[],"class_list":["post-22086","post","type-post","status-publish","format-standard","has-post-thumbnail","hentry","category-cine"],"_links":{"self":[{"href":"http:\/\/cronicasyversiones.com\/index.php?rest_route=\/wp\/v2\/posts\/22086","targetHints":{"allow":["GET"]}}],"collection":[{"href":"http:\/\/cronicasyversiones.com\/index.php?rest_route=\/wp\/v2\/posts"}],"about":[{"href":"http:\/\/cronicasyversiones.com\/index.php?rest_route=\/wp\/v2\/types\/post"}],"author":[{"embeddable":true,"href":"http:\/\/cronicasyversiones.com\/index.php?rest_route=\/wp\/v2\/users\/5"}],"replies":[{"embeddable":true,"href":"http:\/\/cronicasyversiones.com\/index.php?rest_route=%2Fwp%2Fv2%2Fcomments&post=22086"}],"version-history":[{"count":0,"href":"http:\/\/cronicasyversiones.com\/index.php?rest_route=\/wp\/v2\/posts\/22086\/revisions"}],"wp:featuredmedia":[{"embeddable":true,"href":"http:\/\/cronicasyversiones.com\/index.php?rest_route=\/wp\/v2\/media\/22087"}],"wp:attachment":[{"href":"http:\/\/cronicasyversiones.com\/index.php?rest_route=%2Fwp%2Fv2%2Fmedia&parent=22086"}],"wp:term":[{"taxonomy":"category","embeddable":true,"href":"http:\/\/cronicasyversiones.com\/index.php?rest_route=%2Fwp%2Fv2%2Fcategories&post=22086"},{"taxonomy":"post_tag","embeddable":true,"href":"http:\/\/cronicasyversiones.com\/index.php?rest_route=%2Fwp%2Fv2%2Ftags&post=22086"}],"curies":[{"name":"wp","href":"https:\/\/api.w.org\/{rel}","templated":true}]}}