{"id":22136,"date":"2019-02-06T14:12:48","date_gmt":"2019-02-06T17:12:48","guid":{"rendered":"http:\/\/cronicasyversiones.com\/?p=22136"},"modified":"2019-02-06T14:12:48","modified_gmt":"2019-02-06T17:12:48","slug":"el-dia-que-resistia-el-primer-largometraje-de-alessia-chiesa","status":"publish","type":"post","link":"http:\/\/cronicasyversiones.com\/?p=22136","title":{"rendered":"\u00abEl d\u00eda que resist\u00eda\u00bb, el primer largometraje de Alessia Chiesa"},"content":{"rendered":"<div style=\"padding-bottom:20px; padding-top:10px;\" class=\"hupso-share-buttons\"><!-- Hupso Share Buttons - https:\/\/www.hupso.com\/share\/ --><a class=\"hupso_counters\" href=\"https:\/\/www.hupso.com\/share\/\"><img decoding=\"async\" src=\"http:\/\/static.hupso.com\/share\/buttons\/lang\/es\/share-small.png\" style=\"border:0px; padding-top:2px; float:left;\" alt=\"Share Button\"\/><\/a><script type=\"text\/javascript\">var hupso_services_c=new Array(\"twitter\",\"facebook_like\",\"google\");var hupso_counters_lang = \"es_LA\";var hupso_image_folder_url = \"\";var hupso_twitter_via=\"crsyvrs\";var hupso_url_c=\"\";<\/script><script type=\"text\/javascript\" src=\"http:\/\/static.hupso.com\/share\/js\/counters.js\"><\/script><!-- Hupso Share Buttons --><\/div><h2>Se estrena en el Malba este film que paso por el Festival de Mar del Plata,\u00a0en base a experiencias que tuvo en la infancia en una quinta con sus hermanos.<\/h2>\n<p><img loading=\"lazy\" decoding=\"async\" class=\" wp-image-22137 aligncenter\" src=\"http:\/\/cronicasyversiones.com\/wp-content\/uploads\/2019\/02\/El-dia.jpg\" alt=\"\" width=\"659\" height=\"365\" srcset=\"http:\/\/cronicasyversiones.com\/wp-content\/uploads\/2019\/02\/El-dia.jpg 560w, http:\/\/cronicasyversiones.com\/wp-content\/uploads\/2019\/02\/El-dia-300x166.jpg 300w\" sizes=\"auto, (max-width: 659px) 100vw, 659px\" \/><\/p>\n<p>Se estrena <em><strong>\u00abEl d\u00eda que resist\u00eda\u00bb<\/strong><\/em>, de <strong>Alessia Chiesa<\/strong>, autora de un pu\u00f1ado de cortometrajes, que revel\u00f3 que cre\u00f3 su largometraje debut\u00a0 en base a experiencias que tuvo en la infancia en una quinta con sus hermanos.<\/p>\n<p>Esta una coproducci\u00f3n ente Argentina y Brasil se podr\u00e1 ver los domingos a las 19 en el <strong>Malba,<\/strong> hasta el 3 de marzo, el espacio ubicado en la Avenida Figueroa Alcorta 3415.<\/p>\n<p>La pel\u00edcula, que particip\u00f3 en el \u00faltimo <strong>Festival de Cine de Mar del Plata,<\/strong> \u00a0relata la historia de tres hermanos, ni\u00f1os que de buenas a primeras se quedan completamente aislados y solos en una quinta sin saber qu\u00e9 es lo que ocurri\u00f3, una situaci\u00f3n que pega un giro a lo fant\u00e1stico, que angustia por lo imprevisible.<\/p>\n<p><em><strong>LEA TAMBI\u00c9N:\u00a0<\/strong><\/em><\/p>\n<div class=\"video-container\">\n<blockquote class=\"wp-embedded-content\" data-secret=\"wVhZeuHwjK\"><p><a href=\"http:\/\/cronicasyversiones.com\/?p=22106\">\u00abLa flor\u201d, de Mariano Llinas, se proyecta en el Teatro San Mart\u00edn<\/a><\/p><\/blockquote>\n<p><iframe loading=\"lazy\" class=\"wp-embedded-content\" sandbox=\"allow-scripts\" security=\"restricted\" style=\"position: absolute; clip: rect(1px, 1px, 1px, 1px);\" title=\"\u00ab\u00abLa flor\u201d, de Mariano Llinas, se proyecta en el Teatro San Mart\u00edn\u00bb \u2014    \" src=\"http:\/\/cronicasyversiones.com\/?p=22106&#038;embed=true#?secret=ABCzMuFksr#?secret=wVhZeuHwjK\" data-secret=\"wVhZeuHwjK\" width=\"600\" height=\"338\" frameborder=\"0\" marginwidth=\"0\" marginheight=\"0\" scrolling=\"no\"><\/iframe><\/div>\n<p>Una ma\u00f1ana un grupo de chicos de un peque\u00f1o pueblo se despierta sin la presencia de sus padres no de nadie, lo que los fuerza a tomar las riendas de la situaci\u00f3n y enfrentar la dificultad de seguir sobreviviendo.<\/p>\n<p>Solos en una quinta, <strong>Fran, Tino y Clara (de 9, 7 y 5 a\u00f1os)<\/strong> esperan el regreso de sus padres,\u00a0 misteriosamente ausentes. Entre juegos y cuentos, la espera se prolonga y la soledad se torna inquietante.<\/p>\n<p>En medio de un clima extra\u00f1o y confuso, el mundo de apariencia l\u00fadico e inocente de los ni\u00f1os comienza a mostrar su lado oscuro.<\/p>\n<p><iframe loading=\"lazy\" src=\"https:\/\/www.youtube.com\/embed\/UeSvau-h76k\" width=\"600\" height=\"350\" frameborder=\"0\" allowfullscreen=\"allowfullscreen\"><span data-mce-type=\"bookmark\" style=\"display: inline-block; width: 0px; overflow: hidden; line-height: 0;\" class=\"mce_SELRES_start\">?<\/span><\/iframe><\/p>\n<p><em><strong>\u00abEl d\u00eda que resist\u00eda\u00bb<\/strong><\/em> plantea una mirada singular sobre la infancia a trav\u00e9s de un relato no convencional.<\/p>\n<p>Alessia Chiesa, egresada de la Universidad del Cine y tambi\u00e9n formada en La Sorbonne, en Par\u00eds, debuta en el largometraje seg\u00fan un gui\u00f3n propio, con direcci\u00f3n de fotograf\u00eda de Alejandro Bonilla, edici\u00f3n de Maxime Capello y m\u00fasica de Alonso Fortino.<\/p>\n<p>La pel\u00edcula cuenta con las actuaciones de los ni\u00f1os <strong>Lara Rogora, Mateo Baldasso y Milia Marchisio.<\/strong><\/p>\n<div style=\"padding-bottom:20px; padding-top:10px;\" class=\"hupso-share-buttons\"><!-- Hupso Share Buttons - https:\/\/www.hupso.com\/share\/ --><a class=\"hupso_counters\" href=\"https:\/\/www.hupso.com\/share\/\"><img decoding=\"async\" src=\"http:\/\/static.hupso.com\/share\/buttons\/lang\/es\/share-small.png\" style=\"border:0px; padding-top:2px; float:left;\" alt=\"Share Button\"\/><\/a><script type=\"text\/javascript\">var hupso_services_c=new Array(\"twitter\",\"facebook_like\",\"google\");var hupso_counters_lang = \"es_LA\";var hupso_image_folder_url = \"\";var hupso_twitter_via=\"crsyvrs\";var hupso_url_c=\"\";<\/script><script type=\"text\/javascript\" src=\"http:\/\/static.hupso.com\/share\/js\/counters.js\"><\/script><!-- Hupso Share Buttons --><\/div> ","protected":false},"excerpt":{"rendered":"<div style=\"padding-bottom:20px; padding-top:10px;\" class=\"hupso-share-buttons\"><!-- Hupso Share Buttons - https:\/\/www.hupso.com\/share\/ --><a class=\"hupso_counters\" href=\"https:\/\/www.hupso.com\/share\/\"><img src=\"http:\/\/static.hupso.com\/share\/buttons\/lang\/es\/share-small.png\" style=\"border:0px; padding-top:2px; float:left;\" alt=\"Share Button\"\/><\/a><script type=\"text\/javascript\">var hupso_services_c=new Array(\"twitter\",\"facebook_like\",\"google\");var hupso_counters_lang = \"es_LA\";var hupso_image_folder_url = \"\";var hupso_twitter_via=\"crsyvrs\";var hupso_url_c=\"\";<\/script><script type=\"text\/javascript\" src=\"http:\/\/static.hupso.com\/share\/js\/counters.js\"><\/script><!-- Hupso Share Buttons --><\/div><p>Se estrena en el Malba este film que paso por el Festival de Mar del Plata,\u00a0en base a experiencias que tuvo en la infancia en una quinta con sus hermanos. Se estrena \u00abEl d\u00eda que resist\u00eda\u00bb, de Alessia Chiesa,&#46;&#46;&#46;<\/p>\n<div style=\"padding-bottom:20px; padding-top:10px;\" class=\"hupso-share-buttons\"><!-- Hupso Share Buttons - https:\/\/www.hupso.com\/share\/ --><a class=\"hupso_counters\" href=\"https:\/\/www.hupso.com\/share\/\"><img src=\"http:\/\/static.hupso.com\/share\/buttons\/lang\/es\/share-small.png\" style=\"border:0px; padding-top:2px; float:left;\" alt=\"Share Button\"\/><\/a><script type=\"text\/javascript\">var hupso_services_c=new Array(\"twitter\",\"facebook_like\",\"google\");var hupso_counters_lang = \"es_LA\";var hupso_image_folder_url = \"\";var hupso_twitter_via=\"crsyvrs\";var hupso_url_c=\"\";<\/script><script type=\"text\/javascript\" src=\"http:\/\/static.hupso.com\/share\/js\/counters.js\"><\/script><!-- Hupso Share Buttons --><\/div>","protected":false},"author":5,"featured_media":22137,"comment_status":"open","ping_status":"closed","sticky":false,"template":"","format":"standard","meta":{"footnotes":""},"categories":[4],"tags":[9147,37],"class_list":["post-22136","post","type-post","status-publish","format-standard","has-post-thumbnail","hentry","category-cine","tag-alessia-chiesa","tag-malba"],"_links":{"self":[{"href":"http:\/\/cronicasyversiones.com\/index.php?rest_route=\/wp\/v2\/posts\/22136","targetHints":{"allow":["GET"]}}],"collection":[{"href":"http:\/\/cronicasyversiones.com\/index.php?rest_route=\/wp\/v2\/posts"}],"about":[{"href":"http:\/\/cronicasyversiones.com\/index.php?rest_route=\/wp\/v2\/types\/post"}],"author":[{"embeddable":true,"href":"http:\/\/cronicasyversiones.com\/index.php?rest_route=\/wp\/v2\/users\/5"}],"replies":[{"embeddable":true,"href":"http:\/\/cronicasyversiones.com\/index.php?rest_route=%2Fwp%2Fv2%2Fcomments&post=22136"}],"version-history":[{"count":0,"href":"http:\/\/cronicasyversiones.com\/index.php?rest_route=\/wp\/v2\/posts\/22136\/revisions"}],"wp:featuredmedia":[{"embeddable":true,"href":"http:\/\/cronicasyversiones.com\/index.php?rest_route=\/wp\/v2\/media\/22137"}],"wp:attachment":[{"href":"http:\/\/cronicasyversiones.com\/index.php?rest_route=%2Fwp%2Fv2%2Fmedia&parent=22136"}],"wp:term":[{"taxonomy":"category","embeddable":true,"href":"http:\/\/cronicasyversiones.com\/index.php?rest_route=%2Fwp%2Fv2%2Fcategories&post=22136"},{"taxonomy":"post_tag","embeddable":true,"href":"http:\/\/cronicasyversiones.com\/index.php?rest_route=%2Fwp%2Fv2%2Ftags&post=22136"}],"curies":[{"name":"wp","href":"https:\/\/api.w.org\/{rel}","templated":true}]}}