{"id":22147,"date":"2019-02-07T19:52:20","date_gmt":"2019-02-07T22:52:20","guid":{"rendered":"http:\/\/cronicasyversiones.com\/?p=22147"},"modified":"2019-02-07T19:57:43","modified_gmt":"2019-02-07T22:57:43","slug":"siete-anos-sin-luis-alberto-spinetta","status":"publish","type":"post","link":"http:\/\/cronicasyversiones.com\/?p=22147","title":{"rendered":"Siete a\u00f1os sin Luis Alberto Spinetta"},"content":{"rendered":"<div style=\"padding-bottom:20px; padding-top:10px;\" class=\"hupso-share-buttons\"><!-- Hupso Share Buttons - https:\/\/www.hupso.com\/share\/ --><a class=\"hupso_counters\" href=\"https:\/\/www.hupso.com\/share\/\"><img decoding=\"async\" src=\"http:\/\/static.hupso.com\/share\/buttons\/lang\/es\/share-small.png\" style=\"border:0px; padding-top:2px; float:left;\" alt=\"Share Button\"\/><\/a><script type=\"text\/javascript\">var hupso_services_c=new Array(\"twitter\",\"facebook_like\",\"google\");var hupso_counters_lang = \"es_LA\";var hupso_image_folder_url = \"\";var hupso_twitter_via=\"crsyvrs\";var hupso_url_c=\"\";<\/script><script type=\"text\/javascript\" src=\"http:\/\/static.hupso.com\/share\/js\/counters.js\"><\/script><!-- Hupso Share Buttons --><\/div><h4>Por Edgardo Solano<\/h4>\n<h2>Al margen de su talento como m\u00fasico, el Flaco fue un notable dibujante y plasm\u00f3 este talento en afiches, portadas de discos y en dibujos, \u00a0que salieron a la luz en una muestra.<\/h2>\n<p><img loading=\"lazy\" decoding=\"async\" class=\"size-full wp-image-22148 aligncenter\" src=\"http:\/\/cronicasyversiones.com\/wp-content\/uploads\/2019\/02\/luis.jpg\" alt=\"\" width=\"750\" height=\"466\" srcset=\"http:\/\/cronicasyversiones.com\/wp-content\/uploads\/2019\/02\/luis.jpg 750w, http:\/\/cronicasyversiones.com\/wp-content\/uploads\/2019\/02\/luis-300x186.jpg 300w\" sizes=\"auto, (max-width: 750px) 100vw, 750px\" \/><\/p>\n<p>La historia da cuenta que <strong>Luis Alberto Spinetta,<\/strong> a sus 19 a\u00f1os, realiz\u00f3 el dibujo del payaso que aparece en la portada del primer disco de <strong>Almendra,<\/strong> aunque en realidad el que todos conocemos es una segunda versi\u00f3n.<\/p>\n<p>El original fue, supuestamente, extraviado por los directivos de la compa\u00f1\u00eda RCA que pretend\u00edan que aparezcan los integrantes del grupo en la tapa, como era la moda de entonces, y no ese dibujo. Ante esa extra\u00f1a p\u00e9rdida del original, el autor del dibujo volvi\u00f3 a casa y realiz\u00f3 nuevamente la ilustraci\u00f3n de ese<strong> payaso triste con una sopapa en la cabeza.<\/strong><\/p>\n<p><img loading=\"lazy\" decoding=\"async\" class=\"alignleft wp-image-22149\" src=\"http:\/\/cronicasyversiones.com\/wp-content\/uploads\/2019\/02\/almendra.jpg\" alt=\"\" width=\"331\" height=\"335\" srcset=\"http:\/\/cronicasyversiones.com\/wp-content\/uploads\/2019\/02\/almendra.jpg 750w, http:\/\/cronicasyversiones.com\/wp-content\/uploads\/2019\/02\/almendra-296x300.jpg 296w\" sizes=\"auto, (max-width: 331px) 100vw, 331px\" \/>Es que Spinetta, adem\u00e1s de poeta y m\u00fasico, fue un gran dibujante, otra de las faces que mostr\u00f3 este <strong>genial artista fallecido el 8 de febrero de 2012, hace siete a\u00f1os. <\/strong><\/p>\n<p>Mientras finalizaba el secundario en el riguroso y estricto Colegio San Rom\u00e1n del Bajo Belgrano, el Flaco hizo el ingreso a la Facultad de Arquitectura de la Universidad de Buenos Aires. A pesar de haber pasado exitosamente los ex\u00e1menes previos, no comenz\u00f3 esa carrera. De todos modos, junto con <strong>Emilio de Guercio<\/strong> comenz\u00f3 a estudiar Bellas Artes en la Escuela Manuel Belgrano.<\/p>\n<p>Las creaciones de Spinetta fueron m\u00e1s all\u00e1 de ese payaso, que pas\u00f3 a ilustrar remeras, paredes de habitaciones y las epidermis de los que decidieron hacerse un tatuaje con ese dibujo emblem\u00e1tico.<\/p>\n<p>Volvi\u00f3 a encargarse de los artes de tapa en otras ocasiones. En <strong><em>\u201cDurazno Sangrando\u201d,<\/em><\/strong> de Invisible, dise\u00f1ada junto a su amigo<strong> Eduardo Mart\u00ed,<\/strong> utilizando una pelota Pulpo cortada a la mitad.<\/p>\n<p>Los afiches de la presentaci\u00f3n del disco, tambi\u00e9n confeccionados por el m\u00fasico, padecieron de la censura, porque para la vista de algunos era una vagina.<\/p>\n<blockquote><p>\u201c\u00bfY vos sab\u00edas que en Rosario nos prohibieron el afiche de Durazno sangrando porque era una vagina que chorreaba? \u00bfQui\u00e9nes tienen la mente podrida?\u201d, dijo en una oportunidad a Miguel Grinberg en una entrevista.<\/p><\/blockquote>\n<p>Muchos a\u00f1os despu\u00e9s de aquella aventura, tambi\u00e9n realiz\u00f3 la portada de <strong><em>\u201cDon Lucero\u201d,<\/em><\/strong> realizada trav\u00e9s de una computadora, en una incursi\u00f3n en el arte digital con una Commodore Amiga 500, una computadora en boga en los \u201980 y que hoy es una pieza de museo.<\/p>\n<blockquote><p>Tambi\u00e9n se encarg\u00f3 del dibujo que aparece en la portada de \u201cUn ma\u00f1ana\u201d, su \u00faltimo disco. Es \u00abun hombre atribulado por las circunstancias&#8230; (que) est\u00e1 yendo hacia arriba por las dudas\u00bb, explic\u00f3.<\/p><\/blockquote>\n<p>Tambi\u00e9n realiz\u00f3 el dibujo de la portada de <strong><em>\u201cEl tiempo es veloz\u201d,<\/em><\/strong> uno de los discos emblem\u00e1tico \u00a0de <strong>David Leb\u00f3n,<\/strong> su querido amigo desde Pescado.\u00a0<img loading=\"lazy\" decoding=\"async\" class=\" wp-image-22157 alignright\" src=\"http:\/\/cronicasyversiones.com\/wp-content\/uploads\/2019\/02\/invisible-columna-carlos-iglesias-1024x466.png\" alt=\"\" width=\"574\" height=\"261\" srcset=\"http:\/\/cronicasyversiones.com\/wp-content\/uploads\/2019\/02\/invisible-columna-carlos-iglesias-1024x466.png 1024w, http:\/\/cronicasyversiones.com\/wp-content\/uploads\/2019\/02\/invisible-columna-carlos-iglesias-300x137.png 300w, http:\/\/cronicasyversiones.com\/wp-content\/uploads\/2019\/02\/invisible-columna-carlos-iglesias-768x350.png 768w\" sizes=\"auto, (max-width: 574px) 100vw, 574px\" \/><\/p>\n<p>Su talento tambi\u00e9n apareci\u00f3 en m\u00faltiples afiches de conciertos, principalmente en tiempos de Pescado Rabioso e Invisible, con dibujos hechos a mano y en muchos casos apelando al humor.<\/p>\n<p>Esas creaciones fueron rescatadas y publicadas en la web, que las salvaron la fugacidad del anunci\u00f3 de un show, que seguramente fue tapado por alg\u00fan afiche publicitario, y tambi\u00e9n para que sean vistas por las nuevas generaciones.<\/p>\n<p>Adem\u00e1s, era un gran aficionado a dibujar autos desde su infancia y luego continu\u00f3 con prototipos futuristas de veh\u00edculos, con dise\u00f1os que le podr\u00edan generar envidia a los dise\u00f1adores de las grandes automotrices.<\/p>\n<p>Sobre cualquier superficie y sobre simples hojas en blanco, tambi\u00e9n apel\u00f3 al humor para realizar dibujos caseros, algunos de ellos bastante zarpados e ingeniosos, junto con mandalas y esferas y a la creaci\u00f3n de particulares personajes, como <strong>Murga Rulerbol.<\/strong><\/p>\n<p><strong>Tambi\u00e9n despuntaba el vicio dibujando con sus nietos y este talento lo comparti\u00f3 con su hermano Gustavo, el creador de la portada de \u00abPescado 2\u00bb.<br \/>\n<\/strong><\/p>\n<p><img loading=\"lazy\" decoding=\"async\" class=\"alignleft wp-image-22153\" src=\"http:\/\/cronicasyversiones.com\/wp-content\/uploads\/2019\/02\/murga-1-728x1024.jpg\" alt=\"\" width=\"296\" height=\"417\" srcset=\"http:\/\/cronicasyversiones.com\/wp-content\/uploads\/2019\/02\/murga-1-728x1024.jpg 728w, http:\/\/cronicasyversiones.com\/wp-content\/uploads\/2019\/02\/murga-1-213x300.jpg 213w, http:\/\/cronicasyversiones.com\/wp-content\/uploads\/2019\/02\/murga-1-768x1080.jpg 768w, http:\/\/cronicasyversiones.com\/wp-content\/uploads\/2019\/02\/murga-1.jpg 853w\" sizes=\"auto, (max-width: 296px) 100vw, 296px\" \/>Los hijos de Spinetta aseguraron, tras la muerte de su padre, que en distintos puntos de la Diosa Salvaje, el estudio\/casa del Flaco, que hab\u00eda dibujos por doquier en cuanto caj\u00f3n abr\u00edan.<\/p>\n<p>Buena parte de ese material, se exhibi\u00f3 en la Biblioteca Nacional en la muestra <strong><em>\u201cSpinetta. Los Libros de la Buena Memoria\u201d<\/em><\/strong>, inaugurada poco despu\u00e9s de su muerte y que tuvo una gran cantidad de visitantes.<\/p>\n<p>All\u00ed se exhibieron dibujos in\u00e9ditos, manuscritos de canciones y hasta el boceto de las guitarras que le encarg\u00f3 a Rudy Pensa, el lutier que le confeccion\u00f3 sus \u00faltimas violas. Adem\u00e1s, hubo charlas, conciertos y proyecci\u00f3n de pel\u00edculas.<\/p>\n<p>Poeta, cantante y guitarrista, tambi\u00e9n impensado dibujante y pintor, el universo <strong>de Luis Alberto Spinetta<\/strong> supo albergar esas disciplinas con total armon\u00eda.<\/p>\n<div style=\"padding-bottom:20px; padding-top:10px;\" class=\"hupso-share-buttons\"><!-- Hupso Share Buttons - https:\/\/www.hupso.com\/share\/ --><a class=\"hupso_counters\" href=\"https:\/\/www.hupso.com\/share\/\"><img decoding=\"async\" src=\"http:\/\/static.hupso.com\/share\/buttons\/lang\/es\/share-small.png\" style=\"border:0px; padding-top:2px; float:left;\" alt=\"Share Button\"\/><\/a><script type=\"text\/javascript\">var hupso_services_c=new Array(\"twitter\",\"facebook_like\",\"google\");var hupso_counters_lang = \"es_LA\";var hupso_image_folder_url = \"\";var hupso_twitter_via=\"crsyvrs\";var hupso_url_c=\"\";<\/script><script type=\"text\/javascript\" src=\"http:\/\/static.hupso.com\/share\/js\/counters.js\"><\/script><!-- Hupso Share Buttons --><\/div> ","protected":false},"excerpt":{"rendered":"<div style=\"padding-bottom:20px; padding-top:10px;\" class=\"hupso-share-buttons\"><!-- Hupso Share Buttons - https:\/\/www.hupso.com\/share\/ --><a class=\"hupso_counters\" href=\"https:\/\/www.hupso.com\/share\/\"><img src=\"http:\/\/static.hupso.com\/share\/buttons\/lang\/es\/share-small.png\" style=\"border:0px; padding-top:2px; float:left;\" alt=\"Share Button\"\/><\/a><script type=\"text\/javascript\">var hupso_services_c=new Array(\"twitter\",\"facebook_like\",\"google\");var hupso_counters_lang = \"es_LA\";var hupso_image_folder_url = \"\";var hupso_twitter_via=\"crsyvrs\";var hupso_url_c=\"\";<\/script><script type=\"text\/javascript\" src=\"http:\/\/static.hupso.com\/share\/js\/counters.js\"><\/script><!-- Hupso Share Buttons --><\/div><p>Por Edgardo Solano Al margen de su talento como m\u00fasico, el Flaco fue un notable dibujante y plasm\u00f3 este talento en afiches, portadas de discos y en dibujos, \u00a0que salieron a la luz en una muestra. La historia da&#46;&#46;&#46;<\/p>\n<div style=\"padding-bottom:20px; padding-top:10px;\" class=\"hupso-share-buttons\"><!-- Hupso Share Buttons - https:\/\/www.hupso.com\/share\/ --><a class=\"hupso_counters\" href=\"https:\/\/www.hupso.com\/share\/\"><img src=\"http:\/\/static.hupso.com\/share\/buttons\/lang\/es\/share-small.png\" style=\"border:0px; padding-top:2px; float:left;\" alt=\"Share Button\"\/><\/a><script type=\"text\/javascript\">var hupso_services_c=new Array(\"twitter\",\"facebook_like\",\"google\");var hupso_counters_lang = \"es_LA\";var hupso_image_folder_url = \"\";var hupso_twitter_via=\"crsyvrs\";var hupso_url_c=\"\";<\/script><script type=\"text\/javascript\" src=\"http:\/\/static.hupso.com\/share\/js\/counters.js\"><\/script><!-- Hupso Share Buttons --><\/div>","protected":false},"author":5,"featured_media":22148,"comment_status":"open","ping_status":"closed","sticky":false,"template":"","format":"standard","meta":{"footnotes":""},"categories":[3,3944],"tags":[47],"class_list":["post-22147","post","type-post","status-publish","format-standard","has-post-thumbnail","hentry","category-musica","category-spinettario","tag-luis-alberto-spinetta"],"_links":{"self":[{"href":"http:\/\/cronicasyversiones.com\/index.php?rest_route=\/wp\/v2\/posts\/22147","targetHints":{"allow":["GET"]}}],"collection":[{"href":"http:\/\/cronicasyversiones.com\/index.php?rest_route=\/wp\/v2\/posts"}],"about":[{"href":"http:\/\/cronicasyversiones.com\/index.php?rest_route=\/wp\/v2\/types\/post"}],"author":[{"embeddable":true,"href":"http:\/\/cronicasyversiones.com\/index.php?rest_route=\/wp\/v2\/users\/5"}],"replies":[{"embeddable":true,"href":"http:\/\/cronicasyversiones.com\/index.php?rest_route=%2Fwp%2Fv2%2Fcomments&post=22147"}],"version-history":[{"count":0,"href":"http:\/\/cronicasyversiones.com\/index.php?rest_route=\/wp\/v2\/posts\/22147\/revisions"}],"wp:featuredmedia":[{"embeddable":true,"href":"http:\/\/cronicasyversiones.com\/index.php?rest_route=\/wp\/v2\/media\/22148"}],"wp:attachment":[{"href":"http:\/\/cronicasyversiones.com\/index.php?rest_route=%2Fwp%2Fv2%2Fmedia&parent=22147"}],"wp:term":[{"taxonomy":"category","embeddable":true,"href":"http:\/\/cronicasyversiones.com\/index.php?rest_route=%2Fwp%2Fv2%2Fcategories&post=22147"},{"taxonomy":"post_tag","embeddable":true,"href":"http:\/\/cronicasyversiones.com\/index.php?rest_route=%2Fwp%2Fv2%2Ftags&post=22147"}],"curies":[{"name":"wp","href":"https:\/\/api.w.org\/{rel}","templated":true}]}}