{"id":22184,"date":"2019-02-11T13:57:16","date_gmt":"2019-02-11T16:57:16","guid":{"rendered":"http:\/\/cronicasyversiones.com\/?p=22184"},"modified":"2019-02-11T14:01:46","modified_gmt":"2019-02-11T17:01:46","slug":"patricio-abadi-homenajea-herbert-vianna-en-bonus-track","status":"publish","type":"post","link":"http:\/\/cronicasyversiones.com\/?p=22184","title":{"rendered":"Patricio Abadi homenajea a Herbert Vianna en \u201cBonus track\u201d"},"content":{"rendered":"<div style=\"padding-bottom:20px; padding-top:10px;\" class=\"hupso-share-buttons\"><!-- Hupso Share Buttons - https:\/\/www.hupso.com\/share\/ --><a class=\"hupso_counters\" href=\"https:\/\/www.hupso.com\/share\/\"><img decoding=\"async\" src=\"http:\/\/static.hupso.com\/share\/buttons\/lang\/es\/share-small.png\" style=\"border:0px; padding-top:2px; float:left;\" alt=\"Share Button\"\/><\/a><script type=\"text\/javascript\">var hupso_services_c=new Array(\"twitter\",\"facebook_like\",\"google\");var hupso_counters_lang = \"es_LA\";var hupso_image_folder_url = \"\";var hupso_twitter_via=\"crsyvrs\";var hupso_url_c=\"\";<\/script><script type=\"text\/javascript\" src=\"http:\/\/static.hupso.com\/share\/js\/counters.js\"><\/script><!-- Hupso Share Buttons --><\/div><h2>Esta puesta en escena est\u00e1 inspirada en la conmovedora historia de superaci\u00f3n de Herbert Vianna, cantante y guitarrista de Os Paralamas.<\/h2>\n<p><img loading=\"lazy\" decoding=\"async\" class=\" wp-image-22185 aligncenter\" src=\"http:\/\/cronicasyversiones.com\/wp-content\/uploads\/2019\/02\/bonnus-1024x678.jpg\" alt=\"\" width=\"754\" height=\"499\" srcset=\"http:\/\/cronicasyversiones.com\/wp-content\/uploads\/2019\/02\/bonnus-1024x678.jpg 1024w, http:\/\/cronicasyversiones.com\/wp-content\/uploads\/2019\/02\/bonnus-300x199.jpg 300w, http:\/\/cronicasyversiones.com\/wp-content\/uploads\/2019\/02\/bonnus-768x508.jpg 768w, http:\/\/cronicasyversiones.com\/wp-content\/uploads\/2019\/02\/bonnus.jpg 1280w\" sizes=\"auto, (max-width: 754px) 100vw, 754px\" \/><\/p>\n<p>Escrita, dirigida e interpretada por <strong>Patricio Abadi<\/strong>, <em><strong>\u00abBonus track\u00bb<\/strong><\/em> es una inspirada en la conmovedora historia de superaci\u00f3n de <strong>Herbert Vianna,<\/strong> cantante y guitarrista de <strong>Os Paralamas do Suceso.<\/strong><\/p>\n<p>Esta puesta regresa a escena los s\u00e1bados 16 a las 20 en<strong> El exc\u00e9ntrico de la 18,<\/strong> el espacio porte\u00f1o ubicado en Lerma 420.<\/p>\n<p><strong>El avi\u00f3n ultraliviano que maneja Herbert Vianna,<\/strong> cantante de Os Paralamas, se estrella contra el mar. Su mujer muere ahogada, y \u00e9l queda en coma. Un atardecer, despierta. Al tiempo, vuelve a los escenarios. \u00bfC\u00f3mo se sigue la vida con las p\u00e9rdidas a cuestas?<\/p>\n<p>Se trata de la segunda entrega de sus <strong>Biograf\u00edas Ficcionadas,<\/strong> la serie que inaugur\u00f3 con su elogiada puesta de <strong>Frida Kahlo.<\/strong><\/p>\n<blockquote><p>\u201cProyectar po\u00e9ticamente sobre la plataforma de lo real. Esa necesidad de experimentaci\u00f3n me llev\u00f3 a la creaci\u00f3n de este subg\u00e9nero. Un procedimiento de escritura con un movimiento pendular de aproximaci\u00f3n y distancia con la persona retratada. Mirarles como a trav\u00e9s de un vidrio esmerilado. Hacer convivir en un presente teatral lo documental, lo imaginado y sobre todo esa zona fronteriza entre ambas cosas. Un mestizaje que produzca una armoniosa inestabilidad para mantener encendida la escena. Bonus track es la segunda entrega de esta serie de Biograf\u00eda ficcionadas que he inaugurado con Frida Kahlo\u201d , dice Patricio Abadi.<\/p><\/blockquote>\n<p><em><strong>LEA TAMBI\u00c9N:\u00a0<\/strong><\/em><\/p>\n<div class=\"video-container\">\n<blockquote class=\"wp-embedded-content\" data-secret=\"ZI91O3rMzE\"><p><a href=\"https:\/\/cronicasyversiones.com\/?p=22093\">\u201cLa omisi\u00f3n de la familia Coleman\u201d festeja sus 15 temporadas en el Paseo La Plaza<\/a><\/p><\/blockquote>\n<p><iframe loading=\"lazy\" class=\"wp-embedded-content\" sandbox=\"allow-scripts\" security=\"restricted\" style=\"position: absolute; clip: rect(1px, 1px, 1px, 1px);\" title=\"\u00ab\u201cLa omisi\u00f3n de la familia Coleman\u201d festeja sus 15 temporadas en el Paseo La Plaza\u00bb \u2014    \" src=\"https:\/\/cronicasyversiones.com\/?p=22093&#038;embed=true#?secret=wcoJm2ZL5k#?secret=ZI91O3rMzE\" data-secret=\"ZI91O3rMzE\" width=\"600\" height=\"338\" frameborder=\"0\" marginwidth=\"0\" marginheight=\"0\" scrolling=\"no\"><\/iframe><\/div>\n<p><strong>Patricio Abadi<\/strong>\u00a0es Licenciado en Comunicaci\u00f3n con orientaci\u00f3n en Letras y es egresado del Conservatorio en la carrera de Dramaturgia dirigida por Mauricio Kartun.<\/p>\n<p>Es actor, autor, director y docente. Es el director art\u00edstico de <strong>On\u00edrico Espacio de Arte<\/strong> (Fitz Roy 1846) en el barrio de Palermo, donde funciona actualmente su Escuela de teatro.<\/p>\n<p>La puesta cuenta con la voz en off de \u00a0Isabella Merajver, el dise\u00f1o de luces de Ricardo Sica, el vestuario de Ivana Nebuloni , la colaboraci\u00f3n art\u00edstica de \u00a0Caro Babich, Florencia Bergallo y \u00a0Valentina Fern\u00e1ndez de Rosa y la asistencia de asistente de direcci\u00f3n de \u00a0Marcela Blanco e Ivana Nebuloni.<\/p>\n<p>&nbsp;<\/p>\n<div style=\"padding-bottom:20px; padding-top:10px;\" class=\"hupso-share-buttons\"><!-- Hupso Share Buttons - https:\/\/www.hupso.com\/share\/ --><a class=\"hupso_counters\" href=\"https:\/\/www.hupso.com\/share\/\"><img decoding=\"async\" src=\"http:\/\/static.hupso.com\/share\/buttons\/lang\/es\/share-small.png\" style=\"border:0px; padding-top:2px; float:left;\" alt=\"Share Button\"\/><\/a><script type=\"text\/javascript\">var hupso_services_c=new Array(\"twitter\",\"facebook_like\",\"google\");var hupso_counters_lang = \"es_LA\";var hupso_image_folder_url = \"\";var hupso_twitter_via=\"crsyvrs\";var hupso_url_c=\"\";<\/script><script type=\"text\/javascript\" src=\"http:\/\/static.hupso.com\/share\/js\/counters.js\"><\/script><!-- Hupso Share Buttons --><\/div> ","protected":false},"excerpt":{"rendered":"<div style=\"padding-bottom:20px; padding-top:10px;\" class=\"hupso-share-buttons\"><!-- Hupso Share Buttons - https:\/\/www.hupso.com\/share\/ --><a class=\"hupso_counters\" href=\"https:\/\/www.hupso.com\/share\/\"><img src=\"http:\/\/static.hupso.com\/share\/buttons\/lang\/es\/share-small.png\" style=\"border:0px; padding-top:2px; float:left;\" alt=\"Share Button\"\/><\/a><script type=\"text\/javascript\">var hupso_services_c=new Array(\"twitter\",\"facebook_like\",\"google\");var hupso_counters_lang = \"es_LA\";var hupso_image_folder_url = \"\";var hupso_twitter_via=\"crsyvrs\";var hupso_url_c=\"\";<\/script><script type=\"text\/javascript\" src=\"http:\/\/static.hupso.com\/share\/js\/counters.js\"><\/script><!-- Hupso Share Buttons --><\/div><p>Esta puesta en escena est\u00e1 inspirada en la conmovedora historia de superaci\u00f3n de Herbert Vianna, cantante y guitarrista de Os Paralamas. Escrita, dirigida e interpretada por Patricio Abadi, \u00abBonus track\u00bb es una inspirada en la conmovedora historia de superaci\u00f3n&#46;&#46;&#46;<\/p>\n<div style=\"padding-bottom:20px; padding-top:10px;\" class=\"hupso-share-buttons\"><!-- Hupso Share Buttons - https:\/\/www.hupso.com\/share\/ --><a class=\"hupso_counters\" href=\"https:\/\/www.hupso.com\/share\/\"><img src=\"http:\/\/static.hupso.com\/share\/buttons\/lang\/es\/share-small.png\" style=\"border:0px; padding-top:2px; float:left;\" alt=\"Share Button\"\/><\/a><script type=\"text\/javascript\">var hupso_services_c=new Array(\"twitter\",\"facebook_like\",\"google\");var hupso_counters_lang = \"es_LA\";var hupso_image_folder_url = \"\";var hupso_twitter_via=\"crsyvrs\";var hupso_url_c=\"\";<\/script><script type=\"text\/javascript\" src=\"http:\/\/static.hupso.com\/share\/js\/counters.js\"><\/script><!-- Hupso Share Buttons --><\/div>","protected":false},"author":5,"featured_media":22185,"comment_status":"open","ping_status":"closed","sticky":false,"template":"","format":"standard","meta":{"footnotes":""},"categories":[5],"tags":[3920,7794,5981],"class_list":["post-22184","post","type-post","status-publish","format-standard","has-post-thumbnail","hentry","category-teatro","tag-el-excentrico-de-la-18","tag-os-paralamas","tag-patricio-abadi"],"_links":{"self":[{"href":"http:\/\/cronicasyversiones.com\/index.php?rest_route=\/wp\/v2\/posts\/22184","targetHints":{"allow":["GET"]}}],"collection":[{"href":"http:\/\/cronicasyversiones.com\/index.php?rest_route=\/wp\/v2\/posts"}],"about":[{"href":"http:\/\/cronicasyversiones.com\/index.php?rest_route=\/wp\/v2\/types\/post"}],"author":[{"embeddable":true,"href":"http:\/\/cronicasyversiones.com\/index.php?rest_route=\/wp\/v2\/users\/5"}],"replies":[{"embeddable":true,"href":"http:\/\/cronicasyversiones.com\/index.php?rest_route=%2Fwp%2Fv2%2Fcomments&post=22184"}],"version-history":[{"count":0,"href":"http:\/\/cronicasyversiones.com\/index.php?rest_route=\/wp\/v2\/posts\/22184\/revisions"}],"wp:featuredmedia":[{"embeddable":true,"href":"http:\/\/cronicasyversiones.com\/index.php?rest_route=\/wp\/v2\/media\/22185"}],"wp:attachment":[{"href":"http:\/\/cronicasyversiones.com\/index.php?rest_route=%2Fwp%2Fv2%2Fmedia&parent=22184"}],"wp:term":[{"taxonomy":"category","embeddable":true,"href":"http:\/\/cronicasyversiones.com\/index.php?rest_route=%2Fwp%2Fv2%2Fcategories&post=22184"},{"taxonomy":"post_tag","embeddable":true,"href":"http:\/\/cronicasyversiones.com\/index.php?rest_route=%2Fwp%2Fv2%2Ftags&post=22184"}],"curies":[{"name":"wp","href":"https:\/\/api.w.org\/{rel}","templated":true}]}}