{"id":2224,"date":"2014-06-02T15:08:14","date_gmt":"2014-06-02T18:08:14","guid":{"rendered":"http:\/\/cronicasyversiones.com\/?p=2224"},"modified":"2014-06-02T15:08:14","modified_gmt":"2014-06-02T18:08:14","slug":"marta-minujin-pinto-un-mural-por-cafe-gratis-de-por-vida","status":"publish","type":"post","link":"http:\/\/cronicasyversiones.com\/?p=2224","title":{"rendered":"Marta Minuj\u00edn pint\u00f3 un mural por caf\u00e9 gratis de por vida"},"content":{"rendered":"<div style=\"padding-bottom:20px; padding-top:10px;\" class=\"hupso-share-buttons\"><!-- Hupso Share Buttons - https:\/\/www.hupso.com\/share\/ --><a class=\"hupso_counters\" href=\"https:\/\/www.hupso.com\/share\/\"><img decoding=\"async\" src=\"http:\/\/static.hupso.com\/share\/buttons\/lang\/es\/share-small.png\" style=\"border:0px; padding-top:2px; float:left;\" alt=\"Share Button\"\/><\/a><script type=\"text\/javascript\">var hupso_services_c=new Array(\"twitter\",\"facebook_like\",\"google\");var hupso_counters_lang = \"es_LA\";var hupso_image_folder_url = \"\";var hupso_twitter_via=\"crsyvrs\";var hupso_url_c=\"\";<\/script><script type=\"text\/javascript\" src=\"http:\/\/static.hupso.com\/share\/js\/counters.js\"><\/script><!-- Hupso Share Buttons --><\/div><h2 style=\"text-align: justify;\">La original artista confes\u00f3 que realiz\u00f3 una obra en el 2011 a cambio de consumir esa infusi\u00f3n a perpetuidad. \u201cFue a todas luces un acto de corrupci\u00f3n, pero yo corrompo con arte\u201d, dispar\u00f3.<\/h2>\n<p style=\"text-align: justify;\"><a href=\"http:\/\/cronicasyversiones.com\/wp-content\/uploads\/2014\/06\/pelota-marta_minujin.jpg\"><img loading=\"lazy\" decoding=\"async\" class=\"size-full wp-image-2225 aligncenter\" src=\"http:\/\/cronicasyversiones.com\/wp-content\/uploads\/2014\/06\/pelota-marta_minujin.jpg\" alt=\"pelota-marta_minujin\" width=\"728\" height=\"500\" srcset=\"http:\/\/cronicasyversiones.com\/wp-content\/uploads\/2014\/06\/pelota-marta_minujin.jpg 728w, http:\/\/cronicasyversiones.com\/wp-content\/uploads\/2014\/06\/pelota-marta_minujin-300x206.jpg 300w\" sizes=\"auto, (max-width: 728px) 100vw, 728px\" \/><\/a><strong>Marta Minuj\u00edn<\/strong> confes\u00f3 haber pintado un mural en la pared de un bar de Buenos Aires como contraprestaci\u00f3n de poder tomar <strong>caf\u00e9 gratis de por vida<\/strong>.<\/p>\n<p style=\"text-align: justify;\">La reina del <em><strong>\u201cPop Art\u201d<\/strong><\/em> de Am\u00e9rica latina record\u00f3 que, en 2011, realiz\u00f3 un acuerdo de palabra con el due\u00f1o de la\u00a0 confiter\u00eda <strong>Le Pont<\/strong> del barrio porte\u00f1o de <strong>Recoleta,<\/strong> ubicada en Montevideo y Juncal, por el que ella se compromet\u00eda a realizar una de sus originales obras en una pared y, a cambio, el due\u00f1o del local le promet\u00eda caf\u00e9 gratis a perpetuidad.<\/p>\n<p style=\"text-align: justify;\">\u201c<strong>Fue a todas luces un acto de corrupci\u00f3n, pero yo corrompo con arte<\/strong>\u201d, reconoci\u00f3 la artista en una entrevista con el diario <strong>Clar\u00edn<\/strong>.<\/p>\n<p style=\"text-align: justify;\">En aquel momento, Marta Minuj\u00edn padec\u00eda una fuerte adicci\u00f3n por esta infusi\u00f3n y pod\u00eda tomarse <strong>hasta 16 raciones por d\u00eda<\/strong>, a pesar de que su m\u00e9dico le hab\u00eda aconsejado disminuir la cantidad diaria.<\/p>\n<p style=\"text-align: justify;\">La creadora de la frase <em><strong>\u201carte, arte, arte\u201d<\/strong> <\/em>pint\u00f3, sobre un gran fondo blanco, los perfiles de cuatro mujeres y tres hombres mezclados entre s\u00ed y con sus miradas enfrentadas, en tonos dorado, negro, rojo y violeta.<\/p>\n<p style=\"text-align: justify;\">\u201cEn realidad lo que est\u00e1 puesto aqu\u00ed es una sola persona que se enfrenta a s\u00ed misma\u201d, explic\u00f3 Minuj\u00edn en la entrevista y\u00a0 que agreg\u00f3 que \u201cuno es muchas personas en una sola, porque depende de la mirada de quien tiene enfrente\u201d.<\/p>\n<p style=\"text-align: justify;\">Adem\u00e1s, para que el mozo nunca se olvide a qui\u00e9n debe traerle el caf\u00e9, la autora de la obra\u00a0 estamp\u00f3, abajo a la derecha, su firma.<\/p>\n<p style=\"text-align: justify;\">En 2013, la artista realiz\u00f3 en Buenos Aires, con motivo de los 30 a\u00f1os de Democracia, el <em><strong>\u201c\u00c1gora de la paz\u201d<\/strong><\/em>, una instalaci\u00f3n art\u00edstica levantada con 25.000 libros.<\/p>\n<p style=\"text-align: justify;\">En otras de sus aventuras, en 2011, Minuj\u00edn arm\u00f3 una singular <em><strong>\u201cTorre de Babel\u201d,<\/strong><\/em> con 30.000 libros de todo el mundo, para festejar el t\u00edtulo de \u201cCapital Mundial del Libro\u201d que la Unesco le hab\u00eda otorgado ese a\u00f1o a Buenos Aires<\/p>\n<div style=\"padding-bottom:20px; padding-top:10px;\" class=\"hupso-share-buttons\"><!-- Hupso Share Buttons - https:\/\/www.hupso.com\/share\/ --><a class=\"hupso_counters\" href=\"https:\/\/www.hupso.com\/share\/\"><img decoding=\"async\" src=\"http:\/\/static.hupso.com\/share\/buttons\/lang\/es\/share-small.png\" style=\"border:0px; padding-top:2px; float:left;\" alt=\"Share Button\"\/><\/a><script type=\"text\/javascript\">var hupso_services_c=new Array(\"twitter\",\"facebook_like\",\"google\");var hupso_counters_lang = \"es_LA\";var hupso_image_folder_url = \"\";var hupso_twitter_via=\"crsyvrs\";var hupso_url_c=\"\";<\/script><script type=\"text\/javascript\" src=\"http:\/\/static.hupso.com\/share\/js\/counters.js\"><\/script><!-- Hupso Share Buttons --><\/div> ","protected":false},"excerpt":{"rendered":"<div style=\"padding-bottom:20px; padding-top:10px;\" class=\"hupso-share-buttons\"><!-- Hupso Share Buttons - https:\/\/www.hupso.com\/share\/ --><a class=\"hupso_counters\" href=\"https:\/\/www.hupso.com\/share\/\"><img src=\"http:\/\/static.hupso.com\/share\/buttons\/lang\/es\/share-small.png\" style=\"border:0px; padding-top:2px; float:left;\" alt=\"Share Button\"\/><\/a><script type=\"text\/javascript\">var hupso_services_c=new Array(\"twitter\",\"facebook_like\",\"google\");var hupso_counters_lang = \"es_LA\";var hupso_image_folder_url = \"\";var hupso_twitter_via=\"crsyvrs\";var hupso_url_c=\"\";<\/script><script type=\"text\/javascript\" src=\"http:\/\/static.hupso.com\/share\/js\/counters.js\"><\/script><!-- Hupso Share Buttons --><\/div><p>La original artista confes\u00f3 que realiz\u00f3 una obra en el 2011 a cambio de consumir esa infusi\u00f3n a perpetuidad. \u201cFue a todas luces un acto de corrupci\u00f3n, pero yo corrompo con arte\u201d, dispar\u00f3. Marta Minuj\u00edn confes\u00f3 haber pintado un&#46;&#46;&#46;<\/p>\n<div style=\"padding-bottom:20px; padding-top:10px;\" class=\"hupso-share-buttons\"><!-- Hupso Share Buttons - https:\/\/www.hupso.com\/share\/ --><a class=\"hupso_counters\" href=\"https:\/\/www.hupso.com\/share\/\"><img src=\"http:\/\/static.hupso.com\/share\/buttons\/lang\/es\/share-small.png\" style=\"border:0px; padding-top:2px; float:left;\" alt=\"Share Button\"\/><\/a><script type=\"text\/javascript\">var hupso_services_c=new Array(\"twitter\",\"facebook_like\",\"google\");var hupso_counters_lang = \"es_LA\";var hupso_image_folder_url = \"\";var hupso_twitter_via=\"crsyvrs\";var hupso_url_c=\"\";<\/script><script type=\"text\/javascript\" src=\"http:\/\/static.hupso.com\/share\/js\/counters.js\"><\/script><!-- Hupso Share Buttons --><\/div>","protected":false},"author":5,"featured_media":0,"comment_status":"open","ping_status":"open","sticky":false,"template":"","format":"standard","meta":{"footnotes":""},"categories":[8],"tags":[1801,931,1261],"class_list":["post-2224","post","type-post","status-publish","format-standard","hentry","category-artes-plasticas","tag-le-pont","tag-marta-minujin","tag-pop-art"],"_links":{"self":[{"href":"http:\/\/cronicasyversiones.com\/index.php?rest_route=\/wp\/v2\/posts\/2224","targetHints":{"allow":["GET"]}}],"collection":[{"href":"http:\/\/cronicasyversiones.com\/index.php?rest_route=\/wp\/v2\/posts"}],"about":[{"href":"http:\/\/cronicasyversiones.com\/index.php?rest_route=\/wp\/v2\/types\/post"}],"author":[{"embeddable":true,"href":"http:\/\/cronicasyversiones.com\/index.php?rest_route=\/wp\/v2\/users\/5"}],"replies":[{"embeddable":true,"href":"http:\/\/cronicasyversiones.com\/index.php?rest_route=%2Fwp%2Fv2%2Fcomments&post=2224"}],"version-history":[{"count":0,"href":"http:\/\/cronicasyversiones.com\/index.php?rest_route=\/wp\/v2\/posts\/2224\/revisions"}],"wp:attachment":[{"href":"http:\/\/cronicasyversiones.com\/index.php?rest_route=%2Fwp%2Fv2%2Fmedia&parent=2224"}],"wp:term":[{"taxonomy":"category","embeddable":true,"href":"http:\/\/cronicasyversiones.com\/index.php?rest_route=%2Fwp%2Fv2%2Fcategories&post=2224"},{"taxonomy":"post_tag","embeddable":true,"href":"http:\/\/cronicasyversiones.com\/index.php?rest_route=%2Fwp%2Fv2%2Ftags&post=2224"}],"curies":[{"name":"wp","href":"https:\/\/api.w.org\/{rel}","templated":true}]}}