{"id":22259,"date":"2019-02-18T14:16:54","date_gmt":"2019-02-18T17:16:54","guid":{"rendered":"http:\/\/cronicasyversiones.com\/?p=22259"},"modified":"2019-02-18T14:16:54","modified_gmt":"2019-02-18T17:16:54","slug":"david-lebon-grabo-una-version-de-mundo-agradable-con-ricardo-mollo","status":"publish","type":"post","link":"http:\/\/cronicasyversiones.com\/?p=22259","title":{"rendered":"David Leb\u00f3n grab\u00f3 una versi\u00f3n de \u201cMundo agradable\u201d con Ricardo Mollo"},"content":{"rendered":"<div style=\"padding-bottom:20px; padding-top:10px;\" class=\"hupso-share-buttons\"><!-- Hupso Share Buttons - https:\/\/www.hupso.com\/share\/ --><a class=\"hupso_counters\" href=\"https:\/\/www.hupso.com\/share\/\"><img decoding=\"async\" src=\"http:\/\/static.hupso.com\/share\/buttons\/lang\/es\/share-small.png\" style=\"border:0px; padding-top:2px; float:left;\" alt=\"Share Button\"\/><\/a><script type=\"text\/javascript\">var hupso_services_c=new Array(\"twitter\",\"facebook_like\",\"google\");var hupso_counters_lang = \"es_LA\";var hupso_image_folder_url = \"\";var hupso_twitter_via=\"crsyvrs\";var hupso_url_c=\"\";<\/script><script type=\"text\/javascript\" src=\"http:\/\/static.hupso.com\/share\/js\/counters.js\"><\/script><!-- Hupso Share Buttons --><\/div><h2>El cl\u00e1sico de Ser\u00fa Gir\u00e1n es el primer single del nuevo \u00e1lbum del ex integrante de Ser\u00fa Gir\u00e1n con la presencia del l\u00edder de Divididos en guitarra y voz.<\/h2>\n<p><img loading=\"lazy\" decoding=\"async\" class=\"wp-image-22260 aligncenter\" src=\"http:\/\/cronicasyversiones.com\/wp-content\/uploads\/2019\/02\/david-1024x585.jpg\" alt=\"\" width=\"743\" height=\"425\" srcset=\"http:\/\/cronicasyversiones.com\/wp-content\/uploads\/2019\/02\/david-1024x585.jpg 1024w, http:\/\/cronicasyversiones.com\/wp-content\/uploads\/2019\/02\/david-300x171.jpg 300w, http:\/\/cronicasyversiones.com\/wp-content\/uploads\/2019\/02\/david-768x439.jpg 768w, http:\/\/cronicasyversiones.com\/wp-content\/uploads\/2019\/02\/david.jpg 1162w\" sizes=\"auto, (max-width: 743px) 100vw, 743px\" \/><\/p>\n<p><strong><em>\u201cMundo agradable\u201d,<\/em><\/strong> que originalmente se grab\u00f3 en <strong><em>\u201cSer\u00fa 92\u201d, <\/em><\/strong>es el primer single del nuevo disco de <strong>David Leb\u00f3n<\/strong>, con la colaboraci\u00f3n estelar de <strong>Ricardo Mollo.<\/strong><\/p>\n<p>El tema vuelve a sonar despu\u00e9s de casi tres d\u00e9cadas, en un disco en el Leb\u00f3n incluir\u00e1 nuevas versiones de sus canciones cl\u00e1sicas.<\/p>\n<p>Para desempolvar a este bella canci\u00f3n que fue parte del ef\u00edmero regres\u00f3 de <strong>Ser\u00fa Gir\u00e1n,<\/strong> convoc\u00f3 para que ponga su voz y su guitarra al l\u00edder de Divididos.<\/p>\n<p><iframe loading=\"lazy\" src=\"https:\/\/www.youtube.com\/embed\/O9RbVM2N3s4\" width=\"600\" height=\"350\" frameborder=\"0\" allowfullscreen=\"allowfullscreen\"><span data-mce-type=\"bookmark\" style=\"display: inline-block; width: 0px; overflow: hidden; line-height: 0;\" class=\"mce_SELRES_start\">?<\/span><\/iframe><\/p>\n<p>Guitarrista, cantante y compositor, <strong>David<\/strong> <strong>Leb\u00f3n<\/strong> integr\u00f3 la primera formaci\u00f3n de Pappo\u2019s Blues y tambi\u00e9n toc\u00f3 en La Pesada del Rock and Roll de Billy Bond.<\/p>\n<p>Adem\u00e1s, fue parte de Pescado Rabioso con Luis Alberto Spinetta, fue integrante de Polifemo y de Ser\u00fa Gir\u00e1n con Charly Garc\u00eda.<\/p>\n<p>Al margen de integrar estas legendarias bandas, desarroll\u00f3 una dilatada e interesante carrera como solista.<\/p>\n<div style=\"padding-bottom:20px; padding-top:10px;\" class=\"hupso-share-buttons\"><!-- Hupso Share Buttons - https:\/\/www.hupso.com\/share\/ --><a class=\"hupso_counters\" href=\"https:\/\/www.hupso.com\/share\/\"><img decoding=\"async\" src=\"http:\/\/static.hupso.com\/share\/buttons\/lang\/es\/share-small.png\" style=\"border:0px; padding-top:2px; float:left;\" alt=\"Share Button\"\/><\/a><script type=\"text\/javascript\">var hupso_services_c=new Array(\"twitter\",\"facebook_like\",\"google\");var hupso_counters_lang = \"es_LA\";var hupso_image_folder_url = \"\";var hupso_twitter_via=\"crsyvrs\";var hupso_url_c=\"\";<\/script><script type=\"text\/javascript\" src=\"http:\/\/static.hupso.com\/share\/js\/counters.js\"><\/script><!-- Hupso Share Buttons --><\/div> ","protected":false},"excerpt":{"rendered":"<div style=\"padding-bottom:20px; padding-top:10px;\" class=\"hupso-share-buttons\"><!-- Hupso Share Buttons - https:\/\/www.hupso.com\/share\/ --><a class=\"hupso_counters\" href=\"https:\/\/www.hupso.com\/share\/\"><img src=\"http:\/\/static.hupso.com\/share\/buttons\/lang\/es\/share-small.png\" style=\"border:0px; padding-top:2px; float:left;\" alt=\"Share Button\"\/><\/a><script type=\"text\/javascript\">var hupso_services_c=new Array(\"twitter\",\"facebook_like\",\"google\");var hupso_counters_lang = \"es_LA\";var hupso_image_folder_url = \"\";var hupso_twitter_via=\"crsyvrs\";var hupso_url_c=\"\";<\/script><script type=\"text\/javascript\" src=\"http:\/\/static.hupso.com\/share\/js\/counters.js\"><\/script><!-- Hupso Share Buttons --><\/div><p>El cl\u00e1sico de Ser\u00fa Gir\u00e1n es el primer single del nuevo \u00e1lbum del ex integrante de Ser\u00fa Gir\u00e1n con la presencia del l\u00edder de Divididos en guitarra y voz. \u201cMundo agradable\u201d, que originalmente se grab\u00f3 en \u201cSer\u00fa 92\u201d, es&#46;&#46;&#46;<\/p>\n<div style=\"padding-bottom:20px; padding-top:10px;\" class=\"hupso-share-buttons\"><!-- Hupso Share Buttons - https:\/\/www.hupso.com\/share\/ --><a class=\"hupso_counters\" href=\"https:\/\/www.hupso.com\/share\/\"><img src=\"http:\/\/static.hupso.com\/share\/buttons\/lang\/es\/share-small.png\" style=\"border:0px; padding-top:2px; float:left;\" alt=\"Share Button\"\/><\/a><script type=\"text\/javascript\">var hupso_services_c=new Array(\"twitter\",\"facebook_like\",\"google\");var hupso_counters_lang = \"es_LA\";var hupso_image_folder_url = \"\";var hupso_twitter_via=\"crsyvrs\";var hupso_url_c=\"\";<\/script><script type=\"text\/javascript\" src=\"http:\/\/static.hupso.com\/share\/js\/counters.js\"><\/script><!-- Hupso Share Buttons --><\/div>","protected":false},"author":5,"featured_media":22260,"comment_status":"open","ping_status":"closed","sticky":false,"template":"","format":"standard","meta":{"footnotes":""},"categories":[3],"tags":[1066,2094,2097],"class_list":["post-22259","post","type-post","status-publish","format-standard","has-post-thumbnail","hentry","category-musica","tag-david-lebon","tag-divididos","tag-ricardo-mollo"],"_links":{"self":[{"href":"http:\/\/cronicasyversiones.com\/index.php?rest_route=\/wp\/v2\/posts\/22259","targetHints":{"allow":["GET"]}}],"collection":[{"href":"http:\/\/cronicasyversiones.com\/index.php?rest_route=\/wp\/v2\/posts"}],"about":[{"href":"http:\/\/cronicasyversiones.com\/index.php?rest_route=\/wp\/v2\/types\/post"}],"author":[{"embeddable":true,"href":"http:\/\/cronicasyversiones.com\/index.php?rest_route=\/wp\/v2\/users\/5"}],"replies":[{"embeddable":true,"href":"http:\/\/cronicasyversiones.com\/index.php?rest_route=%2Fwp%2Fv2%2Fcomments&post=22259"}],"version-history":[{"count":0,"href":"http:\/\/cronicasyversiones.com\/index.php?rest_route=\/wp\/v2\/posts\/22259\/revisions"}],"wp:featuredmedia":[{"embeddable":true,"href":"http:\/\/cronicasyversiones.com\/index.php?rest_route=\/wp\/v2\/media\/22260"}],"wp:attachment":[{"href":"http:\/\/cronicasyversiones.com\/index.php?rest_route=%2Fwp%2Fv2%2Fmedia&parent=22259"}],"wp:term":[{"taxonomy":"category","embeddable":true,"href":"http:\/\/cronicasyversiones.com\/index.php?rest_route=%2Fwp%2Fv2%2Fcategories&post=22259"},{"taxonomy":"post_tag","embeddable":true,"href":"http:\/\/cronicasyversiones.com\/index.php?rest_route=%2Fwp%2Fv2%2Ftags&post=22259"}],"curies":[{"name":"wp","href":"https:\/\/api.w.org\/{rel}","templated":true}]}}