{"id":22347,"date":"2019-02-24T11:08:04","date_gmt":"2019-02-24T14:08:04","guid":{"rendered":"http:\/\/cronicasyversiones.com\/?p=22347"},"modified":"2019-02-24T11:08:04","modified_gmt":"2019-02-24T14:08:04","slug":"ringo-starr-y-santana-en-uno-de-los-festejos-por-los-50-anos-de-woodstock","status":"publish","type":"post","link":"http:\/\/cronicasyversiones.com\/?p=22347","title":{"rendered":"Ringo Starr y Santana, en uno de los festejos por los 50 a\u00f1os de Woodstock"},"content":{"rendered":"<div style=\"padding-bottom:20px; padding-top:10px;\" class=\"hupso-share-buttons\"><!-- Hupso Share Buttons - https:\/\/www.hupso.com\/share\/ --><a class=\"hupso_counters\" href=\"https:\/\/www.hupso.com\/share\/\"><img decoding=\"async\" src=\"http:\/\/static.hupso.com\/share\/buttons\/lang\/es\/share-small.png\" style=\"border:0px; padding-top:2px; float:left;\" alt=\"Share Button\"\/><\/a><script type=\"text\/javascript\">var hupso_services_c=new Array(\"twitter\",\"facebook_like\",\"google\");var hupso_counters_lang = \"es_LA\";var hupso_image_folder_url = \"\";var hupso_twitter_via=\"crsyvrs\";var hupso_url_c=\"\";<\/script><script type=\"text\/javascript\" src=\"http:\/\/static.hupso.com\/share\/js\/counters.js\"><\/script><!-- Hupso Share Buttons --><\/div><h2>El ex Beatle y guitarrista mexicano encabezar\u00e1n las celebraciones del m\u00edtico recital, el mismo sitio donde en 1969 se desarroll\u00f3 el m\u00edtico encuentro.<\/h2>\n<p><img loading=\"lazy\" decoding=\"async\" class=\"wp-image-22348 aligncenter\" src=\"http:\/\/cronicasyversiones.com\/wp-content\/uploads\/2019\/02\/ringo-1024x707.jpg\" alt=\"\" width=\"756\" height=\"522\" srcset=\"http:\/\/cronicasyversiones.com\/wp-content\/uploads\/2019\/02\/ringo-1024x707.jpg 1024w, http:\/\/cronicasyversiones.com\/wp-content\/uploads\/2019\/02\/ringo-300x207.jpg 300w, http:\/\/cronicasyversiones.com\/wp-content\/uploads\/2019\/02\/ringo-768x530.jpg 768w, http:\/\/cronicasyversiones.com\/wp-content\/uploads\/2019\/02\/ringo.jpg 1401w\" sizes=\"auto, (max-width: 756px) 100vw, 756px\" \/><\/p>\n<p><strong>Ringo Starr<\/strong> y <strong>Carlos Santana<\/strong> encabezar\u00e1n el recital por la \u00a0celebraci\u00f3n por los 50 a\u00f1os del <strong>Festival de Woodstock,<\/strong> que tendr\u00e1 lugar entre el 16 y el 18 de agosto, en Bethel, en el estado de Nueva York, el mismo sitio donde en 1969 se desarroll\u00f3 el m\u00edtico encuentro art\u00edstico.<\/p>\n<p>La informaci\u00f3n la anunci\u00f3 el sitio oficial del predio, que se disputa con <strong>Michael Lang,<\/strong> organizador original del festival, quien intentar\u00e1 reeditarlo en otro escenario, el mote de celebraci\u00f3n formal del aniversario del acontecimiento.<\/p>\n<p>El ex baterista de Los Beatles actuar\u00e1 el 16, en una jornada en la que tambi\u00e9n se presentar\u00e1n <strong>Arlo Guthrie y Edgar Winter.<\/strong><\/p>\n<p>Mientras que Santana tendr\u00e1 su turno el 17, junto a los<strong> Doobie Brothers.<\/strong>\u00a0 Resta confirmarse cu\u00e1l ser\u00e1 la grilla de la \u00faltima jornada.<\/p>\n<p>El otro concierto aniversario, organizado por Lang, se realizar\u00e1 a 200 kil\u00f3metros de la sede original y aunque se afirma que ya hay 40 artistas confirmados, a\u00fan no se confirm\u00f3 la grilla.<\/p>\n<p><em><strong>LEA TAMBI\u00c9N:\u00a0<\/strong><\/em><\/p>\n<div class=\"video-container\">\n<blockquote class=\"wp-embedded-content\" data-secret=\"dC0csm5jFO\"><p><a href=\"http:\/\/cronicasyversiones.com\/?p=21451\">Paul McCartney vuelve a la Argentina<\/a><\/p><\/blockquote>\n<p><iframe loading=\"lazy\" class=\"wp-embedded-content\" sandbox=\"allow-scripts\" security=\"restricted\" style=\"position: absolute; clip: rect(1px, 1px, 1px, 1px);\" title=\"\u00abPaul McCartney vuelve a la Argentina\u00bb \u2014    \" src=\"http:\/\/cronicasyversiones.com\/?p=21451&#038;embed=true#?secret=HLje4eH5I7#?secret=dC0csm5jFO\" data-secret=\"dC0csm5jFO\" width=\"600\" height=\"338\" frameborder=\"0\" marginwidth=\"0\" marginheight=\"0\" scrolling=\"no\"><\/iframe><\/div>\n<p>El\u00a0<strong>Festival de Woodstock<\/strong>\u00a0fue un encuentro de 3 d\u00edas del que participaron muchos de los artistas m\u00e1s relevantes del momento y se convirti\u00f3 en el punto culminante del per\u00edodo iniciado en 1967, en que el movimiento hippie tuvo su estallido.<\/p>\n<p>Ante una asistencia calculada en 500 mil personas, 10 veces superior a la que hab\u00edan estimado en un inicio sus organizadores, actuaron Jimi Hendrix; Janis Joplin; The Who; Santana; Joe Cocker; Crosby, Stills, Nash &amp; Young; Grateful Dead; Creedence Clearwater Revival y Joan Baez, entre otros artistas.<\/p>\n<p>El festival fue documentado en el film de culto\u00a0<em><strong>\u201cWoodstock: 3 d\u00edas de paz y m\u00fasica\u201d<\/strong><\/em>\u00a0y tuvo una segunda edici\u00f3n en 1994.<\/p>\n<div style=\"padding-bottom:20px; padding-top:10px;\" class=\"hupso-share-buttons\"><!-- Hupso Share Buttons - https:\/\/www.hupso.com\/share\/ --><a class=\"hupso_counters\" href=\"https:\/\/www.hupso.com\/share\/\"><img decoding=\"async\" src=\"http:\/\/static.hupso.com\/share\/buttons\/lang\/es\/share-small.png\" style=\"border:0px; padding-top:2px; float:left;\" alt=\"Share Button\"\/><\/a><script type=\"text\/javascript\">var hupso_services_c=new Array(\"twitter\",\"facebook_like\",\"google\");var hupso_counters_lang = \"es_LA\";var hupso_image_folder_url = \"\";var hupso_twitter_via=\"crsyvrs\";var hupso_url_c=\"\";<\/script><script type=\"text\/javascript\" src=\"http:\/\/static.hupso.com\/share\/js\/counters.js\"><\/script><!-- Hupso Share Buttons --><\/div> ","protected":false},"excerpt":{"rendered":"<div style=\"padding-bottom:20px; padding-top:10px;\" class=\"hupso-share-buttons\"><!-- Hupso Share Buttons - https:\/\/www.hupso.com\/share\/ --><a class=\"hupso_counters\" href=\"https:\/\/www.hupso.com\/share\/\"><img src=\"http:\/\/static.hupso.com\/share\/buttons\/lang\/es\/share-small.png\" style=\"border:0px; padding-top:2px; float:left;\" alt=\"Share Button\"\/><\/a><script type=\"text\/javascript\">var hupso_services_c=new Array(\"twitter\",\"facebook_like\",\"google\");var hupso_counters_lang = \"es_LA\";var hupso_image_folder_url = \"\";var hupso_twitter_via=\"crsyvrs\";var hupso_url_c=\"\";<\/script><script type=\"text\/javascript\" src=\"http:\/\/static.hupso.com\/share\/js\/counters.js\"><\/script><!-- Hupso Share Buttons --><\/div><p>El ex Beatle y guitarrista mexicano encabezar\u00e1n las celebraciones del m\u00edtico recital, el mismo sitio donde en 1969 se desarroll\u00f3 el m\u00edtico encuentro. Ringo Starr y Carlos Santana encabezar\u00e1n el recital por la \u00a0celebraci\u00f3n por los 50 a\u00f1os del&#46;&#46;&#46;<\/p>\n<div style=\"padding-bottom:20px; padding-top:10px;\" class=\"hupso-share-buttons\"><!-- Hupso Share Buttons - https:\/\/www.hupso.com\/share\/ --><a class=\"hupso_counters\" href=\"https:\/\/www.hupso.com\/share\/\"><img src=\"http:\/\/static.hupso.com\/share\/buttons\/lang\/es\/share-small.png\" style=\"border:0px; padding-top:2px; float:left;\" alt=\"Share Button\"\/><\/a><script type=\"text\/javascript\">var hupso_services_c=new Array(\"twitter\",\"facebook_like\",\"google\");var hupso_counters_lang = \"es_LA\";var hupso_image_folder_url = \"\";var hupso_twitter_via=\"crsyvrs\";var hupso_url_c=\"\";<\/script><script type=\"text\/javascript\" src=\"http:\/\/static.hupso.com\/share\/js\/counters.js\"><\/script><!-- Hupso Share Buttons --><\/div>","protected":false},"author":5,"featured_media":22348,"comment_status":"open","ping_status":"closed","sticky":false,"template":"","format":"standard","meta":{"footnotes":""},"categories":[3,2778],"tags":[1161,3624,195],"class_list":["post-22347","post","type-post","status-publish","format-standard","has-post-thumbnail","hentry","category-musica","category-rincon-beatle","tag-carlos-santana","tag-festival-de-woodstock","tag-ringo-starr"],"_links":{"self":[{"href":"http:\/\/cronicasyversiones.com\/index.php?rest_route=\/wp\/v2\/posts\/22347","targetHints":{"allow":["GET"]}}],"collection":[{"href":"http:\/\/cronicasyversiones.com\/index.php?rest_route=\/wp\/v2\/posts"}],"about":[{"href":"http:\/\/cronicasyversiones.com\/index.php?rest_route=\/wp\/v2\/types\/post"}],"author":[{"embeddable":true,"href":"http:\/\/cronicasyversiones.com\/index.php?rest_route=\/wp\/v2\/users\/5"}],"replies":[{"embeddable":true,"href":"http:\/\/cronicasyversiones.com\/index.php?rest_route=%2Fwp%2Fv2%2Fcomments&post=22347"}],"version-history":[{"count":0,"href":"http:\/\/cronicasyversiones.com\/index.php?rest_route=\/wp\/v2\/posts\/22347\/revisions"}],"wp:featuredmedia":[{"embeddable":true,"href":"http:\/\/cronicasyversiones.com\/index.php?rest_route=\/wp\/v2\/media\/22348"}],"wp:attachment":[{"href":"http:\/\/cronicasyversiones.com\/index.php?rest_route=%2Fwp%2Fv2%2Fmedia&parent=22347"}],"wp:term":[{"taxonomy":"category","embeddable":true,"href":"http:\/\/cronicasyversiones.com\/index.php?rest_route=%2Fwp%2Fv2%2Fcategories&post=22347"},{"taxonomy":"post_tag","embeddable":true,"href":"http:\/\/cronicasyversiones.com\/index.php?rest_route=%2Fwp%2Fv2%2Ftags&post=22347"}],"curies":[{"name":"wp","href":"https:\/\/api.w.org\/{rel}","templated":true}]}}