{"id":22356,"date":"2019-02-25T13:09:08","date_gmt":"2019-02-25T16:09:08","guid":{"rendered":"http:\/\/cronicasyversiones.com\/?p=22356"},"modified":"2019-02-25T13:10:16","modified_gmt":"2019-02-25T16:10:16","slug":"la-casa-natal-de-juan-jose-daer-sera-en-un-centro-cultural","status":"publish","type":"post","link":"http:\/\/cronicasyversiones.com\/?p=22356","title":{"rendered":"La casa natal de Juan Jos\u00e9 Saer ser\u00e1 en un Centro Cultural"},"content":{"rendered":"<div style=\"padding-bottom:20px; padding-top:10px;\" class=\"hupso-share-buttons\"><!-- Hupso Share Buttons - https:\/\/www.hupso.com\/share\/ --><a class=\"hupso_counters\" href=\"https:\/\/www.hupso.com\/share\/\"><img decoding=\"async\" src=\"http:\/\/static.hupso.com\/share\/buttons\/lang\/es\/share-small.png\" style=\"border:0px; padding-top:2px; float:left;\" alt=\"Share Button\"\/><\/a><script type=\"text\/javascript\">var hupso_services_c=new Array(\"twitter\",\"facebook_like\",\"google\");var hupso_counters_lang = \"es_LA\";var hupso_image_folder_url = \"\";var hupso_twitter_via=\"crsyvrs\";var hupso_url_c=\"\";<\/script><script type=\"text\/javascript\" src=\"http:\/\/static.hupso.com\/share\/js\/counters.js\"><\/script><!-- Hupso Share Buttons --><\/div><h2>La vivienda de Serodino, un pueblo del sur santafesino, ser\u00e1 puesta en valor y contar\u00e1 con un valioso archivo fotogr\u00e1fico y bibliogr\u00e1fico.<\/h2>\n<p><img loading=\"lazy\" decoding=\"async\" class=\"size-full wp-image-22357 aligncenter\" src=\"http:\/\/cronicasyversiones.com\/wp-content\/uploads\/2019\/02\/saer.jpg\" alt=\"\" width=\"640\" height=\"429\" srcset=\"http:\/\/cronicasyversiones.com\/wp-content\/uploads\/2019\/02\/saer.jpg 640w, http:\/\/cronicasyversiones.com\/wp-content\/uploads\/2019\/02\/saer-300x201.jpg 300w\" sizes=\"auto, (max-width: 640px) 100vw, 640px\" \/><\/p>\n<p>La casa natal <strong>Juan Jos\u00e9 Saer<\/strong> se convertir\u00e1 en el <strong>Centro Cultural y Documental de Serodino<\/strong>, pueblo del sur santafesino donde naci\u00f3 y vivi\u00f3 este escritor, una figura clave de la literatura argentina.<\/p>\n<p>Esto se logr\u00f3 a partir de un subsidio de tres millones de pesos que el gobierno de Santa Fe le otorg\u00f3 a la comuna local, nueva due\u00f1a del lugar.<\/p>\n<p>La propiedad, que hoy est\u00e1 habitada por familiares de quienes se la compraron a los padres del escritor en 1947, cuando se trasladaron a Buenos Aires, ser\u00e1 administrada por la comuna de Serodino, a trav\u00e9s de un convenio con el gobierno provincial, mediante el cual trabajar\u00e1n en la puesta en valor de la casa, para que, antes de fin de 209, sea inaugurada como <strong>Centro Cultural y Documental.<\/strong><\/p>\n<p>Est\u00e1 previsto que el espacio, ubicado en la ochava que junta a la calle Italia con avenida Santa Fe, cuente con el archivo fotogr\u00e1fico y bibliogr\u00e1fico que form\u00f3 parte de la muestra <em><strong>\u00abConexi\u00f3n Saer\u00bb. \u00a0<\/strong><\/em><\/p>\n<p><em><strong>LEA TAMBI\u00c9N:\u00a0<\/strong><\/em><\/p>\n<div class=\"video-container\">\n<blockquote class=\"wp-embedded-content\" data-secret=\"tLNluJbgED\"><p><a href=\"http:\/\/cronicasyversiones.com\/?p=22268\">Barcelona, la ciudad invitada a la Feria del Libro de Buenos Aires<\/a><\/p><\/blockquote>\n<p><iframe loading=\"lazy\" class=\"wp-embedded-content\" sandbox=\"allow-scripts\" security=\"restricted\" style=\"position: absolute; clip: rect(1px, 1px, 1px, 1px);\" title=\"\u00abBarcelona, la ciudad invitada a la Feria del Libro de Buenos Aires\u00bb \u2014    \" src=\"http:\/\/cronicasyversiones.com\/?p=22268&#038;embed=true#?secret=F6g6ow6Ysk#?secret=tLNluJbgED\" data-secret=\"tLNluJbgED\" width=\"600\" height=\"338\" frameborder=\"0\" marginwidth=\"0\" marginheight=\"0\" scrolling=\"no\"><\/iframe><\/div>\n<p>Autor de<em><strong> \u201cNadie nada nunca\u201d <\/strong><\/em>y<em><strong> \u201cEl entenado\u201d<\/strong><\/em>, Juan Jos\u00e9 Saer naci\u00f3 en Serodino el 28 de junio de 1937. Sus padres, nacidos en Siria, ten\u00edan un almac\u00e9n de ramos generales. En 1949 la familia se traslad\u00f3 a Santa Fe.<\/p>\n<p>Estudi\u00f3 unos a\u00f1os de Derecho, trabaj\u00f3 de periodista y fue profesor en el Instituto de Cinematograf\u00eda de la Universidad Nacional del Litoral.<\/p>\n<p>En 1968 se fue a Francia con una beca, y ya no volvi\u00f3. Fue profesor de la Universidad de Rennes desde 1971 hasta su jubilaci\u00f3n, en 2002. Muri\u00f3 en Par\u00eds el 11 de junio de 2005.<\/p>\n<div style=\"padding-bottom:20px; padding-top:10px;\" class=\"hupso-share-buttons\"><!-- Hupso Share Buttons - https:\/\/www.hupso.com\/share\/ --><a class=\"hupso_counters\" href=\"https:\/\/www.hupso.com\/share\/\"><img decoding=\"async\" src=\"http:\/\/static.hupso.com\/share\/buttons\/lang\/es\/share-small.png\" style=\"border:0px; padding-top:2px; float:left;\" alt=\"Share Button\"\/><\/a><script type=\"text\/javascript\">var hupso_services_c=new Array(\"twitter\",\"facebook_like\",\"google\");var hupso_counters_lang = \"es_LA\";var hupso_image_folder_url = \"\";var hupso_twitter_via=\"crsyvrs\";var hupso_url_c=\"\";<\/script><script type=\"text\/javascript\" src=\"http:\/\/static.hupso.com\/share\/js\/counters.js\"><\/script><!-- Hupso Share Buttons --><\/div> ","protected":false},"excerpt":{"rendered":"<div style=\"padding-bottom:20px; padding-top:10px;\" class=\"hupso-share-buttons\"><!-- Hupso Share Buttons - https:\/\/www.hupso.com\/share\/ --><a class=\"hupso_counters\" href=\"https:\/\/www.hupso.com\/share\/\"><img src=\"http:\/\/static.hupso.com\/share\/buttons\/lang\/es\/share-small.png\" style=\"border:0px; padding-top:2px; float:left;\" alt=\"Share Button\"\/><\/a><script type=\"text\/javascript\">var hupso_services_c=new Array(\"twitter\",\"facebook_like\",\"google\");var hupso_counters_lang = \"es_LA\";var hupso_image_folder_url = \"\";var hupso_twitter_via=\"crsyvrs\";var hupso_url_c=\"\";<\/script><script type=\"text\/javascript\" src=\"http:\/\/static.hupso.com\/share\/js\/counters.js\"><\/script><!-- Hupso Share Buttons --><\/div><p>La vivienda de Serodino, un pueblo del sur santafesino, ser\u00e1 puesta en valor y contar\u00e1 con un valioso archivo fotogr\u00e1fico y bibliogr\u00e1fico. La casa natal Juan Jos\u00e9 Saer se convertir\u00e1 en el Centro Cultural y Documental de Serodino, pueblo&#46;&#46;&#46;<\/p>\n<div style=\"padding-bottom:20px; padding-top:10px;\" class=\"hupso-share-buttons\"><!-- Hupso Share Buttons - https:\/\/www.hupso.com\/share\/ --><a class=\"hupso_counters\" href=\"https:\/\/www.hupso.com\/share\/\"><img src=\"http:\/\/static.hupso.com\/share\/buttons\/lang\/es\/share-small.png\" style=\"border:0px; padding-top:2px; float:left;\" alt=\"Share Button\"\/><\/a><script type=\"text\/javascript\">var hupso_services_c=new Array(\"twitter\",\"facebook_like\",\"google\");var hupso_counters_lang = \"es_LA\";var hupso_image_folder_url = \"\";var hupso_twitter_via=\"crsyvrs\";var hupso_url_c=\"\";<\/script><script type=\"text\/javascript\" src=\"http:\/\/static.hupso.com\/share\/js\/counters.js\"><\/script><!-- Hupso Share Buttons --><\/div>","protected":false},"author":5,"featured_media":22357,"comment_status":"open","ping_status":"closed","sticky":false,"template":"","format":"standard","meta":{"footnotes":""},"categories":[7,9],"tags":[7890],"class_list":["post-22356","post","type-post","status-publish","format-standard","has-post-thumbnail","hentry","category-literatura","category-sociedad","tag-juan-jose-saer"],"_links":{"self":[{"href":"http:\/\/cronicasyversiones.com\/index.php?rest_route=\/wp\/v2\/posts\/22356","targetHints":{"allow":["GET"]}}],"collection":[{"href":"http:\/\/cronicasyversiones.com\/index.php?rest_route=\/wp\/v2\/posts"}],"about":[{"href":"http:\/\/cronicasyversiones.com\/index.php?rest_route=\/wp\/v2\/types\/post"}],"author":[{"embeddable":true,"href":"http:\/\/cronicasyversiones.com\/index.php?rest_route=\/wp\/v2\/users\/5"}],"replies":[{"embeddable":true,"href":"http:\/\/cronicasyversiones.com\/index.php?rest_route=%2Fwp%2Fv2%2Fcomments&post=22356"}],"version-history":[{"count":0,"href":"http:\/\/cronicasyversiones.com\/index.php?rest_route=\/wp\/v2\/posts\/22356\/revisions"}],"wp:featuredmedia":[{"embeddable":true,"href":"http:\/\/cronicasyversiones.com\/index.php?rest_route=\/wp\/v2\/media\/22357"}],"wp:attachment":[{"href":"http:\/\/cronicasyversiones.com\/index.php?rest_route=%2Fwp%2Fv2%2Fmedia&parent=22356"}],"wp:term":[{"taxonomy":"category","embeddable":true,"href":"http:\/\/cronicasyversiones.com\/index.php?rest_route=%2Fwp%2Fv2%2Fcategories&post=22356"},{"taxonomy":"post_tag","embeddable":true,"href":"http:\/\/cronicasyversiones.com\/index.php?rest_route=%2Fwp%2Fv2%2Ftags&post=22356"}],"curies":[{"name":"wp","href":"https:\/\/api.w.org\/{rel}","templated":true}]}}