{"id":22365,"date":"2019-02-25T22:20:19","date_gmt":"2019-02-26T01:20:19","guid":{"rendered":"http:\/\/cronicasyversiones.com\/?p=22365"},"modified":"2019-02-25T22:20:19","modified_gmt":"2019-02-26T01:20:19","slug":"hbo-estrena-la-ultima-temporada-de-veep","status":"publish","type":"post","link":"http:\/\/cronicasyversiones.com\/?p=22365","title":{"rendered":"HBO estrena la \u00faltima temporada de \u201cVeep\u201d"},"content":{"rendered":"<div style=\"padding-bottom:20px; padding-top:10px;\" class=\"hupso-share-buttons\"><!-- Hupso Share Buttons - https:\/\/www.hupso.com\/share\/ --><a class=\"hupso_counters\" href=\"https:\/\/www.hupso.com\/share\/\"><img decoding=\"async\" src=\"http:\/\/static.hupso.com\/share\/buttons\/lang\/es\/share-small.png\" style=\"border:0px; padding-top:2px; float:left;\" alt=\"Share Button\"\/><\/a><script type=\"text\/javascript\">var hupso_services_c=new Array(\"twitter\",\"facebook_like\",\"google\");var hupso_counters_lang = \"es_LA\";var hupso_image_folder_url = \"\";var hupso_twitter_via=\"crsyvrs\";var hupso_url_c=\"\";<\/script><script type=\"text\/javascript\" src=\"http:\/\/static.hupso.com\/share\/js\/counters.js\"><\/script><!-- Hupso Share Buttons --><\/div><h2>La serie, \u00a0protagonizada por Julia Louis-Dreyfus, sigue la ajetreada cotideaneidad de la ex senadora y actual presidente, Selina Meyer.<\/h2>\n<p><img loading=\"lazy\" decoding=\"async\" class=\"wp-image-22366 aligncenter\" src=\"http:\/\/cronicasyversiones.com\/wp-content\/uploads\/2019\/02\/VEEP.jpg\" alt=\"\" width=\"754\" height=\"424\" srcset=\"http:\/\/cronicasyversiones.com\/wp-content\/uploads\/2019\/02\/VEEP.jpg 992w, http:\/\/cronicasyversiones.com\/wp-content\/uploads\/2019\/02\/VEEP-300x169.jpg 300w, http:\/\/cronicasyversiones.com\/wp-content\/uploads\/2019\/02\/VEEP-768x432.jpg 768w\" sizes=\"auto, (max-width: 754px) 100vw, 754px\" \/><\/p>\n<p><strong>HBO<\/strong> presenta la s\u00e9ptima y \u00faltima temporada de<strong><em> \u201cVeep\u201d, <\/em><\/strong>la serie de comedia sigue la ajetreada cotideaneidad de la ex senadora y actual presidente, <strong>Selina Meyer,<\/strong> el domingo 31 de marzo con siete nuevos episodios.<\/p>\n<p>El show protagonizado por <strong>Julia Louis-Dreyfus,<\/strong> mostrar\u00e1 a Selina Meyer apagando incendios pol\u00edticos, equilibrando una agenda p\u00fablica cargada con una vida particular intensa y defendiendo los intereses del presidente, al mismo tiempo que intenta mejorar su dif\u00edcil relaci\u00f3n con \u00e9l.<\/p>\n<p>El elenco se completa con Tony Hale, Anna Chlumsky, Matt Walsh, Reid Scott, Timothy C. Simons, Kevin Dunn, Gary Cole, Sam Richardson y Sarah Sutherland.<\/p>\n<p><em><strong>LEA TAMBI\u00c9N:<\/strong> <\/em><\/p>\n<div class=\"video-container\">\n<blockquote class=\"wp-embedded-content\" data-secret=\"5OhfTh1Zp6\"><p><a href=\"http:\/\/cronicasyversiones.com\/?p=22211\">\u00c1lex de la Iglesia dirigir\u00e1 la serie de terror \u00ab30 monedas\u00bb para HBO<\/a><\/p><\/blockquote>\n<p><iframe loading=\"lazy\" class=\"wp-embedded-content\" sandbox=\"allow-scripts\" security=\"restricted\" style=\"position: absolute; clip: rect(1px, 1px, 1px, 1px);\" title=\"\u00ab\u00c1lex de la Iglesia dirigir\u00e1 la serie de terror \u00ab30 monedas\u00bb para HBO\u00bb \u2014    \" src=\"http:\/\/cronicasyversiones.com\/?p=22211&#038;embed=true#?secret=nTwKeLW4E4#?secret=5OhfTh1Zp6\" data-secret=\"5OhfTh1Zp6\" width=\"600\" height=\"338\" frameborder=\"0\" marginwidth=\"0\" marginheight=\"0\" scrolling=\"no\"><\/iframe><\/div>\n<p>La serie fue creada por Armando Iannucci, quien se inspir\u00f3 en sus s\u00e1tiras pol\u00edticas <strong><em>previas \u201cThe Thick of It e In the Loop. <\/em><\/strong><\/p>\n<p>Cuenta con David Mandel, Frank Rich, Julia Louis-Dreyfus, Lew Morton, Morgan Sackett Peter Huyck and Alex Gregory como productores ejecutivos.<\/p>\n<div style=\"padding-bottom:20px; padding-top:10px;\" class=\"hupso-share-buttons\"><!-- Hupso Share Buttons - https:\/\/www.hupso.com\/share\/ --><a class=\"hupso_counters\" href=\"https:\/\/www.hupso.com\/share\/\"><img decoding=\"async\" src=\"http:\/\/static.hupso.com\/share\/buttons\/lang\/es\/share-small.png\" style=\"border:0px; padding-top:2px; float:left;\" alt=\"Share Button\"\/><\/a><script type=\"text\/javascript\">var hupso_services_c=new Array(\"twitter\",\"facebook_like\",\"google\");var hupso_counters_lang = \"es_LA\";var hupso_image_folder_url = \"\";var hupso_twitter_via=\"crsyvrs\";var hupso_url_c=\"\";<\/script><script type=\"text\/javascript\" src=\"http:\/\/static.hupso.com\/share\/js\/counters.js\"><\/script><!-- Hupso Share Buttons --><\/div> ","protected":false},"excerpt":{"rendered":"<div style=\"padding-bottom:20px; padding-top:10px;\" class=\"hupso-share-buttons\"><!-- Hupso Share Buttons - https:\/\/www.hupso.com\/share\/ --><a class=\"hupso_counters\" href=\"https:\/\/www.hupso.com\/share\/\"><img src=\"http:\/\/static.hupso.com\/share\/buttons\/lang\/es\/share-small.png\" style=\"border:0px; padding-top:2px; float:left;\" alt=\"Share Button\"\/><\/a><script type=\"text\/javascript\">var hupso_services_c=new Array(\"twitter\",\"facebook_like\",\"google\");var hupso_counters_lang = \"es_LA\";var hupso_image_folder_url = \"\";var hupso_twitter_via=\"crsyvrs\";var hupso_url_c=\"\";<\/script><script type=\"text\/javascript\" src=\"http:\/\/static.hupso.com\/share\/js\/counters.js\"><\/script><!-- Hupso Share Buttons --><\/div><p>La serie, \u00a0protagonizada por Julia Louis-Dreyfus, sigue la ajetreada cotideaneidad de la ex senadora y actual presidente, Selina Meyer. HBO presenta la s\u00e9ptima y \u00faltima temporada de \u201cVeep\u201d, la serie de comedia sigue la ajetreada cotideaneidad de la ex&#46;&#46;&#46;<\/p>\n<div style=\"padding-bottom:20px; padding-top:10px;\" class=\"hupso-share-buttons\"><!-- Hupso Share Buttons - https:\/\/www.hupso.com\/share\/ --><a class=\"hupso_counters\" href=\"https:\/\/www.hupso.com\/share\/\"><img src=\"http:\/\/static.hupso.com\/share\/buttons\/lang\/es\/share-small.png\" style=\"border:0px; padding-top:2px; float:left;\" alt=\"Share Button\"\/><\/a><script type=\"text\/javascript\">var hupso_services_c=new Array(\"twitter\",\"facebook_like\",\"google\");var hupso_counters_lang = \"es_LA\";var hupso_image_folder_url = \"\";var hupso_twitter_via=\"crsyvrs\";var hupso_url_c=\"\";<\/script><script type=\"text\/javascript\" src=\"http:\/\/static.hupso.com\/share\/js\/counters.js\"><\/script><!-- Hupso Share Buttons --><\/div>","protected":false},"author":5,"featured_media":0,"comment_status":"open","ping_status":"closed","sticky":false,"template":"","format":"standard","meta":{"footnotes":""},"categories":[6],"tags":[1003],"class_list":["post-22365","post","type-post","status-publish","format-standard","hentry","category-radio-y-tv","tag-hbo"],"_links":{"self":[{"href":"http:\/\/cronicasyversiones.com\/index.php?rest_route=\/wp\/v2\/posts\/22365","targetHints":{"allow":["GET"]}}],"collection":[{"href":"http:\/\/cronicasyversiones.com\/index.php?rest_route=\/wp\/v2\/posts"}],"about":[{"href":"http:\/\/cronicasyversiones.com\/index.php?rest_route=\/wp\/v2\/types\/post"}],"author":[{"embeddable":true,"href":"http:\/\/cronicasyversiones.com\/index.php?rest_route=\/wp\/v2\/users\/5"}],"replies":[{"embeddable":true,"href":"http:\/\/cronicasyversiones.com\/index.php?rest_route=%2Fwp%2Fv2%2Fcomments&post=22365"}],"version-history":[{"count":0,"href":"http:\/\/cronicasyversiones.com\/index.php?rest_route=\/wp\/v2\/posts\/22365\/revisions"}],"wp:attachment":[{"href":"http:\/\/cronicasyversiones.com\/index.php?rest_route=%2Fwp%2Fv2%2Fmedia&parent=22365"}],"wp:term":[{"taxonomy":"category","embeddable":true,"href":"http:\/\/cronicasyversiones.com\/index.php?rest_route=%2Fwp%2Fv2%2Fcategories&post=22365"},{"taxonomy":"post_tag","embeddable":true,"href":"http:\/\/cronicasyversiones.com\/index.php?rest_route=%2Fwp%2Fv2%2Ftags&post=22365"}],"curies":[{"name":"wp","href":"https:\/\/api.w.org\/{rel}","templated":true}]}}