{"id":22412,"date":"2019-04-05T23:35:17","date_gmt":"2019-04-06T02:35:17","guid":{"rendered":"http:\/\/cronicasyversiones.com\/?p=22412"},"modified":"2019-04-05T23:35:28","modified_gmt":"2019-04-06T02:35:28","slug":"liliana-herrero-presenta-un-disco-con-canciones-de-fito-paez","status":"publish","type":"post","link":"http:\/\/cronicasyversiones.com\/?p=22412","title":{"rendered":"Liliana Herrero presenta un disco con canciones de Fito P\u00e1ez"},"content":{"rendered":"<div style=\"padding-bottom:20px; padding-top:10px;\" class=\"hupso-share-buttons\"><!-- Hupso Share Buttons - https:\/\/www.hupso.com\/share\/ --><a class=\"hupso_counters\" href=\"https:\/\/www.hupso.com\/share\/\"><img decoding=\"async\" src=\"http:\/\/static.hupso.com\/share\/buttons\/lang\/es\/share-small.png\" style=\"border:0px; padding-top:2px; float:left;\" alt=\"Share Button\"\/><\/a><script type=\"text\/javascript\">var hupso_services_c=new Array(\"twitter\",\"facebook_like\",\"google\");var hupso_counters_lang = \"es_LA\";var hupso_image_folder_url = \"\";var hupso_twitter_via=\"crsyvrs\";var hupso_url_c=\"\";<\/script><script type=\"text\/javascript\" src=\"http:\/\/static.hupso.com\/share\/js\/counters.js\"><\/script><!-- Hupso Share Buttons --><\/div><h2>La cantante entrerriana lanz\u00f3 \u00abCanci\u00f3n sobre canci\u00f3n\u00bb, que tiene varios cl\u00e1sicos del rosarino, como\u00a0<strong>\u00abGiros\u00bb, \u00abMariposa tecknicolor\u00bb, \u00abDel 63\u00bb y\u00a0 \u00abCarabelas nada\u00bb.\u00a0<\/strong><\/h2>\n<p><img loading=\"lazy\" decoding=\"async\" class=\"wp-image-22421 aligncenter\" src=\"http:\/\/cronicasyversiones.com\/wp-content\/uploads\/2019\/03\/liliana.jpg\" alt=\"\" width=\"758\" height=\"505\" srcset=\"http:\/\/cronicasyversiones.com\/wp-content\/uploads\/2019\/03\/liliana.jpg 960w, http:\/\/cronicasyversiones.com\/wp-content\/uploads\/2019\/03\/liliana-300x200.jpg 300w, http:\/\/cronicasyversiones.com\/wp-content\/uploads\/2019\/03\/liliana-768x511.jpg 768w, http:\/\/cronicasyversiones.com\/wp-content\/uploads\/2019\/03\/liliana-480x320.jpg 480w\" sizes=\"auto, (max-width: 758px) 100vw, 758px\" \/><\/p>\n<p><strong>Liliana Herrero<\/strong> presentar\u00e1 su \u00faltimo disco, <em><strong>\u00abCanci\u00f3n sobre canci\u00f3n\u00bb<\/strong><\/em>, sobre m\u00fasicas de <strong>Fito P\u00e1ez,<\/strong> el 14 de abril a las 21 en la <strong>Usina del Arte<\/strong>, ubicada en Caffarena 1, en el barrio de La Boca, con entrada gratuita.<\/p>\n<p>El \u00e1lbum tiene cl\u00e1sicos del m\u00fasico rosarino, como\u00a0 <em><strong>\u00abGiros\u00bb, \u00abMariposa tecknicolor\u00bb, \u00abDel 63\u00bb, \u00abCarabelas nada\u00bb, \u00abTatuaje falso\u00bb, \u00abTres agujas\u00bb <\/strong>y<strong> \u00ab\u00c1mbar violeta\u00bb. <\/strong><\/em><\/p>\n<p>Adem\u00e1s, cuenta con la participaci\u00f3n de <strong>Fernando Cabrera<\/strong> y <strong>Gustavo Cort\u00e9s, <\/strong>de Sig Ragga, como invitados.<\/p>\n<p><em><strong>LEA TAMBI\u00c9N:\u00a0<\/strong><\/em><\/p>\n<div class=\"video-container\">\n<blockquote class=\"wp-embedded-content\" data-secret=\"UqAyAeJSFd\"><p><a href=\"http:\/\/cronicasyversiones.com\/?p=22275\">Reeditan \u201cThe Wedding Album\u201d, de John Lennon y Yoko Ono<\/a><\/p><\/blockquote>\n<p><iframe loading=\"lazy\" class=\"wp-embedded-content\" sandbox=\"allow-scripts\" security=\"restricted\" style=\"position: absolute; clip: rect(1px, 1px, 1px, 1px);\" title=\"\u00abReeditan \u201cThe Wedding Album\u201d, de John Lennon y Yoko Ono\u00bb \u2014    \" src=\"http:\/\/cronicasyversiones.com\/?p=22275&#038;embed=true#?secret=iJgKdXUA5N#?secret=UqAyAeJSFd\" data-secret=\"UqAyAeJSFd\" width=\"600\" height=\"338\" frameborder=\"0\" marginwidth=\"0\" marginheight=\"0\" scrolling=\"no\"><\/iframe><\/div>\n<blockquote><p>\u00abVarias de estas canciones fueron compuestas por Fito en mi casa de Rosario o en cualquiera de las que \u00e9l ha vivido en Buenos Aires. Viajes entre las dos ciudades que nos han dejado rostros vivos, voces colectivas, un mundo de debates, de escuchas musicales, proyectos inciertos y conversaciones infinitas. Quise desandar ese recorrido y devolver esa galer\u00eda de obras a este tiempo presente. Y tambi\u00e9n, traducir la presencia po\u00e9tica de una amistad\u00bb, afirm\u00f3 la cantante entrerriana sobre el proyecto.<\/p><\/blockquote>\n<p>En el concierto en la <strong>Usina del Arte<\/strong>, Herrero estar\u00e1 acompa\u00f1ada por <strong>Pedro Rossi<\/strong> (guitarras y voces), <strong>Ariel Na\u00f3n<\/strong> (bajo el\u00e9ctrico y contrabajo), <strong>Mart\u00edn Pantyrer<\/strong> (saxo y clarinete), <strong>Mariano Agustoni<\/strong> (piano y teclados), <strong>Mariano Cantero<\/strong> (percusi\u00f3n) y <strong>Federico Siksnys<\/strong> (bandone\u00f3n).<\/p>\n<p>El concierto ser\u00e1 parte del festival M\u00fasicas del Sur IV, que entre el 12 de abril y el 25 de mayo, en ocho conciertos y dos sedes, reunir\u00e1 a artistas de Argentina, Uruguay y Brasil.<\/p>\n<div style=\"padding-bottom:20px; padding-top:10px;\" class=\"hupso-share-buttons\"><!-- Hupso Share Buttons - https:\/\/www.hupso.com\/share\/ --><a class=\"hupso_counters\" href=\"https:\/\/www.hupso.com\/share\/\"><img decoding=\"async\" src=\"http:\/\/static.hupso.com\/share\/buttons\/lang\/es\/share-small.png\" style=\"border:0px; padding-top:2px; float:left;\" alt=\"Share Button\"\/><\/a><script type=\"text\/javascript\">var hupso_services_c=new Array(\"twitter\",\"facebook_like\",\"google\");var hupso_counters_lang = \"es_LA\";var hupso_image_folder_url = \"\";var hupso_twitter_via=\"crsyvrs\";var hupso_url_c=\"\";<\/script><script type=\"text\/javascript\" src=\"http:\/\/static.hupso.com\/share\/js\/counters.js\"><\/script><!-- Hupso Share Buttons --><\/div> ","protected":false},"excerpt":{"rendered":"<div style=\"padding-bottom:20px; padding-top:10px;\" class=\"hupso-share-buttons\"><!-- Hupso Share Buttons - https:\/\/www.hupso.com\/share\/ --><a class=\"hupso_counters\" href=\"https:\/\/www.hupso.com\/share\/\"><img src=\"http:\/\/static.hupso.com\/share\/buttons\/lang\/es\/share-small.png\" style=\"border:0px; padding-top:2px; float:left;\" alt=\"Share Button\"\/><\/a><script type=\"text\/javascript\">var hupso_services_c=new Array(\"twitter\",\"facebook_like\",\"google\");var hupso_counters_lang = \"es_LA\";var hupso_image_folder_url = \"\";var hupso_twitter_via=\"crsyvrs\";var hupso_url_c=\"\";<\/script><script type=\"text\/javascript\" src=\"http:\/\/static.hupso.com\/share\/js\/counters.js\"><\/script><!-- Hupso Share Buttons --><\/div><p>La cantante entrerriana lanz\u00f3 \u00abCanci\u00f3n sobre canci\u00f3n\u00bb, que tiene varios cl\u00e1sicos del rosarino, como\u00a0\u00abGiros\u00bb, \u00abMariposa tecknicolor\u00bb, \u00abDel 63\u00bb y\u00a0 \u00abCarabelas nada\u00bb.\u00a0 Liliana Herrero presentar\u00e1 su \u00faltimo disco, \u00abCanci\u00f3n sobre canci\u00f3n\u00bb, sobre m\u00fasicas de Fito P\u00e1ez, el 14 de abril&#46;&#46;&#46;<\/p>\n<div style=\"padding-bottom:20px; padding-top:10px;\" class=\"hupso-share-buttons\"><!-- Hupso Share Buttons - https:\/\/www.hupso.com\/share\/ --><a class=\"hupso_counters\" href=\"https:\/\/www.hupso.com\/share\/\"><img src=\"http:\/\/static.hupso.com\/share\/buttons\/lang\/es\/share-small.png\" style=\"border:0px; padding-top:2px; float:left;\" alt=\"Share Button\"\/><\/a><script type=\"text\/javascript\">var hupso_services_c=new Array(\"twitter\",\"facebook_like\",\"google\");var hupso_counters_lang = \"es_LA\";var hupso_image_folder_url = \"\";var hupso_twitter_via=\"crsyvrs\";var hupso_url_c=\"\";<\/script><script type=\"text\/javascript\" src=\"http:\/\/static.hupso.com\/share\/js\/counters.js\"><\/script><!-- Hupso Share Buttons --><\/div>","protected":false},"author":5,"featured_media":22421,"comment_status":"open","ping_status":"closed","sticky":false,"template":"","format":"standard","meta":{"footnotes":""},"categories":[3],"tags":[13,6791],"class_list":["post-22412","post","type-post","status-publish","format-standard","has-post-thumbnail","hentry","category-musica","tag-fito-paez","tag-liliana-herrero"],"_links":{"self":[{"href":"http:\/\/cronicasyversiones.com\/index.php?rest_route=\/wp\/v2\/posts\/22412","targetHints":{"allow":["GET"]}}],"collection":[{"href":"http:\/\/cronicasyversiones.com\/index.php?rest_route=\/wp\/v2\/posts"}],"about":[{"href":"http:\/\/cronicasyversiones.com\/index.php?rest_route=\/wp\/v2\/types\/post"}],"author":[{"embeddable":true,"href":"http:\/\/cronicasyversiones.com\/index.php?rest_route=\/wp\/v2\/users\/5"}],"replies":[{"embeddable":true,"href":"http:\/\/cronicasyversiones.com\/index.php?rest_route=%2Fwp%2Fv2%2Fcomments&post=22412"}],"version-history":[{"count":0,"href":"http:\/\/cronicasyversiones.com\/index.php?rest_route=\/wp\/v2\/posts\/22412\/revisions"}],"wp:featuredmedia":[{"embeddable":true,"href":"http:\/\/cronicasyversiones.com\/index.php?rest_route=\/wp\/v2\/media\/22421"}],"wp:attachment":[{"href":"http:\/\/cronicasyversiones.com\/index.php?rest_route=%2Fwp%2Fv2%2Fmedia&parent=22412"}],"wp:term":[{"taxonomy":"category","embeddable":true,"href":"http:\/\/cronicasyversiones.com\/index.php?rest_route=%2Fwp%2Fv2%2Fcategories&post=22412"},{"taxonomy":"post_tag","embeddable":true,"href":"http:\/\/cronicasyversiones.com\/index.php?rest_route=%2Fwp%2Fv2%2Ftags&post=22412"}],"curies":[{"name":"wp","href":"https:\/\/api.w.org\/{rel}","templated":true}]}}