{"id":22432,"date":"2019-03-31T08:44:03","date_gmt":"2019-03-31T11:44:03","guid":{"rendered":"http:\/\/cronicasyversiones.com\/?p=22432"},"modified":"2019-04-02T10:29:11","modified_gmt":"2019-04-02T13:29:11","slug":"marta-minujin-llega-la-menesunda-a-nueva-york","status":"publish","type":"post","link":"http:\/\/cronicasyversiones.com\/?p=22432","title":{"rendered":"Marta Minuj\u00edn lleva \u201cLa Menesunda\u201d a Nueva York"},"content":{"rendered":"<div style=\"padding-bottom:20px; padding-top:10px;\" class=\"hupso-share-buttons\"><!-- Hupso Share Buttons - https:\/\/www.hupso.com\/share\/ --><a class=\"hupso_counters\" href=\"https:\/\/www.hupso.com\/share\/\"><img decoding=\"async\" src=\"http:\/\/static.hupso.com\/share\/buttons\/lang\/es\/share-small.png\" style=\"border:0px; padding-top:2px; float:left;\" alt=\"Share Button\"\/><\/a><script type=\"text\/javascript\">var hupso_services_c=new Array(\"twitter\",\"facebook_like\",\"google\");var hupso_counters_lang = \"es_LA\";var hupso_image_folder_url = \"\";var hupso_twitter_via=\"crsyvrs\";var hupso_url_c=\"\";<\/script><script type=\"text\/javascript\" src=\"http:\/\/static.hupso.com\/share\/js\/counters.js\"><\/script><!-- Hupso Share Buttons --><\/div><h2>La emblem\u00e1tica instalaci\u00f3n, realizada por primera vez en 1965 en el m\u00edtico Instituto Di Tella, al neoyorquino New Museum.<\/h2>\n<p><img loading=\"lazy\" decoding=\"async\" class=\"size-full wp-image-22433 aligncenter\" src=\"http:\/\/cronicasyversiones.com\/wp-content\/uploads\/2019\/03\/marta.jpg\" alt=\"\" width=\"661\" height=\"600\" srcset=\"http:\/\/cronicasyversiones.com\/wp-content\/uploads\/2019\/03\/marta.jpg 661w, http:\/\/cronicasyversiones.com\/wp-content\/uploads\/2019\/03\/marta-300x272.jpg 300w\" sizes=\"auto, (max-width: 661px) 100vw, 661px\" \/><\/p>\n<p><strong>Marta Minuj\u00edn<\/strong> presentar\u00e1 desde el 26 de junio en el New Museum de Nueva York su emblem\u00e1tica instalaci\u00f3n <em><strong>\u00abLa Menesunda\u00bb,<\/strong><\/em> realizada por primera vez en 1965 en el m\u00edtico Instituto Di Tella y reconstruida 50 a\u00f1os despu\u00e9s en el Museo de Arte Moderno de Buenos Aires.<\/p>\n<p>La versi\u00f3n original de la pieza -menesunda en lunfardo significa mezcla o confusi\u00f3n- invitaba al espectador a atravesar una estructura laber\u00edntica, con diferentes habitaciones que ofrec\u00edan est\u00edmulos sensoriales diversos: <strong>desde ver a una pareja recostada en una cama hasta transitar por el interior de una heladera, incluida las temperaturas bajo cero.<\/strong><\/p>\n<p>La obra, que a mediados de los &#8217;60 fue tomada como una provocaci\u00f3n y caus\u00f3 bastante revuelo, hab\u00eda sido realizada por Minuj\u00edin junto a Rub\u00e9n Santanton\u00edn, y con la colaboraci\u00f3n de Pablo Su\u00e1rez, David Lamelas, Rodolfo Pray\u00f3n, Floreal Amor y Leopoldo Maler.<\/p>\n<p>De este modo, el museo situado en Lower East Side de la isla de Manhattan ofrecer\u00e1 al visitante la posibilidad de sumergirse en uno de los grandes hitos de la historia del arte argentino, en una exposici\u00f3n curada por el italiano Massimiliano Gioni, que permanecer\u00e1 abierta al p\u00fablico hasta el 22 de septiembre.<\/p>\n<p>La pieza, que estuvo quince d\u00edas en el Di Tella y luego fue destruida, se reconstruy\u00f3 50 a\u00f1os despu\u00e9s, con mucha precisi\u00f3n, en el <strong>Museo de Arte Moderno de Buenos Aires.<\/strong><\/p>\n<p>En aquel entonces, explicaban desde el museo, la reconstrucci\u00f3n signific\u00f3 un gran reto, tanto en sus aspectos constructivos como conceptuales, que se pudieron llevar a cabo a partir de documentaci\u00f3n, fotograf\u00edas, videos, notas de prensa, material audiovisual y testimonios de los artistas que colaboraron con Minuj\u00edn y Santanton\u00edn en la pieza original de 1965.<\/p>\n<p>Unas 50.000 personas pasaron por all\u00ed durante la exhibici\u00f3n en 2015 y al t\u00e9rmino de la muestra, la artista pop decidi\u00f3 donar la pieza a esa instituci\u00f3n argentina.<\/p>\n<p><em><strong>LEA TAMBI\u00c9N:<\/strong> <\/em><\/p>\n<div class=\"video-container\">\n<blockquote class=\"wp-embedded-content\" data-secret=\"B67PEA83pe\"><p><a href=\"http:\/\/cronicasyversiones.com\/?p=21624\">Una obra de Banksy apareci\u00f3 en Gales<\/a><\/p><\/blockquote>\n<p><iframe loading=\"lazy\" class=\"wp-embedded-content\" sandbox=\"allow-scripts\" security=\"restricted\" style=\"position: absolute; clip: rect(1px, 1px, 1px, 1px);\" title=\"\u00abUna obra de Banksy apareci\u00f3 en Gales\u00bb \u2014    \" src=\"http:\/\/cronicasyversiones.com\/?p=21624&#038;embed=true#?secret=ASKOrq5Ip7#?secret=B67PEA83pe\" data-secret=\"B67PEA83pe\" width=\"600\" height=\"338\" frameborder=\"0\" marginwidth=\"0\" marginheight=\"0\" scrolling=\"no\"><\/iframe><\/div>\n<p><strong>Marta Minuj\u00edn<\/strong> cosech\u00f3 un gran reconocimiento por sus obras vanguardistas producidas principalmente durante a partir de los \u201960 y su creatividad se mantiene a\u00fan vigente, mientras que sigue trabajando como artista en su taller en el barrio porte\u00f1o de San Crist\u00f3bal.<\/p>\n<p>Esta artista realiz\u00f3 en 1963 su primer happening, <em><strong>\u201cLa Destrucci\u00f3n\u201d,<\/strong><\/em> que finaliz\u00f3 con la quema de sus obras. En 1965 present\u00f3\u00a0<em><strong> \u201cLa Menesunda\u201d.<\/strong><\/em><\/p>\n<p>Sus instalaciones e intervenciones participativas a gran escala en el espacio p\u00fablico han recorrido el mundo y la han posicionado como una de las principales exponentes del arte contempor\u00e1neo a nivel global, y sus obras forman parte de algunas de las colecciones m\u00e1s importantes del mundo.<\/p>\n<p>En su larga carrera art\u00edstica recibi\u00f3 el Premio Konex-Menci\u00f3n Especial (2012) adem\u00e1s del Konex de Platino (1982 y 1992) otorgados por la Fundaci\u00f3n Konex.<\/p>\n<div style=\"padding-bottom:20px; padding-top:10px;\" class=\"hupso-share-buttons\"><!-- Hupso Share Buttons - https:\/\/www.hupso.com\/share\/ --><a class=\"hupso_counters\" href=\"https:\/\/www.hupso.com\/share\/\"><img decoding=\"async\" src=\"http:\/\/static.hupso.com\/share\/buttons\/lang\/es\/share-small.png\" style=\"border:0px; padding-top:2px; float:left;\" alt=\"Share Button\"\/><\/a><script type=\"text\/javascript\">var hupso_services_c=new Array(\"twitter\",\"facebook_like\",\"google\");var hupso_counters_lang = \"es_LA\";var hupso_image_folder_url = \"\";var hupso_twitter_via=\"crsyvrs\";var hupso_url_c=\"\";<\/script><script type=\"text\/javascript\" src=\"http:\/\/static.hupso.com\/share\/js\/counters.js\"><\/script><!-- Hupso Share Buttons --><\/div> ","protected":false},"excerpt":{"rendered":"<div style=\"padding-bottom:20px; padding-top:10px;\" class=\"hupso-share-buttons\"><!-- Hupso Share Buttons - https:\/\/www.hupso.com\/share\/ --><a class=\"hupso_counters\" href=\"https:\/\/www.hupso.com\/share\/\"><img src=\"http:\/\/static.hupso.com\/share\/buttons\/lang\/es\/share-small.png\" style=\"border:0px; padding-top:2px; float:left;\" alt=\"Share Button\"\/><\/a><script type=\"text\/javascript\">var hupso_services_c=new Array(\"twitter\",\"facebook_like\",\"google\");var hupso_counters_lang = \"es_LA\";var hupso_image_folder_url = \"\";var hupso_twitter_via=\"crsyvrs\";var hupso_url_c=\"\";<\/script><script type=\"text\/javascript\" src=\"http:\/\/static.hupso.com\/share\/js\/counters.js\"><\/script><!-- Hupso Share Buttons --><\/div><p>La emblem\u00e1tica instalaci\u00f3n, realizada por primera vez en 1965 en el m\u00edtico Instituto Di Tella, al neoyorquino New Museum. Marta Minuj\u00edn presentar\u00e1 desde el 26 de junio en el New Museum de Nueva York su emblem\u00e1tica instalaci\u00f3n \u00abLa Menesunda\u00bb,&#46;&#46;&#46;<\/p>\n<div style=\"padding-bottom:20px; padding-top:10px;\" class=\"hupso-share-buttons\"><!-- Hupso Share Buttons - https:\/\/www.hupso.com\/share\/ --><a class=\"hupso_counters\" href=\"https:\/\/www.hupso.com\/share\/\"><img src=\"http:\/\/static.hupso.com\/share\/buttons\/lang\/es\/share-small.png\" style=\"border:0px; padding-top:2px; float:left;\" alt=\"Share Button\"\/><\/a><script type=\"text\/javascript\">var hupso_services_c=new Array(\"twitter\",\"facebook_like\",\"google\");var hupso_counters_lang = \"es_LA\";var hupso_image_folder_url = \"\";var hupso_twitter_via=\"crsyvrs\";var hupso_url_c=\"\";<\/script><script type=\"text\/javascript\" src=\"http:\/\/static.hupso.com\/share\/js\/counters.js\"><\/script><!-- Hupso Share Buttons --><\/div>","protected":false},"author":5,"featured_media":22433,"comment_status":"open","ping_status":"closed","sticky":false,"template":"","format":"standard","meta":{"footnotes":""},"categories":[8],"tags":[931],"class_list":["post-22432","post","type-post","status-publish","format-standard","has-post-thumbnail","hentry","category-artes-plasticas","tag-marta-minujin"],"_links":{"self":[{"href":"http:\/\/cronicasyversiones.com\/index.php?rest_route=\/wp\/v2\/posts\/22432","targetHints":{"allow":["GET"]}}],"collection":[{"href":"http:\/\/cronicasyversiones.com\/index.php?rest_route=\/wp\/v2\/posts"}],"about":[{"href":"http:\/\/cronicasyversiones.com\/index.php?rest_route=\/wp\/v2\/types\/post"}],"author":[{"embeddable":true,"href":"http:\/\/cronicasyversiones.com\/index.php?rest_route=\/wp\/v2\/users\/5"}],"replies":[{"embeddable":true,"href":"http:\/\/cronicasyversiones.com\/index.php?rest_route=%2Fwp%2Fv2%2Fcomments&post=22432"}],"version-history":[{"count":0,"href":"http:\/\/cronicasyversiones.com\/index.php?rest_route=\/wp\/v2\/posts\/22432\/revisions"}],"wp:featuredmedia":[{"embeddable":true,"href":"http:\/\/cronicasyversiones.com\/index.php?rest_route=\/wp\/v2\/media\/22433"}],"wp:attachment":[{"href":"http:\/\/cronicasyversiones.com\/index.php?rest_route=%2Fwp%2Fv2%2Fmedia&parent=22432"}],"wp:term":[{"taxonomy":"category","embeddable":true,"href":"http:\/\/cronicasyversiones.com\/index.php?rest_route=%2Fwp%2Fv2%2Fcategories&post=22432"},{"taxonomy":"post_tag","embeddable":true,"href":"http:\/\/cronicasyversiones.com\/index.php?rest_route=%2Fwp%2Fv2%2Ftags&post=22432"}],"curies":[{"name":"wp","href":"https:\/\/api.w.org\/{rel}","templated":true}]}}