{"id":22464,"date":"2019-03-06T18:47:29","date_gmt":"2019-03-06T21:47:29","guid":{"rendered":"http:\/\/cronicasyversiones.com\/?p=22464"},"modified":"2019-03-06T18:47:29","modified_gmt":"2019-03-06T21:47:29","slug":"cien-anos-de-soledad-de-gabriel-garcia-marquez-llega-a-netflix","status":"publish","type":"post","link":"http:\/\/cronicasyversiones.com\/?p=22464","title":{"rendered":"\u00abCien a\u00f1os de soledad\u00bb, de Gabriel Garc\u00eda M\u00e1rquez, llega a Netflix"},"content":{"rendered":"<div style=\"padding-bottom:20px; padding-top:10px;\" class=\"hupso-share-buttons\"><!-- Hupso Share Buttons - https:\/\/www.hupso.com\/share\/ --><a class=\"hupso_counters\" href=\"https:\/\/www.hupso.com\/share\/\"><img decoding=\"async\" src=\"http:\/\/static.hupso.com\/share\/buttons\/lang\/es\/share-small.png\" style=\"border:0px; padding-top:2px; float:left;\" alt=\"Share Button\"\/><\/a><script type=\"text\/javascript\">var hupso_services_c=new Array(\"twitter\",\"facebook_like\",\"google\");var hupso_counters_lang = \"es_LA\";var hupso_image_folder_url = \"\";var hupso_twitter_via=\"crsyvrs\";var hupso_url_c=\"\";<\/script><script type=\"text\/javascript\" src=\"http:\/\/static.hupso.com\/share\/js\/counters.js\"><\/script><!-- Hupso Share Buttons --><\/div><h2>La ic\u00f3nica novela del escritor colombiano ser\u00e1 adaptada a una serie en la plataforma y a\u00fan se desconoce la fecha de estrenos.<\/h2>\n<p><img loading=\"lazy\" decoding=\"async\" class=\"size-full wp-image-22466 aligncenter\" src=\"http:\/\/cronicasyversiones.com\/wp-content\/uploads\/2019\/03\/gabo-1.jpg\" alt=\"\" width=\"750\" height=\"478\" srcset=\"http:\/\/cronicasyversiones.com\/wp-content\/uploads\/2019\/03\/gabo-1.jpg 750w, http:\/\/cronicasyversiones.com\/wp-content\/uploads\/2019\/03\/gabo-1-300x191.jpg 300w\" sizes=\"auto, (max-width: 750px) 100vw, 750px\" \/><\/p>\n<p><strong><em>\u00abCien a\u00f1os de soledad\u00bb,<\/em><\/strong> de <strong>Gabriel Garc\u00eda M\u00e1rquez,<\/strong> una de las novelas ic\u00f3nicas del Siglo XX, llegar\u00e1 a la televisi\u00f3n en <strong>Netflix<\/strong>, que anunci\u00f3 la realizaci\u00f3n de una serie, en espa\u00f1ol, sin precisar la fecha de estreno.<\/p>\n<p>Los dos hijos de Garc\u00eda M\u00e1rquez, Rodrigo -director de cine- y Gonzalo -dise\u00f1ador gr\u00e1fico-, ser\u00e1n productores ejecutivos de la serie, que se rodar\u00e1 principalmente en Colombia y que es \u00a0la primera adaptaci\u00f3n de la novela.<\/p>\n<blockquote><p>\u00abDurante d\u00e9cadas, nuestro padre se mostr\u00f3 reacio a vender los derechos cinematogr\u00e1ficos de &#8216;Cien A\u00f1os de Soledad&#8217; porque cre\u00eda que no pod\u00eda hacerse con las limitaciones de tiempo de un largometraje, o que producirlo en un idioma diferente al espa\u00f1ol no le har\u00eda justicia\u00bb, dijo Rodrigo Garc\u00eda en un comunicado.<\/p><\/blockquote>\n<p><strong><em>\u201cCien a\u00f1os de soledad\u201d<\/em><\/strong> se public\u00f3 en Buenos Aires en 1967, y aunque no se sabe la fecha exacta, cuando el escritor colombiano lleg\u00f3 a Buenos Aires un s\u00e1bado de junio, la novela de 352 p\u00e1ginas y que costaba 650 pesos de entonces, ya estaba en las librer\u00edas porte\u00f1as.<\/p>\n<p>Relata la historia de una aldea imaginaria, Macondo, y de la estirpe de sus fundadores, los Buend\u00eda. La novela se presenta dividida en veinte secuencias narrativas que carecen de t\u00edtulo e incluso de numeraci\u00f3n.<\/p>\n<p><em><strong>LEA TAMBI\u00c9N:<\/strong> <\/em><\/p>\n<div class=\"video-container\">\n<blockquote class=\"wp-embedded-content\" data-secret=\"4fQLF6KZaj\"><p><a href=\"http:\/\/cronicasyversiones.com\/?p=22414\">Se estren\u00f3 la serie \u201cEl nombre de la Rosa\u201d, basada en la novela de Umberto Eco<\/a><\/p><\/blockquote>\n<p><iframe loading=\"lazy\" class=\"wp-embedded-content\" sandbox=\"allow-scripts\" security=\"restricted\" style=\"position: absolute; clip: rect(1px, 1px, 1px, 1px);\" title=\"\u00abSe estren\u00f3 la serie \u201cEl nombre de la Rosa\u201d, basada en la novela de Umberto Eco\u00bb \u2014    \" src=\"http:\/\/cronicasyversiones.com\/?p=22414&#038;embed=true#?secret=C2IpsZYemu#?secret=4fQLF6KZaj\" data-secret=\"4fQLF6KZaj\" width=\"600\" height=\"338\" frameborder=\"0\" marginwidth=\"0\" marginheight=\"0\" scrolling=\"no\"><\/iframe><\/div>\n<p>La obra cumbre de Nobel colombiano, una novela que fue traducida a 40 idiomas y vendi\u00f3 m\u00e1s de 30 millones de ejemplares en el mundo, cuenta la historia de la familia Buend\u00eda y est\u00e1 ambientada en Macondo, tan parecido al Aracataca natal del autor.<\/p>\n<p><strong>Gabriel Garc\u00eda M\u00e1rquez<\/strong> falleci\u00f3 a los 87 a\u00f1os en su casa en la ciudad de M\u00e9xico el 17 de abril de 2014. D\u00edas antes hab\u00eda sido internado en el Instituto Nacional de Ciencias M\u00e9dicas y Nutrici\u00f3n en M\u00e9xico a causa de una infecci\u00f3n pulmonar.<\/p>\n<p>A <em><strong>\u201cGabo\u201d<\/strong> <\/em>se le considera como una de las figuras m\u00e1s importantes de la literatura universal del siglo XX y fue una figura clave del boom de la literatura Latinoam\u00e9rica a partir de los \u201960.<\/p>\n<div style=\"padding-bottom:20px; padding-top:10px;\" class=\"hupso-share-buttons\"><!-- Hupso Share Buttons - https:\/\/www.hupso.com\/share\/ --><a class=\"hupso_counters\" href=\"https:\/\/www.hupso.com\/share\/\"><img decoding=\"async\" src=\"http:\/\/static.hupso.com\/share\/buttons\/lang\/es\/share-small.png\" style=\"border:0px; padding-top:2px; float:left;\" alt=\"Share Button\"\/><\/a><script type=\"text\/javascript\">var hupso_services_c=new Array(\"twitter\",\"facebook_like\",\"google\");var hupso_counters_lang = \"es_LA\";var hupso_image_folder_url = \"\";var hupso_twitter_via=\"crsyvrs\";var hupso_url_c=\"\";<\/script><script type=\"text\/javascript\" src=\"http:\/\/static.hupso.com\/share\/js\/counters.js\"><\/script><!-- Hupso Share Buttons --><\/div> ","protected":false},"excerpt":{"rendered":"<div style=\"padding-bottom:20px; padding-top:10px;\" class=\"hupso-share-buttons\"><!-- Hupso Share Buttons - https:\/\/www.hupso.com\/share\/ --><a class=\"hupso_counters\" href=\"https:\/\/www.hupso.com\/share\/\"><img src=\"http:\/\/static.hupso.com\/share\/buttons\/lang\/es\/share-small.png\" style=\"border:0px; padding-top:2px; float:left;\" alt=\"Share Button\"\/><\/a><script type=\"text\/javascript\">var hupso_services_c=new Array(\"twitter\",\"facebook_like\",\"google\");var hupso_counters_lang = \"es_LA\";var hupso_image_folder_url = \"\";var hupso_twitter_via=\"crsyvrs\";var hupso_url_c=\"\";<\/script><script type=\"text\/javascript\" src=\"http:\/\/static.hupso.com\/share\/js\/counters.js\"><\/script><!-- Hupso Share Buttons --><\/div><p>La ic\u00f3nica novela del escritor colombiano ser\u00e1 adaptada a una serie en la plataforma y a\u00fan se desconoce la fecha de estrenos. \u00abCien a\u00f1os de soledad\u00bb, de Gabriel Garc\u00eda M\u00e1rquez, una de las novelas ic\u00f3nicas del Siglo XX, llegar\u00e1&#46;&#46;&#46;<\/p>\n<div style=\"padding-bottom:20px; padding-top:10px;\" class=\"hupso-share-buttons\"><!-- Hupso Share Buttons - https:\/\/www.hupso.com\/share\/ --><a class=\"hupso_counters\" href=\"https:\/\/www.hupso.com\/share\/\"><img src=\"http:\/\/static.hupso.com\/share\/buttons\/lang\/es\/share-small.png\" style=\"border:0px; padding-top:2px; float:left;\" alt=\"Share Button\"\/><\/a><script type=\"text\/javascript\">var hupso_services_c=new Array(\"twitter\",\"facebook_like\",\"google\");var hupso_counters_lang = \"es_LA\";var hupso_image_folder_url = \"\";var hupso_twitter_via=\"crsyvrs\";var hupso_url_c=\"\";<\/script><script type=\"text\/javascript\" src=\"http:\/\/static.hupso.com\/share\/js\/counters.js\"><\/script><!-- Hupso Share Buttons --><\/div>","protected":false},"author":5,"featured_media":22465,"comment_status":"open","ping_status":"closed","sticky":false,"template":"","format":"standard","meta":{"footnotes":""},"categories":[7,6],"tags":[63,1270],"class_list":["post-22464","post","type-post","status-publish","format-standard","has-post-thumbnail","hentry","category-literatura","category-radio-y-tv","tag-gabriel-garcia-marquez","tag-netflix"],"_links":{"self":[{"href":"http:\/\/cronicasyversiones.com\/index.php?rest_route=\/wp\/v2\/posts\/22464","targetHints":{"allow":["GET"]}}],"collection":[{"href":"http:\/\/cronicasyversiones.com\/index.php?rest_route=\/wp\/v2\/posts"}],"about":[{"href":"http:\/\/cronicasyversiones.com\/index.php?rest_route=\/wp\/v2\/types\/post"}],"author":[{"embeddable":true,"href":"http:\/\/cronicasyversiones.com\/index.php?rest_route=\/wp\/v2\/users\/5"}],"replies":[{"embeddable":true,"href":"http:\/\/cronicasyversiones.com\/index.php?rest_route=%2Fwp%2Fv2%2Fcomments&post=22464"}],"version-history":[{"count":0,"href":"http:\/\/cronicasyversiones.com\/index.php?rest_route=\/wp\/v2\/posts\/22464\/revisions"}],"wp:featuredmedia":[{"embeddable":true,"href":"http:\/\/cronicasyversiones.com\/index.php?rest_route=\/wp\/v2\/media\/22465"}],"wp:attachment":[{"href":"http:\/\/cronicasyversiones.com\/index.php?rest_route=%2Fwp%2Fv2%2Fmedia&parent=22464"}],"wp:term":[{"taxonomy":"category","embeddable":true,"href":"http:\/\/cronicasyversiones.com\/index.php?rest_route=%2Fwp%2Fv2%2Fcategories&post=22464"},{"taxonomy":"post_tag","embeddable":true,"href":"http:\/\/cronicasyversiones.com\/index.php?rest_route=%2Fwp%2Fv2%2Ftags&post=22464"}],"curies":[{"name":"wp","href":"https:\/\/api.w.org\/{rel}","templated":true}]}}