{"id":22469,"date":"2019-03-07T09:41:26","date_gmt":"2019-03-07T12:41:26","guid":{"rendered":"http:\/\/cronicasyversiones.com\/?p=22469"},"modified":"2019-03-07T09:41:26","modified_gmt":"2019-03-07T12:41:26","slug":"temes-un-cuestionamiento-al-machismo-el-nuevo-clip-de-ile","status":"publish","type":"post","link":"http:\/\/cronicasyversiones.com\/?p=22469","title":{"rendered":"\u201cTemes\u201d, un cuestionamiento al machismo, el nuevo clip de iLe"},"content":{"rendered":"<div style=\"padding-bottom:20px; padding-top:10px;\" class=\"hupso-share-buttons\"><!-- Hupso Share Buttons - https:\/\/www.hupso.com\/share\/ --><a class=\"hupso_counters\" href=\"https:\/\/www.hupso.com\/share\/\"><img decoding=\"async\" src=\"http:\/\/static.hupso.com\/share\/buttons\/lang\/es\/share-small.png\" style=\"border:0px; padding-top:2px; float:left;\" alt=\"Share Button\"\/><\/a><script type=\"text\/javascript\">var hupso_services_c=new Array(\"twitter\",\"facebook_like\",\"google\");var hupso_counters_lang = \"es_LA\";var hupso_image_folder_url = \"\";var hupso_twitter_via=\"crsyvrs\";var hupso_url_c=\"\";<\/script><script type=\"text\/javascript\" src=\"http:\/\/static.hupso.com\/share\/js\/counters.js\"><\/script><!-- Hupso Share Buttons --><\/div><h2>Ganadora de un Grammy, lanz\u00f3 este nuevo tema que ser\u00e1 parte de su segundo disco solista y es una continuaci\u00f3n de su sencillo \u00abOdio\u00bb.<\/h2>\n<p><img loading=\"lazy\" decoding=\"async\" class=\"size-full wp-image-22470 aligncenter\" src=\"http:\/\/cronicasyversiones.com\/wp-content\/uploads\/2019\/03\/ile.jpg\" alt=\"\" width=\"750\" height=\"498\" srcset=\"http:\/\/cronicasyversiones.com\/wp-content\/uploads\/2019\/03\/ile.jpg 750w, http:\/\/cronicasyversiones.com\/wp-content\/uploads\/2019\/03\/ile-300x199.jpg 300w, http:\/\/cronicasyversiones.com\/wp-content\/uploads\/2019\/03\/ile-480x320.jpg 480w\" sizes=\"auto, (max-width: 750px) 100vw, 750px\" \/><\/p>\n<p><strong>iLe,<\/strong> ganadora de un Grammy, lanza <strong><em>\u201cTemes\u201d, <\/em><\/strong>un nuevo sencillo y video clip, un sombr\u00edo cuestionamiento directo del machismo, como adelanto de su nuevo disco.<\/p>\n<p><strong><em>\u00abTemes\u00bb<\/em><\/strong> es una continuaci\u00f3n\u00a0 a su sencillo\u00a0 <strong><em>\u00abOdio\u00bb<\/em><\/strong> el cual fue lanzado el pasado a\u00f1o. Una canci\u00f3n de protesta honrando un suceso hist\u00f3rico de su pa\u00eds natal Puerto Rico.<\/p>\n<blockquote><p>\u00abLa canci\u00f3n &#8216;Temes&#8217; no tiene nada que ver con el romance\u00bb, explica iLe, \u00abEn cambio, es un bolero desafiante que expone uno de los puntos ciegos m\u00e1s oscuros del patriarcado: el &#8216;machismo&#8217; es m\u00e1s que una expresi\u00f3n de poder, es una reacci\u00f3n de miedo d\u00e9bil y horrorosa\u00bb, explica.<\/p><\/blockquote>\n<p>El video fue filmado en Puerto Rico bajo la direcci\u00f3n de su hermana <strong>Milena P\u00e9rez Joglar<\/strong> quien hace su debut como directora con este video. En \u00e9l se revela una historia de agresi\u00f3n dolorosa. Ella redefine el machismo como una expresi\u00f3n psicol\u00f3gica del miedo.<\/p>\n<p><iframe loading=\"lazy\" src=\"https:\/\/www.youtube.com\/embed\/LCQpUnKe97w\" width=\"600\" height=\"350\" frameborder=\"0\" allowfullscreen=\"allowfullscreen\"><span style=\"display: inline-block; width: 0px; overflow: hidden; line-height: 0;\" data-mce-type=\"bookmark\" class=\"mce_SELRES_start\">?<\/span><\/iframe><\/p>\n<p><strong><em>\u00abTemes\u00bb<\/em><\/strong> es la continuaci\u00f3n al sencillo <strong><em>\u00abOdio\u00bb <\/em><\/strong>de iLe,\u00a0 estas dos canciones ser\u00e1n parte del segundo \u00e1lbum de ILe como solista.\u00a0 Su primer \u00e1lbum <strong><em>\u201ciLevitable\u201d.<\/em><\/strong><\/p>\n<p><strong>Ileana Mercedes Cabra Joglar<\/strong>, m\u00e1s conocida como <strong>iLe<\/strong>, comenz\u00f3 su carrera como la voz \u00a0femenina de <strong>Calle 13,<\/strong> grupo del que form\u00f3 parte durante 10 a\u00f1os junto a sus hermanos <strong>Ren\u00e9 P\u00e9rez Joglar \u201cResidente\u201d <\/strong>y<strong> Eduardo Cabra \u201cVisitante\u201d.<\/strong><\/p>\n<div style=\"padding-bottom:20px; padding-top:10px;\" class=\"hupso-share-buttons\"><!-- Hupso Share Buttons - https:\/\/www.hupso.com\/share\/ --><a class=\"hupso_counters\" href=\"https:\/\/www.hupso.com\/share\/\"><img decoding=\"async\" src=\"http:\/\/static.hupso.com\/share\/buttons\/lang\/es\/share-small.png\" style=\"border:0px; padding-top:2px; float:left;\" alt=\"Share Button\"\/><\/a><script type=\"text\/javascript\">var hupso_services_c=new Array(\"twitter\",\"facebook_like\",\"google\");var hupso_counters_lang = \"es_LA\";var hupso_image_folder_url = \"\";var hupso_twitter_via=\"crsyvrs\";var hupso_url_c=\"\";<\/script><script type=\"text\/javascript\" src=\"http:\/\/static.hupso.com\/share\/js\/counters.js\"><\/script><!-- Hupso Share Buttons --><\/div> ","protected":false},"excerpt":{"rendered":"<div style=\"padding-bottom:20px; padding-top:10px;\" class=\"hupso-share-buttons\"><!-- Hupso Share Buttons - https:\/\/www.hupso.com\/share\/ --><a class=\"hupso_counters\" href=\"https:\/\/www.hupso.com\/share\/\"><img src=\"http:\/\/static.hupso.com\/share\/buttons\/lang\/es\/share-small.png\" style=\"border:0px; padding-top:2px; float:left;\" alt=\"Share Button\"\/><\/a><script type=\"text\/javascript\">var hupso_services_c=new Array(\"twitter\",\"facebook_like\",\"google\");var hupso_counters_lang = \"es_LA\";var hupso_image_folder_url = \"\";var hupso_twitter_via=\"crsyvrs\";var hupso_url_c=\"\";<\/script><script type=\"text\/javascript\" src=\"http:\/\/static.hupso.com\/share\/js\/counters.js\"><\/script><!-- Hupso Share Buttons --><\/div><p>Ganadora de un Grammy, lanz\u00f3 este nuevo tema que ser\u00e1 parte de su segundo disco solista y es una continuaci\u00f3n de su sencillo \u00abOdio\u00bb. iLe, ganadora de un Grammy, lanza \u201cTemes\u201d, un nuevo sencillo y video clip, un sombr\u00edo&#46;&#46;&#46;<\/p>\n<div style=\"padding-bottom:20px; padding-top:10px;\" class=\"hupso-share-buttons\"><!-- Hupso Share Buttons - https:\/\/www.hupso.com\/share\/ --><a class=\"hupso_counters\" href=\"https:\/\/www.hupso.com\/share\/\"><img src=\"http:\/\/static.hupso.com\/share\/buttons\/lang\/es\/share-small.png\" style=\"border:0px; padding-top:2px; float:left;\" alt=\"Share Button\"\/><\/a><script type=\"text\/javascript\">var hupso_services_c=new Array(\"twitter\",\"facebook_like\",\"google\");var hupso_counters_lang = \"es_LA\";var hupso_image_folder_url = \"\";var hupso_twitter_via=\"crsyvrs\";var hupso_url_c=\"\";<\/script><script type=\"text\/javascript\" src=\"http:\/\/static.hupso.com\/share\/js\/counters.js\"><\/script><!-- Hupso Share Buttons --><\/div>","protected":false},"author":5,"featured_media":0,"comment_status":"open","ping_status":"closed","sticky":false,"template":"","format":"standard","meta":{"footnotes":""},"categories":[3],"tags":[374,8942],"class_list":["post-22469","post","type-post","status-publish","format-standard","hentry","category-musica","tag-calle-13","tag-ile"],"_links":{"self":[{"href":"http:\/\/cronicasyversiones.com\/index.php?rest_route=\/wp\/v2\/posts\/22469","targetHints":{"allow":["GET"]}}],"collection":[{"href":"http:\/\/cronicasyversiones.com\/index.php?rest_route=\/wp\/v2\/posts"}],"about":[{"href":"http:\/\/cronicasyversiones.com\/index.php?rest_route=\/wp\/v2\/types\/post"}],"author":[{"embeddable":true,"href":"http:\/\/cronicasyversiones.com\/index.php?rest_route=\/wp\/v2\/users\/5"}],"replies":[{"embeddable":true,"href":"http:\/\/cronicasyversiones.com\/index.php?rest_route=%2Fwp%2Fv2%2Fcomments&post=22469"}],"version-history":[{"count":0,"href":"http:\/\/cronicasyversiones.com\/index.php?rest_route=\/wp\/v2\/posts\/22469\/revisions"}],"wp:attachment":[{"href":"http:\/\/cronicasyversiones.com\/index.php?rest_route=%2Fwp%2Fv2%2Fmedia&parent=22469"}],"wp:term":[{"taxonomy":"category","embeddable":true,"href":"http:\/\/cronicasyversiones.com\/index.php?rest_route=%2Fwp%2Fv2%2Fcategories&post=22469"},{"taxonomy":"post_tag","embeddable":true,"href":"http:\/\/cronicasyversiones.com\/index.php?rest_route=%2Fwp%2Fv2%2Ftags&post=22469"}],"curies":[{"name":"wp","href":"https:\/\/api.w.org\/{rel}","templated":true}]}}