{"id":22502,"date":"2019-03-09T17:40:56","date_gmt":"2019-03-09T20:40:56","guid":{"rendered":"http:\/\/cronicasyversiones.com\/?p=22502"},"modified":"2019-03-10T10:11:21","modified_gmt":"2019-03-10T13:11:21","slug":"yatencontrare-un-historia-guarani-con-guadalupe-bervih-y-daniel-casablanca","status":"publish","type":"post","link":"http:\/\/cronicasyversiones.com\/?p=22502","title":{"rendered":"\u00abYatencontrar\u00e9\u00bb, un historia guaran\u00ed con Guadalupe Bervih y Daniel Casablanca"},"content":{"rendered":"<div style=\"padding-bottom:20px; padding-top:10px;\" class=\"hupso-share-buttons\"><!-- Hupso Share Buttons - https:\/\/www.hupso.com\/share\/ --><a class=\"hupso_counters\" href=\"https:\/\/www.hupso.com\/share\/\"><img decoding=\"async\" src=\"http:\/\/static.hupso.com\/share\/buttons\/lang\/es\/share-small.png\" style=\"border:0px; padding-top:2px; float:left;\" alt=\"Share Button\"\/><\/a><script type=\"text\/javascript\">var hupso_services_c=new Array(\"twitter\",\"facebook_like\",\"google\");var hupso_counters_lang = \"es_LA\";var hupso_image_folder_url = \"\";var hupso_twitter_via=\"crsyvrs\";var hupso_url_c=\"\";<\/script><script type=\"text\/javascript\" src=\"http:\/\/static.hupso.com\/share\/js\/counters.js\"><\/script><!-- Hupso Share Buttons --><\/div><h2>Esta propuesta teatral para chicos re\u00fane la narraci\u00f3n oral con m\u00fasica y sombras de arena en vivo, con Teresita y Mateo como protagonistas.<\/h2>\n<p><img loading=\"lazy\" decoding=\"async\" class=\" wp-image-22503 aligncenter\" src=\"http:\/\/cronicasyversiones.com\/wp-content\/uploads\/2019\/03\/yatencontrare.jpg\" alt=\"\" width=\"737\" height=\"421\" srcset=\"http:\/\/cronicasyversiones.com\/wp-content\/uploads\/2019\/03\/yatencontrare.jpg 700w, http:\/\/cronicasyversiones.com\/wp-content\/uploads\/2019\/03\/yatencontrare-300x171.jpg 300w\" sizes=\"auto, (max-width: 737px) 100vw, 737px\" \/><\/p>\n<p><em><strong>\u00abYatencontrar\u00e9\u00bb<\/strong><\/em>, una creaci\u00f3n de<strong> Guadalupe Bervih <\/strong>y<strong> Daniel Casablanca<\/strong> bajo direcci\u00f3n de <strong>Andr\u00e9s Sahade<\/strong> que re\u00fane la narraci\u00f3n oral con m\u00fasica y sombras de arena en vivo, sale a escena los domingos \u00a0las 16 en la Sala Solidaridad del porte\u00f1o <strong>Centro Cultural de la Cooperaci\u00f3n (CCC),<\/strong> en la en Avenida Corrientes 1543.<\/p>\n<p>El espect\u00e1culo se desarrolla en la <strong>Aldea Min\u00ed,<\/strong> un min\u00fasculo poblado litorale\u00f1o con apenas dos familias:<strong> Los Pereyrat\u00e9 y los Garciaret\u00e9<\/strong> y con <strong>Teresita y Mateo<\/strong> como protagonistas, junto a un sapo, un chancho, un yaguaret\u00e9, un yacar\u00e9 y Teresita y Mateo n esta hermosa, po\u00e9tica y divertida historia de inspiraci\u00f3n guaran\u00ed.<\/p>\n<div class=\"video-container\">\n<blockquote class=\"wp-embedded-content\" data-secret=\"FjaKYXzQnk\"><p><a href=\"http:\/\/cronicasyversiones.com\/?p=22333\">\u00abJard\u00edn Sonoro\u00bb, una experiencia teatral en el Bot\u00e1nico<\/a><\/p><\/blockquote>\n<p><iframe loading=\"lazy\" class=\"wp-embedded-content\" sandbox=\"allow-scripts\" security=\"restricted\" style=\"position: absolute; clip: rect(1px, 1px, 1px, 1px);\" title=\"\u00ab\u00abJard\u00edn Sonoro\u00bb, una experiencia teatral en el Bot\u00e1nico\u00bb \u2014    \" src=\"http:\/\/cronicasyversiones.com\/?p=22333&#038;embed=true#?secret=qt4D5Tb6EP#?secret=FjaKYXzQnk\" data-secret=\"FjaKYXzQnk\" width=\"600\" height=\"338\" frameborder=\"0\" marginwidth=\"0\" marginheight=\"0\" scrolling=\"no\"><\/iframe><\/div>\n<p>Oficiando de cuenta cuentos, Guadalupe Bervih y Daniel Casablanca\u00a0 despiertan la imaginaci\u00f3n y los sentidos, y sumergen al p\u00fablico en esta aventura para los m\u00e1s b\u00e1jitos con las sombras de arena de <strong>Alejandro Bustos y<\/strong> \u00a0con la m\u00fasica en vivo de <strong>Ricardo Scalise<\/strong>, que interpreta <strong>Dolores Usandivaras,<\/strong> tambi\u00e9n integrante del cuarteto folcl\u00f3rica Trina la Diuca.<\/p>\n<p>La propuesta fue urdida por la pareja integrada entre la autora, actriz, productora y asistente de direcci\u00f3n y el actor r\u00e9cord por casi una d\u00e9cada como parte de <em><strong>\u00abToc Toc\u00bb<\/strong><\/em> y uno de los fundadores de <strong>Los Macocos.<\/strong><\/p>\n<div style=\"padding-bottom:20px; padding-top:10px;\" class=\"hupso-share-buttons\"><!-- Hupso Share Buttons - https:\/\/www.hupso.com\/share\/ --><a class=\"hupso_counters\" href=\"https:\/\/www.hupso.com\/share\/\"><img decoding=\"async\" src=\"http:\/\/static.hupso.com\/share\/buttons\/lang\/es\/share-small.png\" style=\"border:0px; padding-top:2px; float:left;\" alt=\"Share Button\"\/><\/a><script type=\"text\/javascript\">var hupso_services_c=new Array(\"twitter\",\"facebook_like\",\"google\");var hupso_counters_lang = \"es_LA\";var hupso_image_folder_url = \"\";var hupso_twitter_via=\"crsyvrs\";var hupso_url_c=\"\";<\/script><script type=\"text\/javascript\" src=\"http:\/\/static.hupso.com\/share\/js\/counters.js\"><\/script><!-- Hupso Share Buttons --><\/div> ","protected":false},"excerpt":{"rendered":"<div style=\"padding-bottom:20px; padding-top:10px;\" class=\"hupso-share-buttons\"><!-- Hupso Share Buttons - https:\/\/www.hupso.com\/share\/ --><a class=\"hupso_counters\" href=\"https:\/\/www.hupso.com\/share\/\"><img src=\"http:\/\/static.hupso.com\/share\/buttons\/lang\/es\/share-small.png\" style=\"border:0px; padding-top:2px; float:left;\" alt=\"Share Button\"\/><\/a><script type=\"text\/javascript\">var hupso_services_c=new Array(\"twitter\",\"facebook_like\",\"google\");var hupso_counters_lang = \"es_LA\";var hupso_image_folder_url = \"\";var hupso_twitter_via=\"crsyvrs\";var hupso_url_c=\"\";<\/script><script type=\"text\/javascript\" src=\"http:\/\/static.hupso.com\/share\/js\/counters.js\"><\/script><!-- Hupso Share Buttons --><\/div><p>Esta propuesta teatral para chicos re\u00fane la narraci\u00f3n oral con m\u00fasica y sombras de arena en vivo, con Teresita y Mateo como protagonistas. \u00abYatencontrar\u00e9\u00bb, una creaci\u00f3n de Guadalupe Bervih y Daniel Casablanca bajo direcci\u00f3n de Andr\u00e9s Sahade que re\u00fane&#46;&#46;&#46;<\/p>\n<div style=\"padding-bottom:20px; padding-top:10px;\" class=\"hupso-share-buttons\"><!-- Hupso Share Buttons - https:\/\/www.hupso.com\/share\/ --><a class=\"hupso_counters\" href=\"https:\/\/www.hupso.com\/share\/\"><img src=\"http:\/\/static.hupso.com\/share\/buttons\/lang\/es\/share-small.png\" style=\"border:0px; padding-top:2px; float:left;\" alt=\"Share Button\"\/><\/a><script type=\"text\/javascript\">var hupso_services_c=new Array(\"twitter\",\"facebook_like\",\"google\");var hupso_counters_lang = \"es_LA\";var hupso_image_folder_url = \"\";var hupso_twitter_via=\"crsyvrs\";var hupso_url_c=\"\";<\/script><script type=\"text\/javascript\" src=\"http:\/\/static.hupso.com\/share\/js\/counters.js\"><\/script><!-- Hupso Share Buttons --><\/div>","protected":false},"author":5,"featured_media":22503,"comment_status":"open","ping_status":"closed","sticky":false,"template":"","format":"standard","meta":{"footnotes":""},"categories":[5],"tags":[579,9186,9185,1283],"class_list":["post-22502","post","type-post","status-publish","format-standard","has-post-thumbnail","hentry","category-teatro","tag-centro-cultural-de-la-cooperacion","tag-daniel-casablanca","tag-guadalupe-bervih","tag-narracion-oral"],"_links":{"self":[{"href":"http:\/\/cronicasyversiones.com\/index.php?rest_route=\/wp\/v2\/posts\/22502","targetHints":{"allow":["GET"]}}],"collection":[{"href":"http:\/\/cronicasyversiones.com\/index.php?rest_route=\/wp\/v2\/posts"}],"about":[{"href":"http:\/\/cronicasyversiones.com\/index.php?rest_route=\/wp\/v2\/types\/post"}],"author":[{"embeddable":true,"href":"http:\/\/cronicasyversiones.com\/index.php?rest_route=\/wp\/v2\/users\/5"}],"replies":[{"embeddable":true,"href":"http:\/\/cronicasyversiones.com\/index.php?rest_route=%2Fwp%2Fv2%2Fcomments&post=22502"}],"version-history":[{"count":0,"href":"http:\/\/cronicasyversiones.com\/index.php?rest_route=\/wp\/v2\/posts\/22502\/revisions"}],"wp:featuredmedia":[{"embeddable":true,"href":"http:\/\/cronicasyversiones.com\/index.php?rest_route=\/wp\/v2\/media\/22503"}],"wp:attachment":[{"href":"http:\/\/cronicasyversiones.com\/index.php?rest_route=%2Fwp%2Fv2%2Fmedia&parent=22502"}],"wp:term":[{"taxonomy":"category","embeddable":true,"href":"http:\/\/cronicasyversiones.com\/index.php?rest_route=%2Fwp%2Fv2%2Fcategories&post=22502"},{"taxonomy":"post_tag","embeddable":true,"href":"http:\/\/cronicasyversiones.com\/index.php?rest_route=%2Fwp%2Fv2%2Ftags&post=22502"}],"curies":[{"name":"wp","href":"https:\/\/api.w.org\/{rel}","templated":true}]}}