{"id":22531,"date":"2019-09-12T20:04:25","date_gmt":"2019-09-12T23:04:25","guid":{"rendered":"http:\/\/cronicasyversiones.com\/?p=22531"},"modified":"2019-09-12T20:04:27","modified_gmt":"2019-09-12T23:04:27","slug":"el-chango-spasiuk-celebra-sus-30-anos-de-trayectoria","status":"publish","type":"post","link":"http:\/\/cronicasyversiones.com\/?p=22531","title":{"rendered":"El Chango Spasiuk celebra sus 30 a\u00f1os de trayectoria"},"content":{"rendered":"<div style=\"padding-bottom:20px; padding-top:10px;\" class=\"hupso-share-buttons\"><!-- Hupso Share Buttons - https:\/\/www.hupso.com\/share\/ --><a class=\"hupso_counters\" href=\"https:\/\/www.hupso.com\/share\/\"><img decoding=\"async\" src=\"http:\/\/static.hupso.com\/share\/buttons\/lang\/es\/share-small.png\" style=\"border:0px; padding-top:2px; float:left;\" alt=\"Share Button\"\/><\/a><script type=\"text\/javascript\">var hupso_services_c=new Array(\"twitter\",\"facebook_like\",\"google\");var hupso_counters_lang = \"es_LA\";var hupso_image_folder_url = \"\";var hupso_twitter_via=\"crsyvrs\";var hupso_url_c=\"\";<\/script><script type=\"text\/javascript\" src=\"http:\/\/static.hupso.com\/share\/js\/counters.js\"><\/script><!-- Hupso Share Buttons --><\/div><h2>El acordeonista y compositor&nbsp; misionero se presentar\u00e1 en el Teatro \u00d3pera, con un recorrido de m\u00fasica acad\u00e9mica, folcl\u00f3rica, regional, universal y popular.<\/h2>\n<p><img loading=\"lazy\" decoding=\"async\" class=\"wp-image-22532 aligncenter\" src=\"http:\/\/cronicasyversiones.com\/wp-content\/uploads\/2019\/03\/chango.jpg\" alt=\"\" width=\"769\" height=\"512\" srcset=\"http:\/\/cronicasyversiones.com\/wp-content\/uploads\/2019\/03\/chango.jpg 960w, http:\/\/cronicasyversiones.com\/wp-content\/uploads\/2019\/03\/chango-300x200.jpg 300w, http:\/\/cronicasyversiones.com\/wp-content\/uploads\/2019\/03\/chango-768x511.jpg 768w, http:\/\/cronicasyversiones.com\/wp-content\/uploads\/2019\/03\/chango-480x320.jpg 480w\" sizes=\"auto, (max-width: 769px) 100vw, 769px\" \/><\/p>\n<p>El acordeonista y compositor &nbsp;<strong>Chango Spasiuk<\/strong> seguir\u00e1 celebrando sus 30 a\u00f1os de trayectoria el 21 de septiembre con un concierto en el porte\u00f1o Teatro Opera.<\/p>\n<p>Con una decena de discos \u00e1lbumes solistas en Argentina, entre ellos<em><strong> \u201cPolcas de mi tierra\u201d<\/strong><\/em> (1999), el misionero &nbsp;es due\u00f1o de un recorrido en el que logr\u00f3 profundizar la posibilidad de sumar las calificaciones de m\u00fasica acad\u00e9mica, folcl\u00f3rica, regional, universal, popular y culta, sin que ninguna denominaci\u00f3n anule a la otra.<\/p>\n<p>Su primer lanzamiento internacional <em><strong>\u201cTarefero de mis pagos\u201d<\/strong><\/em> lo llev\u00f3 a ganar el premio BBC de M\u00fasica del Mundo,&nbsp; ejor Artista Revelaci\u00f3n 2005, el premio Gardel de Argentina, as\u00ed como una nominaci\u00f3n al Grammy Latino en 2006.<\/p>\n<p><em><strong>LEA TAMBI\u00c9N:&nbsp;<\/strong><\/em><\/p>\n<div class=\"video-container\">\n<blockquote class=\"wp-embedded-content\" data-secret=\"RoWYnapjjH\"><p><a href=\"http:\/\/cronicasyversiones.com\/?p=22259\">David Leb\u00f3n grab\u00f3 una versi\u00f3n de \u201cMundo agradable\u201d con Ricardo Mollo<\/a><\/p><\/blockquote>\n<p><iframe loading=\"lazy\" class=\"wp-embedded-content\" sandbox=\"allow-scripts\" security=\"restricted\" style=\"position: absolute; clip: rect(1px, 1px, 1px, 1px);\" title=\"\u00abDavid Leb\u00f3n grab\u00f3 una versi\u00f3n de \u201cMundo agradable\u201d con Ricardo Mollo\u00bb \u2014    \" src=\"http:\/\/cronicasyversiones.com\/?p=22259&#038;embed=true#?secret=qy4WuXhxgm#?secret=RoWYnapjjH\" data-secret=\"RoWYnapjjH\" width=\"600\" height=\"338\" frameborder=\"0\" marginwidth=\"0\" marginheight=\"0\" scrolling=\"no\"><\/iframe><\/div>\n<p>A lo largo de estos a\u00f1os, el m\u00fasico particip\u00f3 de espect\u00e1culos y discos de importantes artistas como Mercedes Sosa, Bobby McFerrin, Cyro Baptista, Bob Telson, Carlos Nu\u00f1ez, Heather Cornell &amp; Manhattan Tap, Le\u00f3n Gieco, Divididos, Raul Barboza, Jaime Torres y Chucho Vald\u00e9z, entre muchos otros.<\/p>\n<p>Tambi\u00e9n se desempe\u00f1\u00f3 como conductor y realizador del ciclo documental \u201cPeque\u00f1os universos\u201d, que se emiti\u00f3 durante cinco temporadas por Canal Encuentro y la TV P\u00fablica, y que lo llev\u00f3 a realizar 70 viajes de trabajo de campo e investigaci\u00f3n por Argentina, Paraguay, Bolivia , Uruguay y Brasil.<\/p>\n<p>Realiz\u00f3 giras por toda la Argentina, Canad\u00e1, Estados Unidos, Brasil, Paraguay, Chile, Uruguay, Holanda, Francia, Inglaterra y Escocia, entre muchos otros.<\/p>\n<p>En el 2005 recibi\u00f3 el premio Konex de Platino como El Solista Masculino de Folclore de la D\u00e9cada y en el 2015 fue distinguido con el t\u00edtulo de Doctor Honoris Causa de la Universidad Nacional de Misiones Argentina por su labor cultural.<\/p>\n<p>&nbsp;<\/p>\n<div style=\"padding-bottom:20px; padding-top:10px;\" class=\"hupso-share-buttons\"><!-- Hupso Share Buttons - https:\/\/www.hupso.com\/share\/ --><a class=\"hupso_counters\" href=\"https:\/\/www.hupso.com\/share\/\"><img decoding=\"async\" src=\"http:\/\/static.hupso.com\/share\/buttons\/lang\/es\/share-small.png\" style=\"border:0px; padding-top:2px; float:left;\" alt=\"Share Button\"\/><\/a><script type=\"text\/javascript\">var hupso_services_c=new Array(\"twitter\",\"facebook_like\",\"google\");var hupso_counters_lang = \"es_LA\";var hupso_image_folder_url = \"\";var hupso_twitter_via=\"crsyvrs\";var hupso_url_c=\"\";<\/script><script type=\"text\/javascript\" src=\"http:\/\/static.hupso.com\/share\/js\/counters.js\"><\/script><!-- Hupso Share Buttons --><\/div> ","protected":false},"excerpt":{"rendered":"<div style=\"padding-bottom:20px; padding-top:10px;\" class=\"hupso-share-buttons\"><!-- Hupso Share Buttons - https:\/\/www.hupso.com\/share\/ --><a class=\"hupso_counters\" href=\"https:\/\/www.hupso.com\/share\/\"><img src=\"http:\/\/static.hupso.com\/share\/buttons\/lang\/es\/share-small.png\" style=\"border:0px; padding-top:2px; float:left;\" alt=\"Share Button\"\/><\/a><script type=\"text\/javascript\">var hupso_services_c=new Array(\"twitter\",\"facebook_like\",\"google\");var hupso_counters_lang = \"es_LA\";var hupso_image_folder_url = \"\";var hupso_twitter_via=\"crsyvrs\";var hupso_url_c=\"\";<\/script><script type=\"text\/javascript\" src=\"http:\/\/static.hupso.com\/share\/js\/counters.js\"><\/script><!-- Hupso Share Buttons --><\/div><p>El acordeonista y compositor&nbsp; misionero se presentar\u00e1 en el Teatro \u00d3pera, con un recorrido de m\u00fasica acad\u00e9mica, folcl\u00f3rica, regional, universal y popular. El acordeonista y compositor &nbsp;Chango Spasiuk seguir\u00e1 celebrando sus 30 a\u00f1os de trayectoria el 21 de septiembre&#46;&#46;&#46;<\/p>\n<div style=\"padding-bottom:20px; padding-top:10px;\" class=\"hupso-share-buttons\"><!-- Hupso Share Buttons - https:\/\/www.hupso.com\/share\/ --><a class=\"hupso_counters\" href=\"https:\/\/www.hupso.com\/share\/\"><img src=\"http:\/\/static.hupso.com\/share\/buttons\/lang\/es\/share-small.png\" style=\"border:0px; padding-top:2px; float:left;\" alt=\"Share Button\"\/><\/a><script type=\"text\/javascript\">var hupso_services_c=new Array(\"twitter\",\"facebook_like\",\"google\");var hupso_counters_lang = \"es_LA\";var hupso_image_folder_url = \"\";var hupso_twitter_via=\"crsyvrs\";var hupso_url_c=\"\";<\/script><script type=\"text\/javascript\" src=\"http:\/\/static.hupso.com\/share\/js\/counters.js\"><\/script><!-- Hupso Share Buttons --><\/div>","protected":false},"author":5,"featured_media":22532,"comment_status":"open","ping_status":"closed","sticky":false,"template":"","format":"standard","meta":{"footnotes":""},"categories":[3],"tags":[927],"class_list":["post-22531","post","type-post","status-publish","format-standard","has-post-thumbnail","hentry","category-musica","tag-chango-spasiuk"],"_links":{"self":[{"href":"http:\/\/cronicasyversiones.com\/index.php?rest_route=\/wp\/v2\/posts\/22531","targetHints":{"allow":["GET"]}}],"collection":[{"href":"http:\/\/cronicasyversiones.com\/index.php?rest_route=\/wp\/v2\/posts"}],"about":[{"href":"http:\/\/cronicasyversiones.com\/index.php?rest_route=\/wp\/v2\/types\/post"}],"author":[{"embeddable":true,"href":"http:\/\/cronicasyversiones.com\/index.php?rest_route=\/wp\/v2\/users\/5"}],"replies":[{"embeddable":true,"href":"http:\/\/cronicasyversiones.com\/index.php?rest_route=%2Fwp%2Fv2%2Fcomments&post=22531"}],"version-history":[{"count":0,"href":"http:\/\/cronicasyversiones.com\/index.php?rest_route=\/wp\/v2\/posts\/22531\/revisions"}],"wp:featuredmedia":[{"embeddable":true,"href":"http:\/\/cronicasyversiones.com\/index.php?rest_route=\/wp\/v2\/media\/22532"}],"wp:attachment":[{"href":"http:\/\/cronicasyversiones.com\/index.php?rest_route=%2Fwp%2Fv2%2Fmedia&parent=22531"}],"wp:term":[{"taxonomy":"category","embeddable":true,"href":"http:\/\/cronicasyversiones.com\/index.php?rest_route=%2Fwp%2Fv2%2Fcategories&post=22531"},{"taxonomy":"post_tag","embeddable":true,"href":"http:\/\/cronicasyversiones.com\/index.php?rest_route=%2Fwp%2Fv2%2Ftags&post=22531"}],"curies":[{"name":"wp","href":"https:\/\/api.w.org\/{rel}","templated":true}]}}