{"id":22585,"date":"2019-03-26T20:28:48","date_gmt":"2019-03-26T23:28:48","guid":{"rendered":"http:\/\/cronicasyversiones.com\/?p=22585"},"modified":"2019-03-26T20:28:48","modified_gmt":"2019-03-26T23:28:48","slug":"la-libanesa-nadine-labaki-presidira-un-certain-regard-en-cannes","status":"publish","type":"post","link":"http:\/\/cronicasyversiones.com\/?p=22585","title":{"rendered":"La libanesa Nadine Labaki presidir\u00e1 \u201cUn certain Regard\u201d en Cannes"},"content":{"rendered":"<div style=\"padding-bottom:20px; padding-top:10px;\" class=\"hupso-share-buttons\"><!-- Hupso Share Buttons - https:\/\/www.hupso.com\/share\/ --><a class=\"hupso_counters\" href=\"https:\/\/www.hupso.com\/share\/\"><img decoding=\"async\" src=\"http:\/\/static.hupso.com\/share\/buttons\/lang\/es\/share-small.png\" style=\"border:0px; padding-top:2px; float:left;\" alt=\"Share Button\"\/><\/a><script type=\"text\/javascript\">var hupso_services_c=new Array(\"twitter\",\"facebook_like\",\"google\");var hupso_counters_lang = \"es_LA\";var hupso_image_folder_url = \"\";var hupso_twitter_via=\"crsyvrs\";var hupso_url_c=\"\";<\/script><script type=\"text\/javascript\" src=\"http:\/\/static.hupso.com\/share\/js\/counters.js\"><\/script><!-- Hupso Share Buttons --><\/div><h2>La directora y actriz fue elegida por los organizadores por su \u201crenombre internacional\u00bb y luego de que obtuviera un premio es ese mismo festival.<\/h2>\n<p><img loading=\"lazy\" decoding=\"async\" class=\" wp-image-22586 aligncenter\" src=\"http:\/\/cronicasyversiones.com\/wp-content\/uploads\/2019\/03\/nadine-1024x683.jpg\" alt=\"\" width=\"760\" height=\"507\" srcset=\"http:\/\/cronicasyversiones.com\/wp-content\/uploads\/2019\/03\/nadine-1024x683.jpg 1024w, http:\/\/cronicasyversiones.com\/wp-content\/uploads\/2019\/03\/nadine-300x200.jpg 300w, http:\/\/cronicasyversiones.com\/wp-content\/uploads\/2019\/03\/nadine-768x512.jpg 768w, http:\/\/cronicasyversiones.com\/wp-content\/uploads\/2019\/03\/nadine-480x320.jpg 480w, http:\/\/cronicasyversiones.com\/wp-content\/uploads\/2019\/03\/nadine.jpg 1920w\" sizes=\"auto, (max-width: 760px) 100vw, 760px\" \/><\/p>\n<p>La artista libanesa <strong>Nadine Labaki<\/strong> presidir\u00e1 el jurado de la secci\u00f3n<strong><em> \u00abUn certain regard\u201d<\/em><\/strong> en la \u00a072\u00b0 edici\u00f3n Festival de Cannes, que tendr\u00e1 lugar en la primera quincena de mayo en la Costa Azul francesa.<\/p>\n<p>De esta forma lo anunciaron los organizadores al destacar \u00abel renombre internacional\u00bb de la actriz y directora luego de que obtuviera un premio es ese mismo festival por su film <em><strong>\u00abCapharna\u00fcm\u00bb<\/strong><\/em> <strong>(Caramel)<\/strong> y haber competido en el rubro mejor pel\u00edcula extranjera en los Oscar y los Golden Globes.<\/p>\n<blockquote><p>Por su parte, la directora y actriz libanesa record\u00f3 haber asistido a este certamen \u00ab\u00e1vida de descubrir el festival m\u00e1s prestigioso del mundo\u00bb, cuando era una estudiante.<\/p><\/blockquote>\n<p>Su primer largometraje,<strong> \u00abCaramel\u00bb,<\/strong> una oda a la solidaridad femenina, se present\u00f3 en Cannes en la edici\u00f3n de 2007 en la Quincena de Realizadores.<\/p>\n<p>Esta pel\u00edcula fue distribuida en m\u00e1s de 40 pa\u00edses, convirti\u00e9ndose en la pel\u00edcula libanesa m\u00e1s aclamada internacionalmente hasta el presente.<\/p>\n<p><em><strong>LEA TAMBI\u00c9N:<\/strong> <\/em><\/p>\n<div class=\"video-container\">\n<blockquote class=\"wp-embedded-content\" data-secret=\"9XtfcfY4rq\"><p><a href=\"http:\/\/cronicasyversiones.com\/?p=22538\">\u201cAlicia\u201d, la nueva pel\u00edcula de Alejandro Rath<\/a><\/p><\/blockquote>\n<p><iframe loading=\"lazy\" class=\"wp-embedded-content\" sandbox=\"allow-scripts\" security=\"restricted\" style=\"position: absolute; clip: rect(1px, 1px, 1px, 1px);\" title=\"\u00ab\u201cAlicia\u201d, la nueva pel\u00edcula de Alejandro Rath\u00bb \u2014    \" src=\"http:\/\/cronicasyversiones.com\/?p=22538&#038;embed=true#?secret=U4pcPti4uC#?secret=9XtfcfY4rq\" data-secret=\"9XtfcfY4rq\" width=\"600\" height=\"338\" frameborder=\"0\" marginwidth=\"0\" marginheight=\"0\" scrolling=\"no\"><\/iframe><\/div>\n<p>Las pel\u00edculas que ser\u00e1n parte de la competici\u00f3n <em><strong>\u00abUn certain regard\u00bb<\/strong><\/em> comenzar\u00e1n a proyectarse el 15 de mayo y el ganador ser\u00e1 dado a conocer el 24 de ese mes.<\/p>\n<p>Mientras que la plataforma digital Netflix no presentar\u00e1 ninguna pel\u00edcula en el Festival de Cannes por segundo a\u00f1o consecutivo.<\/p>\n<p>Aunque se rumoreaba que <em><strong>\u201cThe Irishman\u201d<\/strong><\/em>, el nuevo film de Martin Scorsese con Robert De Niro y Al Pacino como estrellas, podr\u00eda estrenarse en Cannes, finalmente esta pel\u00edcula de Netflix no se ver\u00e1 en el certamen franc\u00e9s en mayo ya que para entonces no habr\u00e1 culminado su posproducci\u00f3n.<\/p>\n<div style=\"padding-bottom:20px; padding-top:10px;\" class=\"hupso-share-buttons\"><!-- Hupso Share Buttons - https:\/\/www.hupso.com\/share\/ --><a class=\"hupso_counters\" href=\"https:\/\/www.hupso.com\/share\/\"><img decoding=\"async\" src=\"http:\/\/static.hupso.com\/share\/buttons\/lang\/es\/share-small.png\" style=\"border:0px; padding-top:2px; float:left;\" alt=\"Share Button\"\/><\/a><script type=\"text\/javascript\">var hupso_services_c=new Array(\"twitter\",\"facebook_like\",\"google\");var hupso_counters_lang = \"es_LA\";var hupso_image_folder_url = \"\";var hupso_twitter_via=\"crsyvrs\";var hupso_url_c=\"\";<\/script><script type=\"text\/javascript\" src=\"http:\/\/static.hupso.com\/share\/js\/counters.js\"><\/script><!-- Hupso Share Buttons --><\/div> ","protected":false},"excerpt":{"rendered":"<div style=\"padding-bottom:20px; padding-top:10px;\" class=\"hupso-share-buttons\"><!-- Hupso Share Buttons - https:\/\/www.hupso.com\/share\/ --><a class=\"hupso_counters\" href=\"https:\/\/www.hupso.com\/share\/\"><img src=\"http:\/\/static.hupso.com\/share\/buttons\/lang\/es\/share-small.png\" style=\"border:0px; padding-top:2px; float:left;\" alt=\"Share Button\"\/><\/a><script type=\"text\/javascript\">var hupso_services_c=new Array(\"twitter\",\"facebook_like\",\"google\");var hupso_counters_lang = \"es_LA\";var hupso_image_folder_url = \"\";var hupso_twitter_via=\"crsyvrs\";var hupso_url_c=\"\";<\/script><script type=\"text\/javascript\" src=\"http:\/\/static.hupso.com\/share\/js\/counters.js\"><\/script><!-- Hupso Share Buttons --><\/div><p>La directora y actriz fue elegida por los organizadores por su \u201crenombre internacional\u00bb y luego de que obtuviera un premio es ese mismo festival. La artista libanesa Nadine Labaki presidir\u00e1 el jurado de la secci\u00f3n \u00abUn certain regard\u201d en&#46;&#46;&#46;<\/p>\n<div style=\"padding-bottom:20px; padding-top:10px;\" class=\"hupso-share-buttons\"><!-- Hupso Share Buttons - https:\/\/www.hupso.com\/share\/ --><a class=\"hupso_counters\" href=\"https:\/\/www.hupso.com\/share\/\"><img src=\"http:\/\/static.hupso.com\/share\/buttons\/lang\/es\/share-small.png\" style=\"border:0px; padding-top:2px; float:left;\" alt=\"Share Button\"\/><\/a><script type=\"text\/javascript\">var hupso_services_c=new Array(\"twitter\",\"facebook_like\",\"google\");var hupso_counters_lang = \"es_LA\";var hupso_image_folder_url = \"\";var hupso_twitter_via=\"crsyvrs\";var hupso_url_c=\"\";<\/script><script type=\"text\/javascript\" src=\"http:\/\/static.hupso.com\/share\/js\/counters.js\"><\/script><!-- Hupso Share Buttons --><\/div>","protected":false},"author":5,"featured_media":22586,"comment_status":"open","ping_status":"closed","sticky":false,"template":"","format":"standard","meta":{"footnotes":""},"categories":[4],"tags":[971,9193],"class_list":["post-22585","post","type-post","status-publish","format-standard","has-post-thumbnail","hentry","category-cine","tag-festival-de-cannes","tag-nadine-labaki"],"_links":{"self":[{"href":"http:\/\/cronicasyversiones.com\/index.php?rest_route=\/wp\/v2\/posts\/22585","targetHints":{"allow":["GET"]}}],"collection":[{"href":"http:\/\/cronicasyversiones.com\/index.php?rest_route=\/wp\/v2\/posts"}],"about":[{"href":"http:\/\/cronicasyversiones.com\/index.php?rest_route=\/wp\/v2\/types\/post"}],"author":[{"embeddable":true,"href":"http:\/\/cronicasyversiones.com\/index.php?rest_route=\/wp\/v2\/users\/5"}],"replies":[{"embeddable":true,"href":"http:\/\/cronicasyversiones.com\/index.php?rest_route=%2Fwp%2Fv2%2Fcomments&post=22585"}],"version-history":[{"count":0,"href":"http:\/\/cronicasyversiones.com\/index.php?rest_route=\/wp\/v2\/posts\/22585\/revisions"}],"wp:featuredmedia":[{"embeddable":true,"href":"http:\/\/cronicasyversiones.com\/index.php?rest_route=\/wp\/v2\/media\/22586"}],"wp:attachment":[{"href":"http:\/\/cronicasyversiones.com\/index.php?rest_route=%2Fwp%2Fv2%2Fmedia&parent=22585"}],"wp:term":[{"taxonomy":"category","embeddable":true,"href":"http:\/\/cronicasyversiones.com\/index.php?rest_route=%2Fwp%2Fv2%2Fcategories&post=22585"},{"taxonomy":"post_tag","embeddable":true,"href":"http:\/\/cronicasyversiones.com\/index.php?rest_route=%2Fwp%2Fv2%2Ftags&post=22585"}],"curies":[{"name":"wp","href":"https:\/\/api.w.org\/{rel}","templated":true}]}}