{"id":22616,"date":"2019-03-29T20:26:25","date_gmt":"2019-03-29T23:26:25","guid":{"rendered":"http:\/\/cronicasyversiones.com\/?p=22616"},"modified":"2019-03-29T20:26:25","modified_gmt":"2019-03-29T23:26:25","slug":"rita-segato-judith-butler-y-maria-moreno-en-un-coloquio-sobre-la-memoria","status":"publish","type":"post","link":"http:\/\/cronicasyversiones.com\/?p=22616","title":{"rendered":"Rita Segato, Judith Butler y Mar\u00eda Moreno, en un coloquio sobre la memoria"},"content":{"rendered":"<div style=\"padding-bottom:20px; padding-top:10px;\" class=\"hupso-share-buttons\"><!-- Hupso Share Buttons - https:\/\/www.hupso.com\/share\/ --><a class=\"hupso_counters\" href=\"https:\/\/www.hupso.com\/share\/\"><img decoding=\"async\" src=\"http:\/\/static.hupso.com\/share\/buttons\/lang\/es\/share-small.png\" style=\"border:0px; padding-top:2px; float:left;\" alt=\"Share Button\"\/><\/a><script type=\"text\/javascript\">var hupso_services_c=new Array(\"twitter\",\"facebook_like\",\"google\");var hupso_counters_lang = \"es_LA\";var hupso_image_folder_url = \"\";var hupso_twitter_via=\"crsyvrs\";var hupso_url_c=\"\";<\/script><script type=\"text\/javascript\" src=\"http:\/\/static.hupso.com\/share\/js\/counters.js\"><\/script><!-- Hupso Share Buttons --><\/div><h2>Entre otros invitados especiales, ser\u00e1n parte del coloquio internacional \u00abLa memoria en la encrucijada del presente. El problema de la justicia\u00bb.<\/h2>\n<p><img loading=\"lazy\" decoding=\"async\" class=\"size-full wp-image-22617 aligncenter\" src=\"http:\/\/cronicasyversiones.com\/wp-content\/uploads\/2019\/03\/rita-segato-colectivo-manifiesto-02-61402-800x445.jpg\" alt=\"\" width=\"800\" height=\"445\" srcset=\"http:\/\/cronicasyversiones.com\/wp-content\/uploads\/2019\/03\/rita-segato-colectivo-manifiesto-02-61402-800x445.jpg 800w, http:\/\/cronicasyversiones.com\/wp-content\/uploads\/2019\/03\/rita-segato-colectivo-manifiesto-02-61402-800x445-300x167.jpg 300w, http:\/\/cronicasyversiones.com\/wp-content\/uploads\/2019\/03\/rita-segato-colectivo-manifiesto-02-61402-800x445-768x427.jpg 768w\" sizes=\"auto, (max-width: 800px) 100vw, 800px\" \/><\/p>\n<p>Rita Segato, Judith Butler, Eduardo Gr\u00fcner, Mar\u00eda Moreno, y Diego Tati\u00e1n, entre otras, ser\u00e1n algunos de los protagonistas del coloquio internacional <strong><em>\u00abLa memoria en la encrucijada del presente. El problema de la justicia\u00bb, <\/em><\/strong>que se tendr\u00e1 lugar el 10, 11 y 12 de abril en el Centro Cultural Conti.<\/p>\n<p>El encuentro, organizado por la Universidad de Buenos Aires, el International <strong>Consortium of Critical Theory Programs <\/strong>y el Instituto de <strong>Investigaciones Gino Germani,<\/strong> aborda \u00abla memoria desde una perspectiva cr\u00edtica, en su candente actualidad en diferentes contextos -post-dictaduras, guerras, enfrentamientos, discriminaci\u00f3n, violencias de Estado- y en la diversidad de sus pol\u00edticas, a partir de la articulaci\u00f3n entre verdad, justicia y derechos humanos en tanto pol\u00edtica de Estado\u00bb.<\/p>\n<p>&nbsp;<\/p>\n<p>En las tres jornadas se examinar\u00e1n \u00ablas distintas ret\u00f3ricas y pol\u00edticas del recuerdo, a distinguir, por un lado, las que, en nombre de la reconciliaci\u00f3n, suturan la conflictividad de la memoria insatisfecha y, por el otro, aquellas escenas insumisas -te\u00f3ricas, po\u00e9ticas, est\u00e9ticas- que rastrean lo convulso del pasado desde las part\u00edculas no-integradas de memorias residuales\u00bb.<\/p>\n<p>Para m\u00e1s informaci\u00f3n, los interesados deben completar el siguiente formulario: http:\/\/conti.derhuman.jus.gov.ar\/2019\/04\/coloquio-memoria.php<\/p>\n<div style=\"padding-bottom:20px; padding-top:10px;\" class=\"hupso-share-buttons\"><!-- Hupso Share Buttons - https:\/\/www.hupso.com\/share\/ --><a class=\"hupso_counters\" href=\"https:\/\/www.hupso.com\/share\/\"><img decoding=\"async\" src=\"http:\/\/static.hupso.com\/share\/buttons\/lang\/es\/share-small.png\" style=\"border:0px; padding-top:2px; float:left;\" alt=\"Share Button\"\/><\/a><script type=\"text\/javascript\">var hupso_services_c=new Array(\"twitter\",\"facebook_like\",\"google\");var hupso_counters_lang = \"es_LA\";var hupso_image_folder_url = \"\";var hupso_twitter_via=\"crsyvrs\";var hupso_url_c=\"\";<\/script><script type=\"text\/javascript\" src=\"http:\/\/static.hupso.com\/share\/js\/counters.js\"><\/script><!-- Hupso Share Buttons --><\/div> ","protected":false},"excerpt":{"rendered":"<div style=\"padding-bottom:20px; padding-top:10px;\" class=\"hupso-share-buttons\"><!-- Hupso Share Buttons - https:\/\/www.hupso.com\/share\/ --><a class=\"hupso_counters\" href=\"https:\/\/www.hupso.com\/share\/\"><img src=\"http:\/\/static.hupso.com\/share\/buttons\/lang\/es\/share-small.png\" style=\"border:0px; padding-top:2px; float:left;\" alt=\"Share Button\"\/><\/a><script type=\"text\/javascript\">var hupso_services_c=new Array(\"twitter\",\"facebook_like\",\"google\");var hupso_counters_lang = \"es_LA\";var hupso_image_folder_url = \"\";var hupso_twitter_via=\"crsyvrs\";var hupso_url_c=\"\";<\/script><script type=\"text\/javascript\" src=\"http:\/\/static.hupso.com\/share\/js\/counters.js\"><\/script><!-- Hupso Share Buttons --><\/div><p>Entre otros invitados especiales, ser\u00e1n parte del coloquio internacional \u00abLa memoria en la encrucijada del presente. El problema de la justicia\u00bb. Rita Segato, Judith Butler, Eduardo Gr\u00fcner, Mar\u00eda Moreno, y Diego Tati\u00e1n, entre otras, ser\u00e1n algunos de los protagonistas&#46;&#46;&#46;<\/p>\n<div style=\"padding-bottom:20px; padding-top:10px;\" class=\"hupso-share-buttons\"><!-- Hupso Share Buttons - https:\/\/www.hupso.com\/share\/ --><a class=\"hupso_counters\" href=\"https:\/\/www.hupso.com\/share\/\"><img src=\"http:\/\/static.hupso.com\/share\/buttons\/lang\/es\/share-small.png\" style=\"border:0px; padding-top:2px; float:left;\" alt=\"Share Button\"\/><\/a><script type=\"text\/javascript\">var hupso_services_c=new Array(\"twitter\",\"facebook_like\",\"google\");var hupso_counters_lang = \"es_LA\";var hupso_image_folder_url = \"\";var hupso_twitter_via=\"crsyvrs\";var hupso_url_c=\"\";<\/script><script type=\"text\/javascript\" src=\"http:\/\/static.hupso.com\/share\/js\/counters.js\"><\/script><!-- Hupso Share Buttons --><\/div>","protected":false},"author":5,"featured_media":22617,"comment_status":"open","ping_status":"closed","sticky":false,"template":"","format":"standard","meta":{"footnotes":""},"categories":[9],"tags":[9191],"class_list":["post-22616","post","type-post","status-publish","format-standard","has-post-thumbnail","hentry","category-sociedad","tag-rita-segato"],"_links":{"self":[{"href":"http:\/\/cronicasyversiones.com\/index.php?rest_route=\/wp\/v2\/posts\/22616","targetHints":{"allow":["GET"]}}],"collection":[{"href":"http:\/\/cronicasyversiones.com\/index.php?rest_route=\/wp\/v2\/posts"}],"about":[{"href":"http:\/\/cronicasyversiones.com\/index.php?rest_route=\/wp\/v2\/types\/post"}],"author":[{"embeddable":true,"href":"http:\/\/cronicasyversiones.com\/index.php?rest_route=\/wp\/v2\/users\/5"}],"replies":[{"embeddable":true,"href":"http:\/\/cronicasyversiones.com\/index.php?rest_route=%2Fwp%2Fv2%2Fcomments&post=22616"}],"version-history":[{"count":0,"href":"http:\/\/cronicasyversiones.com\/index.php?rest_route=\/wp\/v2\/posts\/22616\/revisions"}],"wp:featuredmedia":[{"embeddable":true,"href":"http:\/\/cronicasyversiones.com\/index.php?rest_route=\/wp\/v2\/media\/22617"}],"wp:attachment":[{"href":"http:\/\/cronicasyversiones.com\/index.php?rest_route=%2Fwp%2Fv2%2Fmedia&parent=22616"}],"wp:term":[{"taxonomy":"category","embeddable":true,"href":"http:\/\/cronicasyversiones.com\/index.php?rest_route=%2Fwp%2Fv2%2Fcategories&post=22616"},{"taxonomy":"post_tag","embeddable":true,"href":"http:\/\/cronicasyversiones.com\/index.php?rest_route=%2Fwp%2Fv2%2Ftags&post=22616"}],"curies":[{"name":"wp","href":"https:\/\/api.w.org\/{rel}","templated":true}]}}