{"id":22697,"date":"2019-04-12T20:15:30","date_gmt":"2019-04-12T23:15:30","guid":{"rendered":"http:\/\/cronicasyversiones.com\/?p=22697"},"modified":"2019-04-12T20:15:30","modified_gmt":"2019-04-12T23:15:30","slug":"fito-paez-sale-de-gira-por-varios-paises-de-america-latina","status":"publish","type":"post","link":"http:\/\/cronicasyversiones.com\/?p=22697","title":{"rendered":"Fito P\u00e1ez sale de gira por varios pa\u00edses de Am\u00e9rica Latina"},"content":{"rendered":"<div style=\"padding-bottom:20px; padding-top:10px;\" class=\"hupso-share-buttons\"><!-- Hupso Share Buttons - https:\/\/www.hupso.com\/share\/ --><a class=\"hupso_counters\" href=\"https:\/\/www.hupso.com\/share\/\"><img decoding=\"async\" src=\"http:\/\/static.hupso.com\/share\/buttons\/lang\/es\/share-small.png\" style=\"border:0px; padding-top:2px; float:left;\" alt=\"Share Button\"\/><\/a><script type=\"text\/javascript\">var hupso_services_c=new Array(\"twitter\",\"facebook_like\",\"google\");var hupso_counters_lang = \"es_LA\";var hupso_image_folder_url = \"\";var hupso_twitter_via=\"crsyvrs\";var hupso_url_c=\"\";<\/script><script type=\"text\/javascript\" src=\"http:\/\/static.hupso.com\/share\/js\/counters.js\"><\/script><!-- Hupso Share Buttons --><\/div><h2>El m\u00fasico rosarino se presentar\u00e1 su nuevo disco en Per\u00fa, Costa Rica Rep\u00fablica Dominicana, M\u00e9xico, Chile y Ecuador.<\/h2>\n<p><img loading=\"lazy\" decoding=\"async\" class=\"size-full wp-image-22698 aligncenter\" src=\"http:\/\/cronicasyversiones.com\/wp-content\/uploads\/2019\/04\/fito.jpg\" alt=\"\" width=\"853\" height=\"568\" srcset=\"http:\/\/cronicasyversiones.com\/wp-content\/uploads\/2019\/04\/fito.jpg 853w, http:\/\/cronicasyversiones.com\/wp-content\/uploads\/2019\/04\/fito-300x200.jpg 300w, http:\/\/cronicasyversiones.com\/wp-content\/uploads\/2019\/04\/fito-768x511.jpg 768w, http:\/\/cronicasyversiones.com\/wp-content\/uploads\/2019\/04\/fito-480x320.jpg 480w\" sizes=\"auto, (max-width: 853px) 100vw, 853px\" \/><\/p>\n<p><strong>Fito P\u00e1ez<\/strong> arrancar\u00e1 el 24 de abril una gira de dos meses de dos meses lo llevar\u00e1 a los escenarios de <strong>Per\u00fa, Costa Rica Rep\u00fablica Dominicana, M\u00e9xico, Chile y Ecuador.<\/strong><\/p>\n<p>El m\u00fasico rosarino iniciar\u00e1 su recorrido en Trujillo, Per\u00fa; continuar\u00e1 el 26 y el 27 de este mes por Lima; el 1 de mayo seguir\u00e1 por San Jos\u00e9 de Costa Rica y el 3 se presentar\u00e1 en Rep\u00fablica Dominicana.<\/p>\n<p>Despu\u00e9s, la gira se trasladar\u00e1 a M\u00e9xico, en donde el 7 de mayo actuar\u00e1 en Guadalajara; el 9 en el Distrito Federal, el 11 en Monterrey, el 12 en Quer\u00e9taro y el 24 en Caupolic\u00e1n.<\/p>\n<p>Finalmente, el 25 de mayo ser\u00e1 el turno de Santiago de Chile y cerrar\u00e1 el 29 de junio en Guayaquil, Ecuador.<\/p>\n<p>En sus conciertos, Fito P\u00e1ez mostrar\u00e1 el material se su \u00faltimo disco,<em><strong> \u00abLa ciudad liberada\u00bb<\/strong><\/em>, editado a fines de 2017, y repasar\u00e1 los cl\u00e1sicos de sus m\u00e1s de 35 a\u00f1os de carrera.<\/p>\n<p>El rosarino viene de presentarse por primera vez en el festival <strong>Lollapalooza,<\/strong> que se realiz\u00f3 en el Hip\u00f3dromo de San Isidro.<\/p>\n<p><em><strong>LEA TAMBI\u00c9N:<\/strong> <\/em><\/p>\n<div class=\"video-container\">\n<blockquote class=\"wp-embedded-content\" data-secret=\"VNVjiYM7dL\"><p><a href=\"https:\/\/cronicasyversiones.com\/?p=22669\">Andr\u00e9s Calamaro comienza su gira nacional en C\u00f3rdoba<\/a><\/p><\/blockquote>\n<p><iframe loading=\"lazy\" class=\"wp-embedded-content\" sandbox=\"allow-scripts\" security=\"restricted\" style=\"position: absolute; clip: rect(1px, 1px, 1px, 1px);\" title=\"\u00abAndr\u00e9s Calamaro comienza su gira nacional en C\u00f3rdoba\u00bb \u2014    \" src=\"https:\/\/cronicasyversiones.com\/?p=22669&#038;embed=true#?secret=dSwpxDRYq2#?secret=VNVjiYM7dL\" data-secret=\"VNVjiYM7dL\" width=\"600\" height=\"338\" frameborder=\"0\" marginwidth=\"0\" marginheight=\"0\" scrolling=\"no\"><\/iframe><\/div>\n<p>Luego de acompa\u00f1ar a <strong>Juan Carlos Baglietto<\/strong> en la llegada de <strong>Trova Rosarina<\/strong> a Buenos Aires, Fito P\u00e1ez integr\u00f3 la banda de Charly Garc\u00eda en tiempos del disco <em><strong>\u201cPiano Bar\u201d,<\/strong><\/em> de 1984, con apenas 21 a\u00f1os.<\/p>\n<p>Desde su debut discogr\u00e1fico en 1984 con el \u00e1lbum <em><strong>\u201cDel 63\u201d<\/strong><\/em> y su pronta consagraci\u00f3n <em><strong>\u201cGiros\u201d,<\/strong><\/em> uno de sus mejores \u00e1lbumes, el rosarino edit\u00f3 m\u00e1s de 20 discos de estudio y cuatro en vivo.<\/p>\n<p>Adem\u00e1s de su exitosa carrera musical, P\u00e1ez es cineasta, guionista y director de dos pel\u00edculas (\u201cVidas privadas\u201d y \u201cDe qui\u00e9n es el portaligas\u201d) y escribi\u00f3 tres libros: \u201cLa puta diabla\u201d, \u201cDiario de viaje\u201d y \u201cLos d\u00edas de Kirchner\u201d.<\/p>\n<div style=\"padding-bottom:20px; padding-top:10px;\" class=\"hupso-share-buttons\"><!-- Hupso Share Buttons - https:\/\/www.hupso.com\/share\/ --><a class=\"hupso_counters\" href=\"https:\/\/www.hupso.com\/share\/\"><img decoding=\"async\" src=\"http:\/\/static.hupso.com\/share\/buttons\/lang\/es\/share-small.png\" style=\"border:0px; padding-top:2px; float:left;\" alt=\"Share Button\"\/><\/a><script type=\"text\/javascript\">var hupso_services_c=new Array(\"twitter\",\"facebook_like\",\"google\");var hupso_counters_lang = \"es_LA\";var hupso_image_folder_url = \"\";var hupso_twitter_via=\"crsyvrs\";var hupso_url_c=\"\";<\/script><script type=\"text\/javascript\" src=\"http:\/\/static.hupso.com\/share\/js\/counters.js\"><\/script><!-- Hupso Share Buttons --><\/div> ","protected":false},"excerpt":{"rendered":"<div style=\"padding-bottom:20px; padding-top:10px;\" class=\"hupso-share-buttons\"><!-- Hupso Share Buttons - https:\/\/www.hupso.com\/share\/ --><a class=\"hupso_counters\" href=\"https:\/\/www.hupso.com\/share\/\"><img src=\"http:\/\/static.hupso.com\/share\/buttons\/lang\/es\/share-small.png\" style=\"border:0px; padding-top:2px; float:left;\" alt=\"Share Button\"\/><\/a><script type=\"text\/javascript\">var hupso_services_c=new Array(\"twitter\",\"facebook_like\",\"google\");var hupso_counters_lang = \"es_LA\";var hupso_image_folder_url = \"\";var hupso_twitter_via=\"crsyvrs\";var hupso_url_c=\"\";<\/script><script type=\"text\/javascript\" src=\"http:\/\/static.hupso.com\/share\/js\/counters.js\"><\/script><!-- Hupso Share Buttons --><\/div><p>El m\u00fasico rosarino se presentar\u00e1 su nuevo disco en Per\u00fa, Costa Rica Rep\u00fablica Dominicana, M\u00e9xico, Chile y Ecuador. Fito P\u00e1ez arrancar\u00e1 el 24 de abril una gira de dos meses de dos meses lo llevar\u00e1 a los escenarios de&#46;&#46;&#46;<\/p>\n<div style=\"padding-bottom:20px; padding-top:10px;\" class=\"hupso-share-buttons\"><!-- Hupso Share Buttons - https:\/\/www.hupso.com\/share\/ --><a class=\"hupso_counters\" href=\"https:\/\/www.hupso.com\/share\/\"><img src=\"http:\/\/static.hupso.com\/share\/buttons\/lang\/es\/share-small.png\" style=\"border:0px; padding-top:2px; float:left;\" alt=\"Share Button\"\/><\/a><script type=\"text\/javascript\">var hupso_services_c=new Array(\"twitter\",\"facebook_like\",\"google\");var hupso_counters_lang = \"es_LA\";var hupso_image_folder_url = \"\";var hupso_twitter_via=\"crsyvrs\";var hupso_url_c=\"\";<\/script><script type=\"text\/javascript\" src=\"http:\/\/static.hupso.com\/share\/js\/counters.js\"><\/script><!-- Hupso Share Buttons --><\/div>","protected":false},"author":5,"featured_media":22698,"comment_status":"open","ping_status":"closed","sticky":false,"template":"","format":"standard","meta":{"footnotes":""},"categories":[3],"tags":[13],"class_list":["post-22697","post","type-post","status-publish","format-standard","has-post-thumbnail","hentry","category-musica","tag-fito-paez"],"_links":{"self":[{"href":"http:\/\/cronicasyversiones.com\/index.php?rest_route=\/wp\/v2\/posts\/22697","targetHints":{"allow":["GET"]}}],"collection":[{"href":"http:\/\/cronicasyversiones.com\/index.php?rest_route=\/wp\/v2\/posts"}],"about":[{"href":"http:\/\/cronicasyversiones.com\/index.php?rest_route=\/wp\/v2\/types\/post"}],"author":[{"embeddable":true,"href":"http:\/\/cronicasyversiones.com\/index.php?rest_route=\/wp\/v2\/users\/5"}],"replies":[{"embeddable":true,"href":"http:\/\/cronicasyversiones.com\/index.php?rest_route=%2Fwp%2Fv2%2Fcomments&post=22697"}],"version-history":[{"count":0,"href":"http:\/\/cronicasyversiones.com\/index.php?rest_route=\/wp\/v2\/posts\/22697\/revisions"}],"wp:featuredmedia":[{"embeddable":true,"href":"http:\/\/cronicasyversiones.com\/index.php?rest_route=\/wp\/v2\/media\/22698"}],"wp:attachment":[{"href":"http:\/\/cronicasyversiones.com\/index.php?rest_route=%2Fwp%2Fv2%2Fmedia&parent=22697"}],"wp:term":[{"taxonomy":"category","embeddable":true,"href":"http:\/\/cronicasyversiones.com\/index.php?rest_route=%2Fwp%2Fv2%2Fcategories&post=22697"},{"taxonomy":"post_tag","embeddable":true,"href":"http:\/\/cronicasyversiones.com\/index.php?rest_route=%2Fwp%2Fv2%2Ftags&post=22697"}],"curies":[{"name":"wp","href":"https:\/\/api.w.org\/{rel}","templated":true}]}}