{"id":22716,"date":"2019-04-08T19:00:21","date_gmt":"2019-04-08T22:00:21","guid":{"rendered":"http:\/\/cronicasyversiones.com\/?p=22716"},"modified":"2019-04-08T22:02:52","modified_gmt":"2019-04-09T01:02:52","slug":"llega-el-festival-itinerante-de-teatro-latinoamericano","status":"publish","type":"post","link":"http:\/\/cronicasyversiones.com\/?p=22716","title":{"rendered":"Llega el Festival Itinerante de Teatro Latinoamericano"},"content":{"rendered":"<div style=\"padding-bottom:20px; padding-top:10px;\" class=\"hupso-share-buttons\"><!-- Hupso Share Buttons - https:\/\/www.hupso.com\/share\/ --><a class=\"hupso_counters\" href=\"https:\/\/www.hupso.com\/share\/\"><img decoding=\"async\" src=\"http:\/\/static.hupso.com\/share\/buttons\/lang\/es\/share-small.png\" style=\"border:0px; padding-top:2px; float:left;\" alt=\"Share Button\"\/><\/a><script type=\"text\/javascript\">var hupso_services_c=new Array(\"twitter\",\"facebook_like\",\"google\");var hupso_counters_lang = \"es_LA\";var hupso_image_folder_url = \"\";var hupso_twitter_via=\"crsyvrs\";var hupso_url_c=\"\";<\/script><script type=\"text\/javascript\" src=\"http:\/\/static.hupso.com\/share\/js\/counters.js\"><\/script><!-- Hupso Share Buttons --><\/div><h2>El encuentro, que contar\u00e1 con 36 funciones, \u00a0promueve el intercambio art\u00edstico, social, cultural y pedag\u00f3gico entre artistas latinoamericanos.<\/h2>\n<p><img loading=\"lazy\" decoding=\"async\" class=\"size-full wp-image-22718 aligncenter\" src=\"http:\/\/cronicasyversiones.com\/wp-content\/uploads\/2019\/04\/teatro.jpg\" alt=\"\" width=\"750\" height=\"573\" srcset=\"http:\/\/cronicasyversiones.com\/wp-content\/uploads\/2019\/04\/teatro.jpg 750w, http:\/\/cronicasyversiones.com\/wp-content\/uploads\/2019\/04\/teatro-300x229.jpg 300w\" sizes=\"auto, (max-width: 750px) 100vw, 750px\" \/><\/p>\n<p>&nbsp;<\/p>\n<p><strong>El FITLA- Festival Itinerante de Teatro Latinoamericano \u00c2mbar<\/strong> es un evento bienal e itinerante que tiene la intenci\u00f3n de promover el intercambio art\u00edstico, social, cultural y pedag\u00f3gico entre artistas latinoamericanos y la comunidad local del pa\u00eds anfitri\u00f3n.<\/p>\n<p>El FITLA es organizado por el Colectivo \u00c2mbar- Red de artistas y promotores esc\u00e9nicos latinoamericanos (https:\/\/colectivoambarla.wixsite.com\/colectivoambar), y sus anteriores ediciones tuvieron lugar en San Jos\u00e9 de Costa Rica (2013), Salvador de Bah\u00eda- Brasil (2015) y Lima- Per\u00fa (2017), con el apoyo de los respectivos municipios y de reconocidos organismos internacionales como el <strong>Fondo para las Artes IBERESCENA.<\/strong><\/p>\n<p>Su cuarta edici\u00f3n tendr\u00e1 lugar del 10 al 21 de abril de 2019 en la Ciudad de Buenos Aires, con especial presencia en el Conurbano, como en la sala Banfield Teatro Ensamble, aportando de esta manera a la descentralizaci\u00f3n de la actividad art\u00edstica y la democratizaci\u00f3n del acceso a la cultura.<\/p>\n<p><img loading=\"lazy\" decoding=\"async\" class=\"alignleft size-full wp-image-22717\" src=\"http:\/\/cronicasyversiones.com\/wp-content\/uploads\/2019\/04\/teatro-e.jpg\" alt=\"\" width=\"544\" height=\"360\" srcset=\"http:\/\/cronicasyversiones.com\/wp-content\/uploads\/2019\/04\/teatro-e.jpg 544w, http:\/\/cronicasyversiones.com\/wp-content\/uploads\/2019\/04\/teatro-e-300x199.jpg 300w\" sizes=\"auto, (max-width: 544px) 100vw, 544px\" \/>Durante 12 d\u00edas se realizar\u00e1n 36 funciones de teatro y m\u00fasica, y un <strong>Encuentro Pedag\u00f3gico<\/strong> con talleres y charlas, tanto para artistas como para p\u00fablico general.<\/p>\n<p>Con la presencia de 45 artistas provenientes de <strong>Bolivia, Brasil, Canad\u00e1, Chile, Colombia, Costa Rica, Cuba, Ecuador, Espa\u00f1a, M\u00e9xico y Per\u00fa<\/strong>, adem\u00e1s de los artistas nacionales, tanto reconocidos como emergentes. Entre las compa\u00f1\u00edas internacionales invitadas se destaca, por su gran trayectoria y reconocimiento, el grupo Teatro de los Andes, de Sucre, Bolivia.<\/p>\n<p>El festival es de car\u00e1cter inclusivo y promueve la democratizaci\u00f3n del acceso a la cultura: la programaci\u00f3n ser\u00e1 accesible a toda la comunidad, con m\u00e1s del 50% de las actividades con entrada libre y gratuita.<\/p>\n<p>Adem\u00e1s, desde su \u00c1rea Social y Comunitaria el FITLA Argentina 2019 programar\u00e1 una serie de actividades en barrios de bajos recursos y escuelas p\u00fablicas, en asociaci\u00f3n con la organizaci\u00f3n Fundaci\u00f3n Crear Vale la Pena<\/p>\n<p><strong>La programaci\u00f3n completa se puede encontrar en https:\/\/www.festivalfitla.com\/programacion<\/strong><\/p>\n<p>&nbsp;<\/p>\n<div style=\"padding-bottom:20px; padding-top:10px;\" class=\"hupso-share-buttons\"><!-- Hupso Share Buttons - https:\/\/www.hupso.com\/share\/ --><a class=\"hupso_counters\" href=\"https:\/\/www.hupso.com\/share\/\"><img decoding=\"async\" src=\"http:\/\/static.hupso.com\/share\/buttons\/lang\/es\/share-small.png\" style=\"border:0px; padding-top:2px; float:left;\" alt=\"Share Button\"\/><\/a><script type=\"text\/javascript\">var hupso_services_c=new Array(\"twitter\",\"facebook_like\",\"google\");var hupso_counters_lang = \"es_LA\";var hupso_image_folder_url = \"\";var hupso_twitter_via=\"crsyvrs\";var hupso_url_c=\"\";<\/script><script type=\"text\/javascript\" src=\"http:\/\/static.hupso.com\/share\/js\/counters.js\"><\/script><!-- Hupso Share Buttons --><\/div> ","protected":false},"excerpt":{"rendered":"<div style=\"padding-bottom:20px; padding-top:10px;\" class=\"hupso-share-buttons\"><!-- Hupso Share Buttons - https:\/\/www.hupso.com\/share\/ --><a class=\"hupso_counters\" href=\"https:\/\/www.hupso.com\/share\/\"><img src=\"http:\/\/static.hupso.com\/share\/buttons\/lang\/es\/share-small.png\" style=\"border:0px; padding-top:2px; float:left;\" alt=\"Share Button\"\/><\/a><script type=\"text\/javascript\">var hupso_services_c=new Array(\"twitter\",\"facebook_like\",\"google\");var hupso_counters_lang = \"es_LA\";var hupso_image_folder_url = \"\";var hupso_twitter_via=\"crsyvrs\";var hupso_url_c=\"\";<\/script><script type=\"text\/javascript\" src=\"http:\/\/static.hupso.com\/share\/js\/counters.js\"><\/script><!-- Hupso Share Buttons --><\/div><p>El encuentro, que contar\u00e1 con 36 funciones, \u00a0promueve el intercambio art\u00edstico, social, cultural y pedag\u00f3gico entre artistas latinoamericanos. &nbsp; El FITLA- Festival Itinerante de Teatro Latinoamericano \u00c2mbar es un evento bienal e itinerante que tiene la intenci\u00f3n de promover&#46;&#46;&#46;<\/p>\n<div style=\"padding-bottom:20px; padding-top:10px;\" class=\"hupso-share-buttons\"><!-- Hupso Share Buttons - https:\/\/www.hupso.com\/share\/ --><a class=\"hupso_counters\" href=\"https:\/\/www.hupso.com\/share\/\"><img src=\"http:\/\/static.hupso.com\/share\/buttons\/lang\/es\/share-small.png\" style=\"border:0px; padding-top:2px; float:left;\" alt=\"Share Button\"\/><\/a><script type=\"text\/javascript\">var hupso_services_c=new Array(\"twitter\",\"facebook_like\",\"google\");var hupso_counters_lang = \"es_LA\";var hupso_image_folder_url = \"\";var hupso_twitter_via=\"crsyvrs\";var hupso_url_c=\"\";<\/script><script type=\"text\/javascript\" src=\"http:\/\/static.hupso.com\/share\/js\/counters.js\"><\/script><!-- Hupso Share Buttons --><\/div>","protected":false},"author":5,"featured_media":22718,"comment_status":"open","ping_status":"closed","sticky":false,"template":"","format":"standard","meta":{"footnotes":""},"categories":[5],"tags":[],"class_list":["post-22716","post","type-post","status-publish","format-standard","has-post-thumbnail","hentry","category-teatro"],"_links":{"self":[{"href":"http:\/\/cronicasyversiones.com\/index.php?rest_route=\/wp\/v2\/posts\/22716","targetHints":{"allow":["GET"]}}],"collection":[{"href":"http:\/\/cronicasyversiones.com\/index.php?rest_route=\/wp\/v2\/posts"}],"about":[{"href":"http:\/\/cronicasyversiones.com\/index.php?rest_route=\/wp\/v2\/types\/post"}],"author":[{"embeddable":true,"href":"http:\/\/cronicasyversiones.com\/index.php?rest_route=\/wp\/v2\/users\/5"}],"replies":[{"embeddable":true,"href":"http:\/\/cronicasyversiones.com\/index.php?rest_route=%2Fwp%2Fv2%2Fcomments&post=22716"}],"version-history":[{"count":0,"href":"http:\/\/cronicasyversiones.com\/index.php?rest_route=\/wp\/v2\/posts\/22716\/revisions"}],"wp:featuredmedia":[{"embeddable":true,"href":"http:\/\/cronicasyversiones.com\/index.php?rest_route=\/wp\/v2\/media\/22718"}],"wp:attachment":[{"href":"http:\/\/cronicasyversiones.com\/index.php?rest_route=%2Fwp%2Fv2%2Fmedia&parent=22716"}],"wp:term":[{"taxonomy":"category","embeddable":true,"href":"http:\/\/cronicasyversiones.com\/index.php?rest_route=%2Fwp%2Fv2%2Fcategories&post=22716"},{"taxonomy":"post_tag","embeddable":true,"href":"http:\/\/cronicasyversiones.com\/index.php?rest_route=%2Fwp%2Fv2%2Ftags&post=22716"}],"curies":[{"name":"wp","href":"https:\/\/api.w.org\/{rel}","templated":true}]}}