{"id":22779,"date":"2019-04-15T19:11:26","date_gmt":"2019-04-15T22:11:26","guid":{"rendered":"http:\/\/cronicasyversiones.com\/?p=22779"},"modified":"2019-04-15T19:11:26","modified_gmt":"2019-04-15T22:11:26","slug":"lo-quiero-ya-arranca-su-tercera-temporada","status":"publish","type":"post","link":"http:\/\/cronicasyversiones.com\/?p=22779","title":{"rendered":"\u201cLo quiero ya\u201d arranca su tercera temporada"},"content":{"rendered":"<div style=\"padding-bottom:20px; padding-top:10px;\" class=\"hupso-share-buttons\"><!-- Hupso Share Buttons - https:\/\/www.hupso.com\/share\/ --><a class=\"hupso_counters\" href=\"https:\/\/www.hupso.com\/share\/\"><img decoding=\"async\" src=\"http:\/\/static.hupso.com\/share\/buttons\/lang\/es\/share-small.png\" style=\"border:0px; padding-top:2px; float:left;\" alt=\"Share Button\"\/><\/a><script type=\"text\/javascript\">var hupso_services_c=new Array(\"twitter\",\"facebook_like\",\"google\");var hupso_counters_lang = \"es_LA\";var hupso_image_folder_url = \"\";var hupso_twitter_via=\"crsyvrs\";var hupso_url_c=\"\";<\/script><script type=\"text\/javascript\" src=\"http:\/\/static.hupso.com\/share\/js\/counters.js\"><\/script><!-- Hupso Share Buttons --><\/div><h2>El musical, con direcci\u00f3n de Marcelo Caballero,\u00a0 trata acerca de la ansiedad y de la velocidad en la que se vive en la actualidad.<\/h2>\n<p><img loading=\"lazy\" decoding=\"async\" class=\"size-full wp-image-22780 aligncenter\" src=\"http:\/\/cronicasyversiones.com\/wp-content\/uploads\/2019\/04\/loquieroya.jpg\" alt=\"\" width=\"750\" height=\"446\" srcset=\"http:\/\/cronicasyversiones.com\/wp-content\/uploads\/2019\/04\/loquieroya.jpg 750w, http:\/\/cronicasyversiones.com\/wp-content\/uploads\/2019\/04\/loquieroya-300x178.jpg 300w\" sizes=\"auto, (max-width: 750px) 100vw, 750px\" \/><\/p>\n<p>El musical <strong><em>\u201cLo quiero ya\u201d, <\/em><\/strong>con direcci\u00f3n de <strong>Marcelo Caballero<\/strong>, \u00a0vuelve a escena en su tercera temporada, a partir del domingo 28 de abril, en el<strong> Galp\u00f3n de Guevara<\/strong>, el local ubicado en Guevara 326.<\/p>\n<p>Se trata de una comedia que <strong>trata acerca de la ansiedad y de la velocidad en la que se vive<\/strong> en la actualidad. Vivir en una gran ciudad y querer triunfar siendo parte de ella. C\u00f3mo es un d\u00eda en la vida de once personas que tienen una aplicaci\u00f3n en su celular que los conecta con un asistente personal las 24 horas.<\/p>\n<p>\u00c9l los ordena, los aconseja y los gu\u00eda para alcanzar sus metas. Una comedia ansiosa a ritmo musical que invita al espectador a encontrarse cara cara con la vertiginosa vida moderna. Cualquier similitud con la realidad no es pura coincidencia.<\/p>\n<p><strong>Suena el despertador y empieza la vor\u00e1gine.<\/strong> Poderlo todo, estar, ser parte, llegar y alcanzar el \u00e9xito son algunos de los fugaces pensamientos que sobrevuelan la cabeza de estas personas en sus vidas de agenda llena. Todos tienen algo en com\u00fan: la aplicaci\u00f3n que los gu\u00eda para que eso suceda.<\/p>\n<p><em><strong>LEA TAMBI\u00c9N:<\/strong> <\/em><\/p>\n<div class=\"video-container\">\n<blockquote class=\"wp-embedded-content\" data-secret=\"CAT4UWDDmJ\"><p><a href=\"https:\/\/cronicasyversiones.com\/?p=22683\">\u00abComo los unicornios\u201d, de Blas Arrese Igor, aborda la sensibilidad en lo masculino<\/a><\/p><\/blockquote>\n<p><iframe loading=\"lazy\" class=\"wp-embedded-content\" sandbox=\"allow-scripts\" security=\"restricted\" style=\"position: absolute; clip: rect(1px, 1px, 1px, 1px);\" title=\"\u00ab\u00abComo los unicornios\u201d, de Blas Arrese Igor, aborda la sensibilidad en lo masculino\u00bb \u2014    \" src=\"https:\/\/cronicasyversiones.com\/?p=22683&#038;embed=true#?secret=DBwxr8Wblt#?secret=CAT4UWDDmJ\" data-secret=\"CAT4UWDDmJ\" width=\"600\" height=\"338\" frameborder=\"0\" marginwidth=\"0\" marginheight=\"0\" scrolling=\"no\"><\/iframe><\/div>\n<p><strong>\u201cLo quiero ya\u201d<\/strong> tiene libro de Mart\u00edn Goldber y Marcelo Caballero, m\u00fasica y letras de Juan Pablo Schapira, coreograf\u00edas de Marina Paiz y producci\u00f3n original de Lucien Gilabert y Nahuel Quimey.<\/p>\n<p>El elenco lo completan Andres Passeri, Karina Barda, Victoria C\u00e1ceres, Victoria Condomi, Federico Fedele, Macarena Forrester, Lucien Gilabert, Lala Rossi, Julieta Rapetta, Juan Pablo Schapira, Nahuel Quimey y Nacho Zabala, y los bailarines de swing Alejo Antonelli y Estefi Alati<\/p>\n<p>La banda en vivo la integran Franco de Paoli en bater\u00eda, Pablo Barone en bajo y Gabriel Mathus en guitarra.<\/p>\n<p>En el 2018 fueron nominados a cinco categor\u00edas de\u00a0 los Premios Hugo (revelaci\u00f3n Femenina Lucien Gilabert, libro original Marcelo Caballero\/Mart\u00edn Goldber, letras de musical argentino Juan Pablo Schapira, coreograf\u00edas Marina Paiz, y m\u00fasica Juan Pablo Schapira) y ganaron tanto a la mejor direcci\u00f3n general (Marcelo Caballero) como tambi\u00e9n al mejor musical del Off.<\/p>\n<div style=\"padding-bottom:20px; padding-top:10px;\" class=\"hupso-share-buttons\"><!-- Hupso Share Buttons - https:\/\/www.hupso.com\/share\/ --><a class=\"hupso_counters\" href=\"https:\/\/www.hupso.com\/share\/\"><img decoding=\"async\" src=\"http:\/\/static.hupso.com\/share\/buttons\/lang\/es\/share-small.png\" style=\"border:0px; padding-top:2px; float:left;\" alt=\"Share Button\"\/><\/a><script type=\"text\/javascript\">var hupso_services_c=new Array(\"twitter\",\"facebook_like\",\"google\");var hupso_counters_lang = \"es_LA\";var hupso_image_folder_url = \"\";var hupso_twitter_via=\"crsyvrs\";var hupso_url_c=\"\";<\/script><script type=\"text\/javascript\" src=\"http:\/\/static.hupso.com\/share\/js\/counters.js\"><\/script><!-- Hupso Share Buttons --><\/div> ","protected":false},"excerpt":{"rendered":"<div style=\"padding-bottom:20px; padding-top:10px;\" class=\"hupso-share-buttons\"><!-- Hupso Share Buttons - https:\/\/www.hupso.com\/share\/ --><a class=\"hupso_counters\" href=\"https:\/\/www.hupso.com\/share\/\"><img src=\"http:\/\/static.hupso.com\/share\/buttons\/lang\/es\/share-small.png\" style=\"border:0px; padding-top:2px; float:left;\" alt=\"Share Button\"\/><\/a><script type=\"text\/javascript\">var hupso_services_c=new Array(\"twitter\",\"facebook_like\",\"google\");var hupso_counters_lang = \"es_LA\";var hupso_image_folder_url = \"\";var hupso_twitter_via=\"crsyvrs\";var hupso_url_c=\"\";<\/script><script type=\"text\/javascript\" src=\"http:\/\/static.hupso.com\/share\/js\/counters.js\"><\/script><!-- Hupso Share Buttons --><\/div><p>El musical, con direcci\u00f3n de Marcelo Caballero,\u00a0 trata acerca de la ansiedad y de la velocidad en la que se vive en la actualidad. El musical \u201cLo quiero ya\u201d, con direcci\u00f3n de Marcelo Caballero, \u00a0vuelve a escena en su&#46;&#46;&#46;<\/p>\n<div style=\"padding-bottom:20px; padding-top:10px;\" class=\"hupso-share-buttons\"><!-- Hupso Share Buttons - https:\/\/www.hupso.com\/share\/ --><a class=\"hupso_counters\" href=\"https:\/\/www.hupso.com\/share\/\"><img src=\"http:\/\/static.hupso.com\/share\/buttons\/lang\/es\/share-small.png\" style=\"border:0px; padding-top:2px; float:left;\" alt=\"Share Button\"\/><\/a><script type=\"text\/javascript\">var hupso_services_c=new Array(\"twitter\",\"facebook_like\",\"google\");var hupso_counters_lang = \"es_LA\";var hupso_image_folder_url = \"\";var hupso_twitter_via=\"crsyvrs\";var hupso_url_c=\"\";<\/script><script type=\"text\/javascript\" src=\"http:\/\/static.hupso.com\/share\/js\/counters.js\"><\/script><!-- Hupso Share Buttons --><\/div>","protected":false},"author":5,"featured_media":22780,"comment_status":"open","ping_status":"closed","sticky":false,"template":"","format":"standard","meta":{"footnotes":""},"categories":[5],"tags":[4422,7523],"class_list":["post-22779","post","type-post","status-publish","format-standard","has-post-thumbnail","hentry","category-teatro","tag-el-galpon-de-guevara","tag-musicales"],"_links":{"self":[{"href":"http:\/\/cronicasyversiones.com\/index.php?rest_route=\/wp\/v2\/posts\/22779","targetHints":{"allow":["GET"]}}],"collection":[{"href":"http:\/\/cronicasyversiones.com\/index.php?rest_route=\/wp\/v2\/posts"}],"about":[{"href":"http:\/\/cronicasyversiones.com\/index.php?rest_route=\/wp\/v2\/types\/post"}],"author":[{"embeddable":true,"href":"http:\/\/cronicasyversiones.com\/index.php?rest_route=\/wp\/v2\/users\/5"}],"replies":[{"embeddable":true,"href":"http:\/\/cronicasyversiones.com\/index.php?rest_route=%2Fwp%2Fv2%2Fcomments&post=22779"}],"version-history":[{"count":0,"href":"http:\/\/cronicasyversiones.com\/index.php?rest_route=\/wp\/v2\/posts\/22779\/revisions"}],"wp:featuredmedia":[{"embeddable":true,"href":"http:\/\/cronicasyversiones.com\/index.php?rest_route=\/wp\/v2\/media\/22780"}],"wp:attachment":[{"href":"http:\/\/cronicasyversiones.com\/index.php?rest_route=%2Fwp%2Fv2%2Fmedia&parent=22779"}],"wp:term":[{"taxonomy":"category","embeddable":true,"href":"http:\/\/cronicasyversiones.com\/index.php?rest_route=%2Fwp%2Fv2%2Fcategories&post=22779"},{"taxonomy":"post_tag","embeddable":true,"href":"http:\/\/cronicasyversiones.com\/index.php?rest_route=%2Fwp%2Fv2%2Ftags&post=22779"}],"curies":[{"name":"wp","href":"https:\/\/api.w.org\/{rel}","templated":true}]}}