{"id":2282,"date":"2014-06-06T12:52:32","date_gmt":"2014-06-06T15:52:32","guid":{"rendered":"http:\/\/cronicasyversiones.com\/?p=2282"},"modified":"2014-06-06T12:53:11","modified_gmt":"2014-06-06T15:53:11","slug":"tormenta-en-la-ciudad-el-nuevo-video-de-particulares","status":"publish","type":"post","link":"http:\/\/cronicasyversiones.com\/?p=2282","title":{"rendered":"\u201cTormenta en la ciudad\u201d, el nuevo video de Particulares"},"content":{"rendered":"<div style=\"padding-bottom:20px; padding-top:10px;\" class=\"hupso-share-buttons\"><!-- Hupso Share Buttons - https:\/\/www.hupso.com\/share\/ --><a class=\"hupso_counters\" href=\"https:\/\/www.hupso.com\/share\/\"><img decoding=\"async\" src=\"http:\/\/static.hupso.com\/share\/buttons\/lang\/es\/share-small.png\" style=\"border:0px; padding-top:2px; float:left;\" alt=\"Share Button\"\/><\/a><script type=\"text\/javascript\">var hupso_services_c=new Array(\"twitter\",\"facebook_like\",\"google\");var hupso_counters_lang = \"es_LA\";var hupso_image_folder_url = \"\";var hupso_twitter_via=\"crsyvrs\";var hupso_url_c=\"\";<\/script><script type=\"text\/javascript\" src=\"http:\/\/static.hupso.com\/share\/js\/counters.js\"><\/script><!-- Hupso Share Buttons --><\/div><h2 style=\"text-align: justify;\">La banda de Pepe Curioni, m\u00fasico argentino radicado en Espa\u00f1a, estren\u00f3 el segundo corte de \u201cTiempos modernos\u201d, el segundo disco del grupo.<\/h2>\n<p style=\"text-align: justify;\"><a href=\"http:\/\/cronicasyversiones.com\/wp-content\/uploads\/2014\/06\/pe.jpg\"><img loading=\"lazy\" decoding=\"async\" class=\"size-full wp-image-2283 aligncenter\" src=\"http:\/\/cronicasyversiones.com\/wp-content\/uploads\/2014\/06\/pe.jpg\" alt=\"pe\" width=\"637\" height=\"348\" srcset=\"http:\/\/cronicasyversiones.com\/wp-content\/uploads\/2014\/06\/pe.jpg 637w, http:\/\/cronicasyversiones.com\/wp-content\/uploads\/2014\/06\/pe-300x163.jpg 300w\" sizes=\"auto, (max-width: 637px) 100vw, 637px\" \/><\/a><strong>Particulares<\/strong> estrena el video de <strong>\u201cTormenta en la ciudad\u201d<\/strong>, el nuevo corte de <em><strong>\u201cTiempos mejores\u201d<\/strong><\/em>, el segundo disco de la banda liderada por <strong>Pepe Curioni.<\/strong><\/p>\n<p style=\"text-align: justify;\">Este segundo \u00e1lbum, el cantautor argentino (a cargo del bajo y la primera voz en la banda), est\u00e1 acompa\u00f1ado por <strong>Axel Riquelme<\/strong> en bater\u00eda y <strong>Toni Brunet<\/strong> en guitarras, a los que se le suman varios m\u00fasicos invitados.<\/p>\n<p style=\"text-align: justify;\">El sonido mantiene una impronta rioplatense con varios giros del lunfardo en las letras que se funden con los inevitables modismos castizos adquirido spor Curioni durante trece a\u00f1os en Espa\u00f1a. Los distintos tracks saben a pop rock que fluyen armoniosamente con aires folk y melod\u00edas cercanas al sello Beatles.<\/p>\n<p style=\"text-align: justify;\">\u201cTormenta en la ciudad\u201d, el segundo single del \u00e1lbum \u00abTiempos mejores\u00bb cuenta con la colaboraci\u00f3n de Sergio Fern\u00e1ndez \u00abEl Monaguillo\u00bb y Lola Plazas. El clip fue dirigido por Juan Manuel Gil y Paula Umburanas, el arte de Kamila Russo y la c\u00e1mara de Guillermo S\u00e1nchez. La producci\u00f3n central del video corri\u00f3 por cuenta de Estaci\u00f3n Central.<\/p>\n<p><object width=\"560\" height=\"315\"><param name=\"movie\" value=\"\/\/www.youtube.com\/v\/kkLxxhdfP40?version=3&amp;hl=es_MX\"><\/param><param name=\"allowFullScreen\" value=\"true\"><\/param><param name=\"allowscriptaccess\" value=\"always\"><\/param><embed src=\"\/\/www.youtube.com\/v\/kkLxxhdfP40?version=3&amp;hl=es_MX\" type=\"application\/x-shockwave-flash\" width=\"560\" height=\"315\" allowscriptaccess=\"always\" allowfullscreen=\"true\"><\/embed><\/object><\/p>\n<div style=\"padding-bottom:20px; padding-top:10px;\" class=\"hupso-share-buttons\"><!-- Hupso Share Buttons - https:\/\/www.hupso.com\/share\/ --><a class=\"hupso_counters\" href=\"https:\/\/www.hupso.com\/share\/\"><img decoding=\"async\" src=\"http:\/\/static.hupso.com\/share\/buttons\/lang\/es\/share-small.png\" style=\"border:0px; padding-top:2px; float:left;\" alt=\"Share Button\"\/><\/a><script type=\"text\/javascript\">var hupso_services_c=new Array(\"twitter\",\"facebook_like\",\"google\");var hupso_counters_lang = \"es_LA\";var hupso_image_folder_url = \"\";var hupso_twitter_via=\"crsyvrs\";var hupso_url_c=\"\";<\/script><script type=\"text\/javascript\" src=\"http:\/\/static.hupso.com\/share\/js\/counters.js\"><\/script><!-- Hupso Share Buttons --><\/div> ","protected":false},"excerpt":{"rendered":"<div style=\"padding-bottom:20px; padding-top:10px;\" class=\"hupso-share-buttons\"><!-- Hupso Share Buttons - https:\/\/www.hupso.com\/share\/ --><a class=\"hupso_counters\" href=\"https:\/\/www.hupso.com\/share\/\"><img src=\"http:\/\/static.hupso.com\/share\/buttons\/lang\/es\/share-small.png\" style=\"border:0px; padding-top:2px; float:left;\" alt=\"Share Button\"\/><\/a><script type=\"text\/javascript\">var hupso_services_c=new Array(\"twitter\",\"facebook_like\",\"google\");var hupso_counters_lang = \"es_LA\";var hupso_image_folder_url = \"\";var hupso_twitter_via=\"crsyvrs\";var hupso_url_c=\"\";<\/script><script type=\"text\/javascript\" src=\"http:\/\/static.hupso.com\/share\/js\/counters.js\"><\/script><!-- Hupso Share Buttons --><\/div><p>La banda de Pepe Curioni, m\u00fasico argentino radicado en Espa\u00f1a, estren\u00f3 el segundo corte de \u201cTiempos modernos\u201d, el segundo disco del grupo. Particulares estrena el video de \u201cTormenta en la ciudad\u201d, el nuevo corte de \u201cTiempos mejores\u201d, el segundo&#46;&#46;&#46;<\/p>\n<div style=\"padding-bottom:20px; padding-top:10px;\" class=\"hupso-share-buttons\"><!-- Hupso Share Buttons - https:\/\/www.hupso.com\/share\/ --><a class=\"hupso_counters\" href=\"https:\/\/www.hupso.com\/share\/\"><img src=\"http:\/\/static.hupso.com\/share\/buttons\/lang\/es\/share-small.png\" style=\"border:0px; padding-top:2px; float:left;\" alt=\"Share Button\"\/><\/a><script type=\"text\/javascript\">var hupso_services_c=new Array(\"twitter\",\"facebook_like\",\"google\");var hupso_counters_lang = \"es_LA\";var hupso_image_folder_url = \"\";var hupso_twitter_via=\"crsyvrs\";var hupso_url_c=\"\";<\/script><script type=\"text\/javascript\" src=\"http:\/\/static.hupso.com\/share\/js\/counters.js\"><\/script><!-- Hupso Share Buttons --><\/div>","protected":false},"author":5,"featured_media":0,"comment_status":"open","ping_status":"open","sticky":false,"template":"","format":"standard","meta":{"footnotes":""},"categories":[3],"tags":[1322,1321,1831],"class_list":["post-2282","post","type-post","status-publish","format-standard","hentry","category-musica","tag-particulares","tag-pepe-curioni","tag-tormenta-en-la-ciudad"],"_links":{"self":[{"href":"http:\/\/cronicasyversiones.com\/index.php?rest_route=\/wp\/v2\/posts\/2282","targetHints":{"allow":["GET"]}}],"collection":[{"href":"http:\/\/cronicasyversiones.com\/index.php?rest_route=\/wp\/v2\/posts"}],"about":[{"href":"http:\/\/cronicasyversiones.com\/index.php?rest_route=\/wp\/v2\/types\/post"}],"author":[{"embeddable":true,"href":"http:\/\/cronicasyversiones.com\/index.php?rest_route=\/wp\/v2\/users\/5"}],"replies":[{"embeddable":true,"href":"http:\/\/cronicasyversiones.com\/index.php?rest_route=%2Fwp%2Fv2%2Fcomments&post=2282"}],"version-history":[{"count":0,"href":"http:\/\/cronicasyversiones.com\/index.php?rest_route=\/wp\/v2\/posts\/2282\/revisions"}],"wp:attachment":[{"href":"http:\/\/cronicasyversiones.com\/index.php?rest_route=%2Fwp%2Fv2%2Fmedia&parent=2282"}],"wp:term":[{"taxonomy":"category","embeddable":true,"href":"http:\/\/cronicasyversiones.com\/index.php?rest_route=%2Fwp%2Fv2%2Fcategories&post=2282"},{"taxonomy":"post_tag","embeddable":true,"href":"http:\/\/cronicasyversiones.com\/index.php?rest_route=%2Fwp%2Fv2%2Ftags&post=2282"}],"curies":[{"name":"wp","href":"https:\/\/api.w.org\/{rel}","templated":true}]}}