{"id":22856,"date":"2019-04-24T14:24:34","date_gmt":"2019-04-24T17:24:34","guid":{"rendered":"http:\/\/cronicasyversiones.com\/?p=22856"},"modified":"2019-04-24T14:24:34","modified_gmt":"2019-04-24T17:24:34","slug":"ausencia-de-mi-un-documental-sobre-el-exilio-de-alfredo-zitarrosa","status":"publish","type":"post","link":"http:\/\/cronicasyversiones.com\/?p=22856","title":{"rendered":"\u201cAusencia de m\u00ed\u201d, un  documental sobre el exilio de Alfredo Zitarrosa"},"content":{"rendered":"<div style=\"padding-bottom:20px; padding-top:10px;\" class=\"hupso-share-buttons\"><!-- Hupso Share Buttons - https:\/\/www.hupso.com\/share\/ --><a class=\"hupso_counters\" href=\"https:\/\/www.hupso.com\/share\/\"><img decoding=\"async\" src=\"http:\/\/static.hupso.com\/share\/buttons\/lang\/es\/share-small.png\" style=\"border:0px; padding-top:2px; float:left;\" alt=\"Share Button\"\/><\/a><script type=\"text\/javascript\">var hupso_services_c=new Array(\"twitter\",\"facebook_like\",\"google\");var hupso_counters_lang = \"es_LA\";var hupso_image_folder_url = \"\";var hupso_twitter_via=\"crsyvrs\";var hupso_url_c=\"\";<\/script><script type=\"text\/javascript\" src=\"http:\/\/static.hupso.com\/share\/js\/counters.js\"><\/script><!-- Hupso Share Buttons --><\/div><h2>Dirigido por Melina Terribili, el film est\u00e1 compuesto por fotos, pel\u00edculas, recuerdos y grabaciones in\u00e9ditas dejadas por m\u00fasico uruguayo.<\/h2>\n<p><img loading=\"lazy\" decoding=\"async\" class=\"wp-image-22857 aligncenter\" src=\"http:\/\/cronicasyversiones.com\/wp-content\/uploads\/2019\/04\/Alfredo-10.jpg\" alt=\"\" width=\"772\" height=\"466\" srcset=\"http:\/\/cronicasyversiones.com\/wp-content\/uploads\/2019\/04\/Alfredo-10.jpg 800w, http:\/\/cronicasyversiones.com\/wp-content\/uploads\/2019\/04\/Alfredo-10-300x181.jpg 300w, http:\/\/cronicasyversiones.com\/wp-content\/uploads\/2019\/04\/Alfredo-10-768x464.jpg 768w\" sizes=\"auto, (max-width: 772px) 100vw, 772px\" \/><\/p>\n<p><em><strong>\u201cAusencia de m\u00ed\u201d,<\/strong><\/em> un \u00a0documental sobre el exilio de <strong>Alfredo Zitarrosa<\/strong> dirigido por <strong>Melina Terribili,<\/strong> est\u00e1 compuesto por fotos, pel\u00edculas y grabaciones in\u00e9ditas dejadas por m\u00fasico uruguayo, en su mayor\u00eda reunidas por el trovador.<\/p>\n<p>Cientos de cajas dejadas por el c\u00e9lebre m\u00fasico uruguayo y activista pol\u00edtico <strong>Alfredo Zitarrosa,<\/strong> quien huy\u00f3 de la dictadura en la d\u00e9cada de 1970, no han sido tocadas desde su muerte hace 27 a\u00f1os.<\/p>\n<p>Ahora su esposa e hijas est\u00e1n tratando de guardar los recuerdos, las pel\u00edculas, la m\u00fasica y las grabaciones de sonido que contienen las cajas para la posteridad.<\/p>\n<p>En el exilio que el autor de <em><strong>\u201cGuitarra negra\u201d, \u201cPal que se va\u201d, \u201cEl viol\u00edn de Becho\u201d <\/strong><\/em>y<em><strong> \u201cDo\u00f1a Soledad\u201d,<\/strong><\/em> entre m\u00e1s, debi\u00f3 padecer entre 1973 y 1985 mientras las dictaduras se instalaban en el continente.<\/p>\n<p>Este exilio, que mayormente lo llev\u00f3 por Espa\u00f1a y M\u00e9xico, lo condujo a su temprana muerte el 17 de enero de 1989 cuando apenas ten\u00eda 52 a\u00f1os y no hab\u00eda pasado un lustro de su multitudinario y celebrado regreso al Uruguay.<\/p>\n<p><iframe loading=\"lazy\" src=\"https:\/\/www.youtube.com\/embed\/xWLRAHhza3w\" width=\"600\" height=\"350\" frameborder=\"0\" allowfullscreen=\"allowfullscreen\"><span data-mce-type=\"bookmark\" style=\"display: inline-block; width: 0px; overflow: hidden; line-height: 0;\" class=\"mce_SELRES_start\">?<\/span><\/iframe><\/p>\n<p><em><strong>\u00a0\u201cAusencia de m\u00ed\u201d<\/strong><\/em>, de Melina Terribili, se ver\u00e1 en Buenos Aires las funciones ser\u00e1n en el Gaumont (Av. Rivadavia 1635) a las 15.45 y a las 21, anunci\u00e1ndose la presencia de la directora para un posterior debate tras las proyecciones nocturnas de jueves y viernes.<\/p>\n<p>Tambi\u00e9n en esta ciudad, el filme se ver\u00e1 en salas del Cosmos-UBA y del Centro Cultural Recoleta. Mientras que en Mar del Plata la sede ser\u00e1 el Teatro Teatriz; en Bol\u00edvar en el Cine Municipal; en Mendoza en Cine Universidad; en C\u00f3rdoba en Cineclub Hugo del Carril y en R\u00edo Cuarto en Centro Cultural Leonardo Favio.<\/p>\n<div style=\"padding-bottom:20px; padding-top:10px;\" class=\"hupso-share-buttons\"><!-- Hupso Share Buttons - https:\/\/www.hupso.com\/share\/ --><a class=\"hupso_counters\" href=\"https:\/\/www.hupso.com\/share\/\"><img decoding=\"async\" src=\"http:\/\/static.hupso.com\/share\/buttons\/lang\/es\/share-small.png\" style=\"border:0px; padding-top:2px; float:left;\" alt=\"Share Button\"\/><\/a><script type=\"text\/javascript\">var hupso_services_c=new Array(\"twitter\",\"facebook_like\",\"google\");var hupso_counters_lang = \"es_LA\";var hupso_image_folder_url = \"\";var hupso_twitter_via=\"crsyvrs\";var hupso_url_c=\"\";<\/script><script type=\"text\/javascript\" src=\"http:\/\/static.hupso.com\/share\/js\/counters.js\"><\/script><!-- Hupso Share Buttons --><\/div> ","protected":false},"excerpt":{"rendered":"<div style=\"padding-bottom:20px; padding-top:10px;\" class=\"hupso-share-buttons\"><!-- Hupso Share Buttons - https:\/\/www.hupso.com\/share\/ --><a class=\"hupso_counters\" href=\"https:\/\/www.hupso.com\/share\/\"><img src=\"http:\/\/static.hupso.com\/share\/buttons\/lang\/es\/share-small.png\" style=\"border:0px; padding-top:2px; float:left;\" alt=\"Share Button\"\/><\/a><script type=\"text\/javascript\">var hupso_services_c=new Array(\"twitter\",\"facebook_like\",\"google\");var hupso_counters_lang = \"es_LA\";var hupso_image_folder_url = \"\";var hupso_twitter_via=\"crsyvrs\";var hupso_url_c=\"\";<\/script><script type=\"text\/javascript\" src=\"http:\/\/static.hupso.com\/share\/js\/counters.js\"><\/script><!-- Hupso Share Buttons --><\/div><p>Dirigido por Melina Terribili, el film est\u00e1 compuesto por fotos, pel\u00edculas, recuerdos y grabaciones in\u00e9ditas dejadas por m\u00fasico uruguayo. \u201cAusencia de m\u00ed\u201d, un \u00a0documental sobre el exilio de Alfredo Zitarrosa dirigido por Melina Terribili, est\u00e1 compuesto por fotos, pel\u00edculas&#46;&#46;&#46;<\/p>\n<div style=\"padding-bottom:20px; padding-top:10px;\" class=\"hupso-share-buttons\"><!-- Hupso Share Buttons - https:\/\/www.hupso.com\/share\/ --><a class=\"hupso_counters\" href=\"https:\/\/www.hupso.com\/share\/\"><img src=\"http:\/\/static.hupso.com\/share\/buttons\/lang\/es\/share-small.png\" style=\"border:0px; padding-top:2px; float:left;\" alt=\"Share Button\"\/><\/a><script type=\"text\/javascript\">var hupso_services_c=new Array(\"twitter\",\"facebook_like\",\"google\");var hupso_counters_lang = \"es_LA\";var hupso_image_folder_url = \"\";var hupso_twitter_via=\"crsyvrs\";var hupso_url_c=\"\";<\/script><script type=\"text\/javascript\" src=\"http:\/\/static.hupso.com\/share\/js\/counters.js\"><\/script><!-- Hupso Share Buttons --><\/div>","protected":false},"author":5,"featured_media":22857,"comment_status":"open","ping_status":"closed","sticky":false,"template":"","format":"standard","meta":{"footnotes":""},"categories":[4,3],"tags":[4197],"class_list":["post-22856","post","type-post","status-publish","format-standard","has-post-thumbnail","hentry","category-cine","category-musica","tag-alfredo-zitarrosa"],"_links":{"self":[{"href":"http:\/\/cronicasyversiones.com\/index.php?rest_route=\/wp\/v2\/posts\/22856","targetHints":{"allow":["GET"]}}],"collection":[{"href":"http:\/\/cronicasyversiones.com\/index.php?rest_route=\/wp\/v2\/posts"}],"about":[{"href":"http:\/\/cronicasyversiones.com\/index.php?rest_route=\/wp\/v2\/types\/post"}],"author":[{"embeddable":true,"href":"http:\/\/cronicasyversiones.com\/index.php?rest_route=\/wp\/v2\/users\/5"}],"replies":[{"embeddable":true,"href":"http:\/\/cronicasyversiones.com\/index.php?rest_route=%2Fwp%2Fv2%2Fcomments&post=22856"}],"version-history":[{"count":0,"href":"http:\/\/cronicasyversiones.com\/index.php?rest_route=\/wp\/v2\/posts\/22856\/revisions"}],"wp:featuredmedia":[{"embeddable":true,"href":"http:\/\/cronicasyversiones.com\/index.php?rest_route=\/wp\/v2\/media\/22857"}],"wp:attachment":[{"href":"http:\/\/cronicasyversiones.com\/index.php?rest_route=%2Fwp%2Fv2%2Fmedia&parent=22856"}],"wp:term":[{"taxonomy":"category","embeddable":true,"href":"http:\/\/cronicasyversiones.com\/index.php?rest_route=%2Fwp%2Fv2%2Fcategories&post=22856"},{"taxonomy":"post_tag","embeddable":true,"href":"http:\/\/cronicasyversiones.com\/index.php?rest_route=%2Fwp%2Fv2%2Ftags&post=22856"}],"curies":[{"name":"wp","href":"https:\/\/api.w.org\/{rel}","templated":true}]}}