{"id":22866,"date":"2019-04-25T18:08:13","date_gmt":"2019-04-25T21:08:13","guid":{"rendered":"http:\/\/cronicasyversiones.com\/?p=22866"},"modified":"2019-04-25T19:36:09","modified_gmt":"2019-04-25T22:36:09","slug":"el-mago-de-oz-dirigida-por-billy-bond-con-sofi-morandi-y-franco-masini","status":"publish","type":"post","link":"http:\/\/cronicasyversiones.com\/?p=22866","title":{"rendered":"\u201cEl mago de Oz\u201d, dirigida por Billy Bond, con Sofi Morandi y Franco Masini"},"content":{"rendered":"<div style=\"padding-bottom:20px; padding-top:10px;\" class=\"hupso-share-buttons\"><!-- Hupso Share Buttons - https:\/\/www.hupso.com\/share\/ --><a class=\"hupso_counters\" href=\"https:\/\/www.hupso.com\/share\/\"><img decoding=\"async\" src=\"http:\/\/static.hupso.com\/share\/buttons\/lang\/es\/share-small.png\" style=\"border:0px; padding-top:2px; float:left;\" alt=\"Share Button\"\/><\/a><script type=\"text\/javascript\">var hupso_services_c=new Array(\"twitter\",\"facebook_like\",\"google\");var hupso_counters_lang = \"es_LA\";var hupso_image_folder_url = \"\";var hupso_twitter_via=\"crsyvrs\";var hupso_url_c=\"\";<\/script><script type=\"text\/javascript\" src=\"http:\/\/static.hupso.com\/share\/js\/counters.js\"><\/script><!-- Hupso Share Buttons --><\/div><h2>Con m\u00fasica de Fito P\u00e1ez y adaptaci\u00f3n del pionero del rock argentino, esta puesta respetar\u00e1 a la obra original y se presentar\u00e1 en el Teatro Coliseo.<\/h2>\n<p><img loading=\"lazy\" decoding=\"async\" class=\" wp-image-22867 aligncenter\" src=\"http:\/\/cronicasyversiones.com\/wp-content\/uploads\/2019\/04\/mago.jpg\" alt=\"\" width=\"773\" height=\"435\" srcset=\"http:\/\/cronicasyversiones.com\/wp-content\/uploads\/2019\/04\/mago.jpg 970w, http:\/\/cronicasyversiones.com\/wp-content\/uploads\/2019\/04\/mago-300x169.jpg 300w, http:\/\/cronicasyversiones.com\/wp-content\/uploads\/2019\/04\/mago-768x432.jpg 768w\" sizes=\"auto, (max-width: 773px) 100vw, 773px\" \/><\/p>\n<p><strong><em>\u201cEl mago de Oz\u201d,<\/em><\/strong> con <strong>Sofi Morandi<\/strong> y <strong>Franco Masini<\/strong> en el elenco, saldr\u00e1 a escena un espect\u00e1culo con tecnolog\u00eda con adaptaci\u00f3n musical de <strong>Fito P<\/strong><strong>\u00e1ez<\/strong> y direcci\u00f3n de <strong>Billy Bond.<\/strong><\/p>\n<p>Esta puesta en escena, basada en cl\u00e1sico del cine, saldr\u00e1 a escena en el porte\u00f1o Teatro Coliseo, \u00a0a mediados de julio.<\/p>\n<p>Con efectos 4D, el tornado que expulsa al personaje de <strong>Dorothy <\/strong>y su peque\u00f1o perro fuera de su hogar en Kansas se extender\u00e1 a la platea en forma de viento y temporal de hojas como muestra de una obra que contiene muchas sorpresas.<\/p>\n<p>El elenco principal se completa con <strong>Manuela del Campo, Natalia Cocciufo y Fede Coates<\/strong> m\u00e1s un gran equipo de actores y bailarines y la direcci\u00f3n general de \u00a0Billy Bond, quien conserva la esencia de la obra y la actualiza.<\/p>\n<p><strong>Billy Bond,<\/strong> nacido en Italia como Giuliano Canterini y ciudadano argentino, es uno de los pioneros del rock argentino y estuvo al frente de <strong>La Pesada del Rock &amp; Roll,<\/strong> en los \u00b470, donde participaron Pappo, Luis Alberto Spinetta, Alejandro Medina, Claudio Gabis y otros m\u00fasicos.<\/p>\n<p>Con este grupo, edit\u00f3 una serie de discos y tambi\u00e9n fue el productor de otros artistas, como Sui Generis y David Leb\u00f3n.<\/p>\n<p>En los \u00faltimos tiempos desarroll\u00f3 su actividad en Brasil, donde mont\u00f3 distintos musicales y se dedic\u00f3 a la producci\u00f3n de espect\u00e1culos.<\/p>\n<p><em><strong>LEA TAMBI\u00c9N:<\/strong> <\/em><\/p>\n<div class=\"video-container\">\n<blockquote class=\"wp-embedded-content\" data-secret=\"DOv9vMUXTq\"><p><a href=\"http:\/\/cronicasyversiones.com\/?p=22763\">\u201cCinema Hollywood\u201d, la historia de una compa\u00f1\u00eda modesta, en el Paseo La Plaza<\/a><\/p><\/blockquote>\n<p><iframe loading=\"lazy\" class=\"wp-embedded-content\" sandbox=\"allow-scripts\" security=\"restricted\" style=\"position: absolute; clip: rect(1px, 1px, 1px, 1px);\" title=\"\u00ab\u201cCinema Hollywood\u201d, la historia de una compa\u00f1\u00eda modesta, en el Paseo La Plaza\u00bb \u2014    \" src=\"http:\/\/cronicasyversiones.com\/?p=22763&#038;embed=true#?secret=touDRENK5c#?secret=DOv9vMUXTq\" data-secret=\"DOv9vMUXTq\" width=\"600\" height=\"338\" frameborder=\"0\" marginwidth=\"0\" marginheight=\"0\" scrolling=\"no\"><\/iframe><\/div>\n<p><strong><em>\u201cEl mago de Oz\u201d<\/em><\/strong> es una pel\u00edcula musical, fant\u00e1stica estadounidense de 1939, producida por Metro-Goldwyn-Mayer y protagonizada por Judy Garland, Frank Morgan, Ray Bolger, Jack Haley, Bert Lahr, Billie Burke y Margaret Hamilton. En la actualidad, es considerada una pel\u00edcula de culto, a pesar de su proyecto inicial como f\u00e1bula cinematogr\u00e1fica infantil.<\/p>\n<p>La pel\u00edcula est\u00e1 basada asimismo en la novela infantil \u201cEl maravilloso mago de Oz\u201d, de L. Frank Baum, donde una joven estadounidense es arrastrada por un tornado en el estado de Kansas hasta una tierra de fantas\u00eda donde habitan brujas buenas y malas, un espantap\u00e1jaros que habla, un le\u00f3n cobarde, un hombre de hojalata y otros seres extraordinarios.<\/p>\n<div style=\"padding-bottom:20px; padding-top:10px;\" class=\"hupso-share-buttons\"><!-- Hupso Share Buttons - https:\/\/www.hupso.com\/share\/ --><a class=\"hupso_counters\" href=\"https:\/\/www.hupso.com\/share\/\"><img decoding=\"async\" src=\"http:\/\/static.hupso.com\/share\/buttons\/lang\/es\/share-small.png\" style=\"border:0px; padding-top:2px; float:left;\" alt=\"Share Button\"\/><\/a><script type=\"text\/javascript\">var hupso_services_c=new Array(\"twitter\",\"facebook_like\",\"google\");var hupso_counters_lang = \"es_LA\";var hupso_image_folder_url = \"\";var hupso_twitter_via=\"crsyvrs\";var hupso_url_c=\"\";<\/script><script type=\"text\/javascript\" src=\"http:\/\/static.hupso.com\/share\/js\/counters.js\"><\/script><!-- Hupso Share Buttons --><\/div> ","protected":false},"excerpt":{"rendered":"<div style=\"padding-bottom:20px; padding-top:10px;\" class=\"hupso-share-buttons\"><!-- Hupso Share Buttons - https:\/\/www.hupso.com\/share\/ --><a class=\"hupso_counters\" href=\"https:\/\/www.hupso.com\/share\/\"><img src=\"http:\/\/static.hupso.com\/share\/buttons\/lang\/es\/share-small.png\" style=\"border:0px; padding-top:2px; float:left;\" alt=\"Share Button\"\/><\/a><script type=\"text\/javascript\">var hupso_services_c=new Array(\"twitter\",\"facebook_like\",\"google\");var hupso_counters_lang = \"es_LA\";var hupso_image_folder_url = \"\";var hupso_twitter_via=\"crsyvrs\";var hupso_url_c=\"\";<\/script><script type=\"text\/javascript\" src=\"http:\/\/static.hupso.com\/share\/js\/counters.js\"><\/script><!-- Hupso Share Buttons --><\/div><p>Con m\u00fasica de Fito P\u00e1ez y adaptaci\u00f3n del pionero del rock argentino, esta puesta respetar\u00e1 a la obra original y se presentar\u00e1 en el Teatro Coliseo. \u201cEl mago de Oz\u201d, con Sofi Morandi y Franco Masini en el elenco,&#46;&#46;&#46;<\/p>\n<div style=\"padding-bottom:20px; padding-top:10px;\" class=\"hupso-share-buttons\"><!-- Hupso Share Buttons - https:\/\/www.hupso.com\/share\/ --><a class=\"hupso_counters\" href=\"https:\/\/www.hupso.com\/share\/\"><img src=\"http:\/\/static.hupso.com\/share\/buttons\/lang\/es\/share-small.png\" style=\"border:0px; padding-top:2px; float:left;\" alt=\"Share Button\"\/><\/a><script type=\"text\/javascript\">var hupso_services_c=new Array(\"twitter\",\"facebook_like\",\"google\");var hupso_counters_lang = \"es_LA\";var hupso_image_folder_url = \"\";var hupso_twitter_via=\"crsyvrs\";var hupso_url_c=\"\";<\/script><script type=\"text\/javascript\" src=\"http:\/\/static.hupso.com\/share\/js\/counters.js\"><\/script><!-- Hupso Share Buttons --><\/div>","protected":false},"author":5,"featured_media":22867,"comment_status":"open","ping_status":"closed","sticky":false,"template":"","format":"standard","meta":{"footnotes":""},"categories":[5],"tags":[8934,645,13,9120,9205],"class_list":["post-22866","post","type-post","status-publish","format-standard","has-post-thumbnail","hentry","category-teatro","tag-billy-bond","tag-el-mago-de-oz","tag-fito-paez","tag-franco-masini","tag-sofi-morandi"],"_links":{"self":[{"href":"http:\/\/cronicasyversiones.com\/index.php?rest_route=\/wp\/v2\/posts\/22866","targetHints":{"allow":["GET"]}}],"collection":[{"href":"http:\/\/cronicasyversiones.com\/index.php?rest_route=\/wp\/v2\/posts"}],"about":[{"href":"http:\/\/cronicasyversiones.com\/index.php?rest_route=\/wp\/v2\/types\/post"}],"author":[{"embeddable":true,"href":"http:\/\/cronicasyversiones.com\/index.php?rest_route=\/wp\/v2\/users\/5"}],"replies":[{"embeddable":true,"href":"http:\/\/cronicasyversiones.com\/index.php?rest_route=%2Fwp%2Fv2%2Fcomments&post=22866"}],"version-history":[{"count":0,"href":"http:\/\/cronicasyversiones.com\/index.php?rest_route=\/wp\/v2\/posts\/22866\/revisions"}],"wp:featuredmedia":[{"embeddable":true,"href":"http:\/\/cronicasyversiones.com\/index.php?rest_route=\/wp\/v2\/media\/22867"}],"wp:attachment":[{"href":"http:\/\/cronicasyversiones.com\/index.php?rest_route=%2Fwp%2Fv2%2Fmedia&parent=22866"}],"wp:term":[{"taxonomy":"category","embeddable":true,"href":"http:\/\/cronicasyversiones.com\/index.php?rest_route=%2Fwp%2Fv2%2Fcategories&post=22866"},{"taxonomy":"post_tag","embeddable":true,"href":"http:\/\/cronicasyversiones.com\/index.php?rest_route=%2Fwp%2Fv2%2Ftags&post=22866"}],"curies":[{"name":"wp","href":"https:\/\/api.w.org\/{rel}","templated":true}]}}