{"id":22955,"date":"2019-05-03T15:18:11","date_gmt":"2019-05-03T18:18:11","guid":{"rendered":"http:\/\/cronicasyversiones.com\/?p=22955"},"modified":"2019-05-03T15:18:11","modified_gmt":"2019-05-03T18:18:11","slug":"el-indio-solari-presenta-su-autobiografia-en-la-feria-del-libro","status":"publish","type":"post","link":"http:\/\/cronicasyversiones.com\/?p=22955","title":{"rendered":"El Indio Solari presenta su autobiograf\u00eda en la Feria del Libro"},"content":{"rendered":"<div style=\"padding-bottom:20px; padding-top:10px;\" class=\"hupso-share-buttons\"><!-- Hupso Share Buttons - https:\/\/www.hupso.com\/share\/ --><a class=\"hupso_counters\" href=\"https:\/\/www.hupso.com\/share\/\"><img decoding=\"async\" src=\"http:\/\/static.hupso.com\/share\/buttons\/lang\/es\/share-small.png\" style=\"border:0px; padding-top:2px; float:left;\" alt=\"Share Button\"\/><\/a><script type=\"text\/javascript\">var hupso_services_c=new Array(\"twitter\",\"facebook_like\",\"google\");var hupso_counters_lang = \"es_LA\";var hupso_image_folder_url = \"\";var hupso_twitter_via=\"crsyvrs\";var hupso_url_c=\"\";<\/script><script type=\"text\/javascript\" src=\"http:\/\/static.hupso.com\/share\/js\/counters.js\"><\/script><!-- Hupso Share Buttons --><\/div><h2>Ser\u00e1 a trav\u00e9s de en una entrevista\u00a0 con el periodista Marcelo Figueras y que ser\u00e1 proyectada en una pantalla gigante en un sala para 850 personas.<\/h2>\n<p><img loading=\"lazy\" decoding=\"async\" class=\" wp-image-22956 aligncenter\" src=\"http:\/\/cronicasyversiones.com\/wp-content\/uploads\/2019\/05\/solari.jpg\" alt=\"\" width=\"751\" height=\"422\" srcset=\"http:\/\/cronicasyversiones.com\/wp-content\/uploads\/2019\/05\/solari.jpg 790w, http:\/\/cronicasyversiones.com\/wp-content\/uploads\/2019\/05\/solari-300x169.jpg 300w, http:\/\/cronicasyversiones.com\/wp-content\/uploads\/2019\/05\/solari-768x432.jpg 768w\" sizes=\"auto, (max-width: 751px) 100vw, 751px\" \/><\/p>\n<p>El <strong>Indio Solari<\/strong> dialogar\u00e1 sobre su libro <em><strong>\u00abRecuerdos que mienten un poco\u201d<\/strong> <\/em>en una entrevista \u00a0con el periodista <strong>Marcelo Figueras,<\/strong> grabada especialmente para proyectada en una pantalla gigante durante la 45\u00b0 Feria del Libro de Buenos Aires.<\/p>\n<p>La cita ser\u00e1 el domingo 12 de mayo a las 18 en <strong>la sala Borges de La Rural,<\/strong> el predio ubicado en avenida Santa Fe 4201, ciudad de Buenos Aires, informaron los organizadores de la proyecci\u00f3n que contiene un di\u00e1logo exclusivo del ex cantante de Patricio Rey y los Redonditos de Ricota.<\/p>\n<p>En la sala, a la que se podr\u00e1 ingresar hasta agotar su capacidad (alrededor de 850 localidades) se exhibir\u00e1 la grabaci\u00f3n del m\u00fasico.<\/p>\n<p>\u00abSolari hablar\u00e1 sobre la infancia, el peronismo, la militancia, la Argentina actual, el rock, el cine, los Beatles, la pol\u00edtica, el poder, el futuro, los proyectos\u00bb, indicaron voceros del grupo Penguin Random House Mondadori.<\/p>\n<p><em><strong>LEA TAMBI\u00c9N:\u00a0<\/strong><\/em><\/p>\n<div class=\"video-container\">\n<blockquote class=\"wp-embedded-content\" data-secret=\"4BDZtLozre\"><p><a href=\"http:\/\/cronicasyversiones.com\/?p=22547\">Escritores y dibujantes argentinos, en la Semana Negra de Gij\u00f3n<\/a><\/p><\/blockquote>\n<p><iframe loading=\"lazy\" class=\"wp-embedded-content\" sandbox=\"allow-scripts\" security=\"restricted\" style=\"position: absolute; clip: rect(1px, 1px, 1px, 1px);\" title=\"\u00abEscritores y dibujantes argentinos, en la Semana Negra de Gij\u00f3n\u00bb \u2014    \" src=\"http:\/\/cronicasyversiones.com\/?p=22547&#038;embed=true#?secret=S89oiTLiBD#?secret=4BDZtLozre\" data-secret=\"4BDZtLozre\" width=\"600\" height=\"338\" frameborder=\"0\" marginwidth=\"0\" marginheight=\"0\" scrolling=\"no\"><\/iframe><\/div>\n<p><em><strong>\u201cRecuerdos que mienten un poco\u201d,<\/strong> <\/em>editado por Sudamericana, recorre las memorias del Indio Solari, desde sus or\u00edgenes en Paran\u00e1 hace 70 a\u00f1os hasta hoy, atravesando la historia de sus bandas disco por disco, sus comienzos, sus influencias, su independencia militante, su compleja relaci\u00f3n con los medios, sus pol\u00e9micas, y su presente personal y art\u00edstico.<\/p>\n<p>En la publicaci\u00f3n, de casi mil p\u00e1ginas, en m\u00fasico recorre su historia personal junto a su interlocutor, el escritor Marcelo Figueras, desde su infancia entre Paran\u00e1 y La Plata a su presente y su diagn\u00f3stico de Parkinson.<\/p>\n<div style=\"padding-bottom:20px; padding-top:10px;\" class=\"hupso-share-buttons\"><!-- Hupso Share Buttons - https:\/\/www.hupso.com\/share\/ --><a class=\"hupso_counters\" href=\"https:\/\/www.hupso.com\/share\/\"><img decoding=\"async\" src=\"http:\/\/static.hupso.com\/share\/buttons\/lang\/es\/share-small.png\" style=\"border:0px; padding-top:2px; float:left;\" alt=\"Share Button\"\/><\/a><script type=\"text\/javascript\">var hupso_services_c=new Array(\"twitter\",\"facebook_like\",\"google\");var hupso_counters_lang = \"es_LA\";var hupso_image_folder_url = \"\";var hupso_twitter_via=\"crsyvrs\";var hupso_url_c=\"\";<\/script><script type=\"text\/javascript\" src=\"http:\/\/static.hupso.com\/share\/js\/counters.js\"><\/script><!-- Hupso Share Buttons --><\/div> ","protected":false},"excerpt":{"rendered":"<div style=\"padding-bottom:20px; padding-top:10px;\" class=\"hupso-share-buttons\"><!-- Hupso Share Buttons - https:\/\/www.hupso.com\/share\/ --><a class=\"hupso_counters\" href=\"https:\/\/www.hupso.com\/share\/\"><img src=\"http:\/\/static.hupso.com\/share\/buttons\/lang\/es\/share-small.png\" style=\"border:0px; padding-top:2px; float:left;\" alt=\"Share Button\"\/><\/a><script type=\"text\/javascript\">var hupso_services_c=new Array(\"twitter\",\"facebook_like\",\"google\");var hupso_counters_lang = \"es_LA\";var hupso_image_folder_url = \"\";var hupso_twitter_via=\"crsyvrs\";var hupso_url_c=\"\";<\/script><script type=\"text\/javascript\" src=\"http:\/\/static.hupso.com\/share\/js\/counters.js\"><\/script><!-- Hupso Share Buttons --><\/div><p>Ser\u00e1 a trav\u00e9s de en una entrevista\u00a0 con el periodista Marcelo Figueras y que ser\u00e1 proyectada en una pantalla gigante en un sala para 850 personas. El Indio Solari dialogar\u00e1 sobre su libro \u00abRecuerdos que mienten un poco\u201d en&#46;&#46;&#46;<\/p>\n<div style=\"padding-bottom:20px; padding-top:10px;\" class=\"hupso-share-buttons\"><!-- Hupso Share Buttons - https:\/\/www.hupso.com\/share\/ --><a class=\"hupso_counters\" href=\"https:\/\/www.hupso.com\/share\/\"><img src=\"http:\/\/static.hupso.com\/share\/buttons\/lang\/es\/share-small.png\" style=\"border:0px; padding-top:2px; float:left;\" alt=\"Share Button\"\/><\/a><script type=\"text\/javascript\">var hupso_services_c=new Array(\"twitter\",\"facebook_like\",\"google\");var hupso_counters_lang = \"es_LA\";var hupso_image_folder_url = \"\";var hupso_twitter_via=\"crsyvrs\";var hupso_url_c=\"\";<\/script><script type=\"text\/javascript\" src=\"http:\/\/static.hupso.com\/share\/js\/counters.js\"><\/script><!-- Hupso Share Buttons --><\/div>","protected":false},"author":5,"featured_media":22956,"comment_status":"open","ping_status":"closed","sticky":false,"template":"","format":"standard","meta":{"footnotes":""},"categories":[7],"tags":[1417,2115],"class_list":["post-22955","post","type-post","status-publish","format-standard","has-post-thumbnail","hentry","category-literatura","tag-feria-del-libro-de-buenos-aires","tag-indio-solari"],"_links":{"self":[{"href":"http:\/\/cronicasyversiones.com\/index.php?rest_route=\/wp\/v2\/posts\/22955","targetHints":{"allow":["GET"]}}],"collection":[{"href":"http:\/\/cronicasyversiones.com\/index.php?rest_route=\/wp\/v2\/posts"}],"about":[{"href":"http:\/\/cronicasyversiones.com\/index.php?rest_route=\/wp\/v2\/types\/post"}],"author":[{"embeddable":true,"href":"http:\/\/cronicasyversiones.com\/index.php?rest_route=\/wp\/v2\/users\/5"}],"replies":[{"embeddable":true,"href":"http:\/\/cronicasyversiones.com\/index.php?rest_route=%2Fwp%2Fv2%2Fcomments&post=22955"}],"version-history":[{"count":0,"href":"http:\/\/cronicasyversiones.com\/index.php?rest_route=\/wp\/v2\/posts\/22955\/revisions"}],"wp:featuredmedia":[{"embeddable":true,"href":"http:\/\/cronicasyversiones.com\/index.php?rest_route=\/wp\/v2\/media\/22956"}],"wp:attachment":[{"href":"http:\/\/cronicasyversiones.com\/index.php?rest_route=%2Fwp%2Fv2%2Fmedia&parent=22955"}],"wp:term":[{"taxonomy":"category","embeddable":true,"href":"http:\/\/cronicasyversiones.com\/index.php?rest_route=%2Fwp%2Fv2%2Fcategories&post=22955"},{"taxonomy":"post_tag","embeddable":true,"href":"http:\/\/cronicasyversiones.com\/index.php?rest_route=%2Fwp%2Fv2%2Ftags&post=22955"}],"curies":[{"name":"wp","href":"https:\/\/api.w.org\/{rel}","templated":true}]}}