{"id":22961,"date":"2019-05-05T11:44:39","date_gmt":"2019-05-05T14:44:39","guid":{"rendered":"http:\/\/cronicasyversiones.com\/?p=22961"},"modified":"2019-05-05T11:44:39","modified_gmt":"2019-05-05T14:44:39","slug":"la-opera-el-principito-se-estrena-en-el-teatro-colon","status":"publish","type":"post","link":"http:\/\/cronicasyversiones.com\/?p=22961","title":{"rendered":"La \u00f3pera \u201cEl Principito\u201d se estrena en el Teatro Col\u00f3n"},"content":{"rendered":"<div style=\"padding-bottom:20px; padding-top:10px;\" class=\"hupso-share-buttons\"><!-- Hupso Share Buttons - https:\/\/www.hupso.com\/share\/ --><a class=\"hupso_counters\" href=\"https:\/\/www.hupso.com\/share\/\"><img decoding=\"async\" src=\"http:\/\/static.hupso.com\/share\/buttons\/lang\/es\/share-small.png\" style=\"border:0px; padding-top:2px; float:left;\" alt=\"Share Button\"\/><\/a><script type=\"text\/javascript\">var hupso_services_c=new Array(\"twitter\",\"facebook_like\",\"google\");var hupso_counters_lang = \"es_LA\";var hupso_image_folder_url = \"\";var hupso_twitter_via=\"crsyvrs\";var hupso_url_c=\"\";<\/script><script type=\"text\/javascript\" src=\"http:\/\/static.hupso.com\/share\/js\/counters.js\"><\/script><!-- Hupso Share Buttons --><\/div><h2>Est\u00e1 basada en el libro de Antoine de Saint-Exup\u00e9ry, \u00a0con m\u00fasica de la compositora brit\u00e1nica Rachel Portman y con el libreto de Nicholas Wright.<\/h2>\n<p><img loading=\"lazy\" decoding=\"async\" class=\" wp-image-22962 aligncenter\" src=\"http:\/\/cronicasyversiones.com\/wp-content\/uploads\/2019\/05\/opera.jpg\" alt=\"\" width=\"703\" height=\"549\" srcset=\"http:\/\/cronicasyversiones.com\/wp-content\/uploads\/2019\/05\/opera.jpg 700w, http:\/\/cronicasyversiones.com\/wp-content\/uploads\/2019\/05\/opera-300x234.jpg 300w\" sizes=\"auto, (max-width: 703px) 100vw, 703px\" \/><\/p>\n<p>La \u00f3pera <em><strong>\u201cEl Principito\u201d,<\/strong><\/em> basada en el cl\u00e1sico de <strong>Antoine de Saint-Exup\u00e9ry,<\/strong> con m\u00fasica de la compositora brit\u00e1nica <strong>Rachel Portman,<\/strong> se estrena en Sudam\u00e9rica el s\u00e1bado 11 de mayo a las 11 en el Teatro Col\u00f3n.<\/p>\n<p>\u00d3pera de c\u00e1mara en dos actos con m\u00fasica de Portman y libreto de<strong> Nicholas Wright,<\/strong> esta producci\u00f3n del Col\u00f3n tendr\u00e1 direcci\u00f3n musical del maestro <strong>Ezequiel Silberstein<\/strong>, direcci\u00f3n de escena de <strong>Mariana Ciolfi,<\/strong> y la direcci\u00f3n del Coro de Ni\u00f1os del Teatro Col\u00f3n a cargo de <strong>C\u00e9sar Bustamante.<\/strong><\/p>\n<p>El estreno de <em><strong>\u00abEl Principito\u00bb<\/strong> <\/em>se realiza en el marco del ciclo \u00d3pera de C\u00e1mara, en su 50 aniversario, bajo la direcci\u00f3n de Marcelo Lombardero y a su vez integra el ciclo Col\u00f3n para Chicos que abarca propuestas pensadas para toda la familia.<\/p>\n<p>El primer elenco cuenta con la participaci\u00f3n de la soprano Maria Virginia Savastano en el papel de \u201cel Principito\u201d, de Alejandro Spies como \u201cel Piloto\u201d y de Trinidad Goyeneche en el papel de \u201cel Zorro\u201d y \u201cla Rosa\u201d.<\/p>\n<p>En 2003 Portman compuso m\u00fasica para la versi\u00f3n l\u00edrica de <em><strong>\u201cEl Principito\u201d<\/strong><\/em>, estrenada ese mismo a\u00f1o en la Houston Grand Opera.<\/p>\n<p><em><strong>LEA TAMBI\u00c9N:\u00a0<\/strong><\/em><\/p>\n<div class=\"video-container\">\n<blockquote class=\"wp-embedded-content\" data-secret=\"kkNUdICfXi\"><p><a href=\"https:\/\/cronicasyversiones.com\/?p=22866\">\u201cEl mago de Oz\u201d, dirigida por Billy Bond, con Sofi Morandi y Franco Masini<\/a><\/p><\/blockquote>\n<p><iframe loading=\"lazy\" class=\"wp-embedded-content\" sandbox=\"allow-scripts\" security=\"restricted\" style=\"position: absolute; clip: rect(1px, 1px, 1px, 1px);\" title=\"\u00ab\u201cEl mago de Oz\u201d, dirigida por Billy Bond, con Sofi Morandi y Franco Masini\u00bb \u2014    \" src=\"https:\/\/cronicasyversiones.com\/?p=22866&#038;embed=true#?secret=7BzME9x6zw#?secret=kkNUdICfXi\" data-secret=\"kkNUdICfXi\" width=\"600\" height=\"338\" frameborder=\"0\" marginwidth=\"0\" marginheight=\"0\" scrolling=\"no\"><\/iframe><\/div>\n<p><strong>Antoine de Saint-Exup\u00e9ry<\/strong> naci\u00f3 en Francia en 1900, \u00e9poca en la que apenas estaban apareciendo los primeros aviones, se form\u00f3 como piloto, y ah\u00ed comenzaron sus aventuras.<\/p>\n<p>El autor de <em><strong>\u201cEl Principito\u201d<\/strong> <\/em>desapareci\u00f3 el 31 de julio de 1944 en el mar Mediterr\u00e1neo, frente a las costas de Marsella, tras ser alcanzado por un avi\u00f3n nazi durante la Segunda Guerra Mundial. Aunque otras versiones apuntan a que pudo sufrir un desvanecimiento por falta de ox\u00edgeno.<\/p>\n<p>Este aventurero plasm\u00f3 sus vivencias como piloto comercial en \u201cEl aviador\u201d(1926), \u201cCorreo del Sur\u201d (1928) y \u201cVuelo nocturno\u201d (1931), sus largos periodos en soledad y en el desierto en \u201cTierra de hombres\u201d (1939) y sus reconocimientos a\u00e9reos en 1939-1940 en \u201cPiloto de guerra\u201d.<\/p>\n<p>Tambi\u00e9n sus meditaciones, en \u201cCiudadela\u201d (1948), publicada p\u00f3stumamente, al igual que \u201cNotas de juventud\u201d (1953), \u201cCuadernos\u201d (1953), \u201cCartas a su madre\u201d (1955), \u201cEscritos de guerra\u201d (1982), \u201cManon, la bailarina\u201d (2007) y \u201cCartas a lo desconocido\u201d (2008).<\/p>\n<p>Vol\u00f3 por Europa, por la costa del norte y oeste de \u00c1frica, por Am\u00e9rica latina y lo hizo por trabajo, razones militares, placer o esp\u00edritu aventurero. Sufri\u00f3 dos aparatosos accidentes, en el desierto de Libia y en Guatemala. Sobrevivi\u00f3 a ambos.<\/p>\n<p>&nbsp;<\/p>\n<p>Durante su convalecencia del segundo, en Nueva York, escribi\u00f3 \u201cEl Principito\u201d, que dedic\u00f3 a su amigo L\u00e9on Werth, escondido en la Francia ocupada por los nazis, as\u00ed como \u201cCarta a un reh\u00e9n\u201d (1944).<\/p>\n<div style=\"padding-bottom:20px; padding-top:10px;\" class=\"hupso-share-buttons\"><!-- Hupso Share Buttons - https:\/\/www.hupso.com\/share\/ --><a class=\"hupso_counters\" href=\"https:\/\/www.hupso.com\/share\/\"><img decoding=\"async\" src=\"http:\/\/static.hupso.com\/share\/buttons\/lang\/es\/share-small.png\" style=\"border:0px; padding-top:2px; float:left;\" alt=\"Share Button\"\/><\/a><script type=\"text\/javascript\">var hupso_services_c=new Array(\"twitter\",\"facebook_like\",\"google\");var hupso_counters_lang = \"es_LA\";var hupso_image_folder_url = \"\";var hupso_twitter_via=\"crsyvrs\";var hupso_url_c=\"\";<\/script><script type=\"text\/javascript\" src=\"http:\/\/static.hupso.com\/share\/js\/counters.js\"><\/script><!-- Hupso Share Buttons --><\/div> ","protected":false},"excerpt":{"rendered":"<div style=\"padding-bottom:20px; padding-top:10px;\" class=\"hupso-share-buttons\"><!-- Hupso Share Buttons - https:\/\/www.hupso.com\/share\/ --><a class=\"hupso_counters\" href=\"https:\/\/www.hupso.com\/share\/\"><img src=\"http:\/\/static.hupso.com\/share\/buttons\/lang\/es\/share-small.png\" style=\"border:0px; padding-top:2px; float:left;\" alt=\"Share Button\"\/><\/a><script type=\"text\/javascript\">var hupso_services_c=new Array(\"twitter\",\"facebook_like\",\"google\");var hupso_counters_lang = \"es_LA\";var hupso_image_folder_url = \"\";var hupso_twitter_via=\"crsyvrs\";var hupso_url_c=\"\";<\/script><script type=\"text\/javascript\" src=\"http:\/\/static.hupso.com\/share\/js\/counters.js\"><\/script><!-- Hupso Share Buttons --><\/div><p>Est\u00e1 basada en el libro de Antoine de Saint-Exup\u00e9ry, \u00a0con m\u00fasica de la compositora brit\u00e1nica Rachel Portman y con el libreto de Nicholas Wright. La \u00f3pera \u201cEl Principito\u201d, basada en el cl\u00e1sico de Antoine de Saint-Exup\u00e9ry, con m\u00fasica de&#46;&#46;&#46;<\/p>\n<div style=\"padding-bottom:20px; padding-top:10px;\" class=\"hupso-share-buttons\"><!-- Hupso Share Buttons - https:\/\/www.hupso.com\/share\/ --><a class=\"hupso_counters\" href=\"https:\/\/www.hupso.com\/share\/\"><img src=\"http:\/\/static.hupso.com\/share\/buttons\/lang\/es\/share-small.png\" style=\"border:0px; padding-top:2px; float:left;\" alt=\"Share Button\"\/><\/a><script type=\"text\/javascript\">var hupso_services_c=new Array(\"twitter\",\"facebook_like\",\"google\");var hupso_counters_lang = \"es_LA\";var hupso_image_folder_url = \"\";var hupso_twitter_via=\"crsyvrs\";var hupso_url_c=\"\";<\/script><script type=\"text\/javascript\" src=\"http:\/\/static.hupso.com\/share\/js\/counters.js\"><\/script><!-- Hupso Share Buttons --><\/div>","protected":false},"author":5,"featured_media":22962,"comment_status":"open","ping_status":"closed","sticky":false,"template":"","format":"standard","meta":{"footnotes":""},"categories":[3,5],"tags":[1114,4867,452],"class_list":["post-22961","post","type-post","status-publish","format-standard","has-post-thumbnail","hentry","category-musica","category-teatro","tag-el-principito","tag-opera","tag-teatro-colon"],"_links":{"self":[{"href":"http:\/\/cronicasyversiones.com\/index.php?rest_route=\/wp\/v2\/posts\/22961","targetHints":{"allow":["GET"]}}],"collection":[{"href":"http:\/\/cronicasyversiones.com\/index.php?rest_route=\/wp\/v2\/posts"}],"about":[{"href":"http:\/\/cronicasyversiones.com\/index.php?rest_route=\/wp\/v2\/types\/post"}],"author":[{"embeddable":true,"href":"http:\/\/cronicasyversiones.com\/index.php?rest_route=\/wp\/v2\/users\/5"}],"replies":[{"embeddable":true,"href":"http:\/\/cronicasyversiones.com\/index.php?rest_route=%2Fwp%2Fv2%2Fcomments&post=22961"}],"version-history":[{"count":0,"href":"http:\/\/cronicasyversiones.com\/index.php?rest_route=\/wp\/v2\/posts\/22961\/revisions"}],"wp:featuredmedia":[{"embeddable":true,"href":"http:\/\/cronicasyversiones.com\/index.php?rest_route=\/wp\/v2\/media\/22962"}],"wp:attachment":[{"href":"http:\/\/cronicasyversiones.com\/index.php?rest_route=%2Fwp%2Fv2%2Fmedia&parent=22961"}],"wp:term":[{"taxonomy":"category","embeddable":true,"href":"http:\/\/cronicasyversiones.com\/index.php?rest_route=%2Fwp%2Fv2%2Fcategories&post=22961"},{"taxonomy":"post_tag","embeddable":true,"href":"http:\/\/cronicasyversiones.com\/index.php?rest_route=%2Fwp%2Fv2%2Ftags&post=22961"}],"curies":[{"name":"wp","href":"https:\/\/api.w.org\/{rel}","templated":true}]}}