{"id":22990,"date":"2019-05-07T18:49:32","date_gmt":"2019-05-07T21:49:32","guid":{"rendered":"http:\/\/cronicasyversiones.com\/?p=22990"},"modified":"2019-05-07T18:49:32","modified_gmt":"2019-05-07T21:49:32","slug":"bjork-debuto-con-el-show-dirigido-por-lucrecia-martel","status":"publish","type":"post","link":"http:\/\/cronicasyversiones.com\/?p=22990","title":{"rendered":"Bj\u00f6rk debut\u00f3 con el show dirigido por Lucrecia Martel"},"content":{"rendered":"<div style=\"padding-bottom:20px; padding-top:10px;\" class=\"hupso-share-buttons\"><!-- Hupso Share Buttons - https:\/\/www.hupso.com\/share\/ --><a class=\"hupso_counters\" href=\"https:\/\/www.hupso.com\/share\/\"><img decoding=\"async\" src=\"http:\/\/static.hupso.com\/share\/buttons\/lang\/es\/share-small.png\" style=\"border:0px; padding-top:2px; float:left;\" alt=\"Share Button\"\/><\/a><script type=\"text\/javascript\">var hupso_services_c=new Array(\"twitter\",\"facebook_like\",\"google\");var hupso_counters_lang = \"es_LA\";var hupso_image_folder_url = \"\";var hupso_twitter_via=\"crsyvrs\";var hupso_url_c=\"\";<\/script><script type=\"text\/javascript\" src=\"http:\/\/static.hupso.com\/share\/js\/counters.js\"><\/script><!-- Hupso Share Buttons --><\/div><h2>La artista islandesa se presenta en el centro cultural neoyorquino The Shed con su nuevo espect\u00e1culo \u00abCornucopia\u00bb.<\/h2>\n<p><img loading=\"lazy\" decoding=\"async\" class=\" wp-image-22991 aligncenter\" src=\"http:\/\/cronicasyversiones.com\/wp-content\/uploads\/2019\/05\/bjork-1024x730.jpg\" alt=\"\" width=\"791\" height=\"564\" srcset=\"http:\/\/cronicasyversiones.com\/wp-content\/uploads\/2019\/05\/bjork-1024x730.jpg 1024w, http:\/\/cronicasyversiones.com\/wp-content\/uploads\/2019\/05\/bjork-350x250.jpg 350w, http:\/\/cronicasyversiones.com\/wp-content\/uploads\/2019\/05\/bjork-300x214.jpg 300w, http:\/\/cronicasyversiones.com\/wp-content\/uploads\/2019\/05\/bjork-768x548.jpg 768w, http:\/\/cronicasyversiones.com\/wp-content\/uploads\/2019\/05\/bjork.jpg 1914w\" sizes=\"auto, (max-width: 791px) 100vw, 791px\" \/><\/p>\n<p><strong>Bj\u00f6rk <\/strong>debut\u00f3 en el centro cultural neoyorquino The Shed su nuevo espect\u00e1culo <strong><em>\u00abCornucopia\u00bb,<\/em><\/strong> dirigido por <strong>Lucrecia Martel<\/strong>, en una puesta donde combin\u00f3 m\u00fasica con tecnolog\u00eda digital y efectos visuales.<\/p>\n<p>La cantante islandesa seguir\u00e1 con las funciones hasta el pr\u00f3ximo 1 de junio en <strong>The Shed<\/strong>, el nuevo centro cultural de Nueva York que pretende mantener a la ciudad a la vanguardia del mundo de las artes con un programa que integra a artistas establecidos con figuras emergentes.<\/p>\n<p>La cantante trabaj\u00f3 con colaboradores teatrales, como el artista <strong>Tobias Gremmler<\/strong>, que fue el responsable del dise\u00f1o visual digital sobre un escenario creado por <strong>Chiara Stephenson.<\/strong><\/p>\n<p>Tambi\u00e9n formaron parte del concierto <strong><em>\u00abViibra\u00bb,<\/em><\/strong> un grupo musical formado por siete mujeres flautistas de Islandia, en lista integrada por Melkorka Olafsdottir, Ashildur Haraldsdottir, Berglind Maria Tomasdottir, Steinunn Vala Palsdottir, Bjorg Brjansdottir, Puriour Jonsdottir y Emilia Ros Sigfusdottir.<\/p>\n<p>Bjork estuvo acompa\u00f1ada adem\u00e1s en el espect\u00e1culo, de m\u00e1s de hora y media de duraci\u00f3n, por una arpista, Katie Buckley, un percusionista, Manu Delago, y el DJ de m\u00fasica electr\u00f3nica Bergur Porrison.<\/p>\n<p><em><strong>LEA TAMBI\u00c9N:<\/strong> <\/em><\/p>\n<div class=\"video-container\">\n<blockquote class=\"wp-embedded-content\" data-secret=\"lKnasUveae\"><p><a href=\"http:\/\/cronicasyversiones.com\/?p=22964\">Lila Downs grab\u00f3 una versi\u00f3n de \u201cClandestino\u201d, de Manu Chao<\/a><\/p><\/blockquote>\n<p><iframe loading=\"lazy\" class=\"wp-embedded-content\" sandbox=\"allow-scripts\" security=\"restricted\" style=\"position: absolute; clip: rect(1px, 1px, 1px, 1px);\" title=\"\u00abLila Downs grab\u00f3 una versi\u00f3n de \u201cClandestino\u201d, de Manu Chao\u00bb \u2014    \" src=\"http:\/\/cronicasyversiones.com\/?p=22964&#038;embed=true#?secret=Jo8jSksPEk#?secret=lKnasUveae\" data-secret=\"lKnasUveae\" width=\"600\" height=\"338\" frameborder=\"0\" marginwidth=\"0\" marginheight=\"0\" scrolling=\"no\"><\/iframe><\/div>\n<p><strong>Bj\u00f6rk<\/strong> es, quiz\u00e1, la \u00fanica artista nativa de la remota Islandia en haber salido de su isla y convertirse en una estrella a nivel ecum\u00e9nico. Sin la convocatoria masiva y el furor de ventas de otras celebrities del pop, la cantante se gan\u00f3 su lugar en el Olimpo por su bella voz y por su original interpretativa.<\/p>\n<p>La islandesa dio su peque\u00f1o salto con The Sugarcubes y luego su imagen se hizo m\u00e1s fuerte internacionalmente en su etapa como solista.<\/p>\n<p>Mientras que <strong>Lucrecia Martel<\/strong> es una premiada cineasta salte\u00f1a, un referente de cine argentino de su generaci\u00f3n.<\/p>\n<p>Es autora de largometrajes elogiados por cr\u00edtica y p\u00fablico, como \u201cLa ci\u00e9naga\u201d, \u201cLa ni\u00f1a santa\u201d,\u00a0 \u201cLa mujer sin cabeza\u201d y \u201cZama\u201d.<\/p>\n<div style=\"padding-bottom:20px; padding-top:10px;\" class=\"hupso-share-buttons\"><!-- Hupso Share Buttons - https:\/\/www.hupso.com\/share\/ --><a class=\"hupso_counters\" href=\"https:\/\/www.hupso.com\/share\/\"><img decoding=\"async\" src=\"http:\/\/static.hupso.com\/share\/buttons\/lang\/es\/share-small.png\" style=\"border:0px; padding-top:2px; float:left;\" alt=\"Share Button\"\/><\/a><script type=\"text\/javascript\">var hupso_services_c=new Array(\"twitter\",\"facebook_like\",\"google\");var hupso_counters_lang = \"es_LA\";var hupso_image_folder_url = \"\";var hupso_twitter_via=\"crsyvrs\";var hupso_url_c=\"\";<\/script><script type=\"text\/javascript\" src=\"http:\/\/static.hupso.com\/share\/js\/counters.js\"><\/script><!-- Hupso Share Buttons --><\/div> ","protected":false},"excerpt":{"rendered":"<div style=\"padding-bottom:20px; padding-top:10px;\" class=\"hupso-share-buttons\"><!-- Hupso Share Buttons - https:\/\/www.hupso.com\/share\/ --><a class=\"hupso_counters\" href=\"https:\/\/www.hupso.com\/share\/\"><img src=\"http:\/\/static.hupso.com\/share\/buttons\/lang\/es\/share-small.png\" style=\"border:0px; padding-top:2px; float:left;\" alt=\"Share Button\"\/><\/a><script type=\"text\/javascript\">var hupso_services_c=new Array(\"twitter\",\"facebook_like\",\"google\");var hupso_counters_lang = \"es_LA\";var hupso_image_folder_url = \"\";var hupso_twitter_via=\"crsyvrs\";var hupso_url_c=\"\";<\/script><script type=\"text\/javascript\" src=\"http:\/\/static.hupso.com\/share\/js\/counters.js\"><\/script><!-- Hupso Share Buttons --><\/div><p>La artista islandesa se presenta en el centro cultural neoyorquino The Shed con su nuevo espect\u00e1culo \u00abCornucopia\u00bb. Bj\u00f6rk debut\u00f3 en el centro cultural neoyorquino The Shed su nuevo espect\u00e1culo \u00abCornucopia\u00bb, dirigido por Lucrecia Martel, en una puesta donde combin\u00f3&#46;&#46;&#46;<\/p>\n<div style=\"padding-bottom:20px; padding-top:10px;\" class=\"hupso-share-buttons\"><!-- Hupso Share Buttons - https:\/\/www.hupso.com\/share\/ --><a class=\"hupso_counters\" href=\"https:\/\/www.hupso.com\/share\/\"><img src=\"http:\/\/static.hupso.com\/share\/buttons\/lang\/es\/share-small.png\" style=\"border:0px; padding-top:2px; float:left;\" alt=\"Share Button\"\/><\/a><script type=\"text\/javascript\">var hupso_services_c=new Array(\"twitter\",\"facebook_like\",\"google\");var hupso_counters_lang = \"es_LA\";var hupso_image_folder_url = \"\";var hupso_twitter_via=\"crsyvrs\";var hupso_url_c=\"\";<\/script><script type=\"text\/javascript\" src=\"http:\/\/static.hupso.com\/share\/js\/counters.js\"><\/script><!-- Hupso Share Buttons --><\/div>","protected":false},"author":5,"featured_media":22991,"comment_status":"open","ping_status":"closed","sticky":false,"template":"","format":"standard","meta":{"footnotes":""},"categories":[3],"tags":[1936,4522],"class_list":["post-22990","post","type-post","status-publish","format-standard","has-post-thumbnail","hentry","category-musica","tag-bjork","tag-lucrecia-martel"],"_links":{"self":[{"href":"http:\/\/cronicasyversiones.com\/index.php?rest_route=\/wp\/v2\/posts\/22990","targetHints":{"allow":["GET"]}}],"collection":[{"href":"http:\/\/cronicasyversiones.com\/index.php?rest_route=\/wp\/v2\/posts"}],"about":[{"href":"http:\/\/cronicasyversiones.com\/index.php?rest_route=\/wp\/v2\/types\/post"}],"author":[{"embeddable":true,"href":"http:\/\/cronicasyversiones.com\/index.php?rest_route=\/wp\/v2\/users\/5"}],"replies":[{"embeddable":true,"href":"http:\/\/cronicasyversiones.com\/index.php?rest_route=%2Fwp%2Fv2%2Fcomments&post=22990"}],"version-history":[{"count":0,"href":"http:\/\/cronicasyversiones.com\/index.php?rest_route=\/wp\/v2\/posts\/22990\/revisions"}],"wp:featuredmedia":[{"embeddable":true,"href":"http:\/\/cronicasyversiones.com\/index.php?rest_route=\/wp\/v2\/media\/22991"}],"wp:attachment":[{"href":"http:\/\/cronicasyversiones.com\/index.php?rest_route=%2Fwp%2Fv2%2Fmedia&parent=22990"}],"wp:term":[{"taxonomy":"category","embeddable":true,"href":"http:\/\/cronicasyversiones.com\/index.php?rest_route=%2Fwp%2Fv2%2Fcategories&post=22990"},{"taxonomy":"post_tag","embeddable":true,"href":"http:\/\/cronicasyversiones.com\/index.php?rest_route=%2Fwp%2Fv2%2Ftags&post=22990"}],"curies":[{"name":"wp","href":"https:\/\/api.w.org\/{rel}","templated":true}]}}