{"id":23085,"date":"2019-05-20T09:40:54","date_gmt":"2019-05-20T12:40:54","guid":{"rendered":"http:\/\/cronicasyversiones.com\/?p=23085"},"modified":"2019-05-20T09:40:54","modified_gmt":"2019-05-20T12:40:54","slug":"fito-paez-se-presenta-en-el-movistar-fri-music","status":"publish","type":"post","link":"http:\/\/cronicasyversiones.com\/?p=23085","title":{"rendered":"Fito P\u00e1ez se presenta en el Movistar Fri Music"},"content":{"rendered":"<div style=\"padding-bottom:20px; padding-top:10px;\" class=\"hupso-share-buttons\"><!-- Hupso Share Buttons - https:\/\/www.hupso.com\/share\/ --><a class=\"hupso_counters\" href=\"https:\/\/www.hupso.com\/share\/\"><img decoding=\"async\" src=\"http:\/\/static.hupso.com\/share\/buttons\/lang\/es\/share-small.png\" style=\"border:0px; padding-top:2px; float:left;\" alt=\"Share Button\"\/><\/a><script type=\"text\/javascript\">var hupso_services_c=new Array(\"twitter\",\"facebook_like\",\"google\");var hupso_counters_lang = \"es_LA\";var hupso_image_folder_url = \"\";var hupso_twitter_via=\"crsyvrs\";var hupso_url_c=\"\";<\/script><script type=\"text\/javascript\" src=\"http:\/\/static.hupso.com\/share\/js\/counters.js\"><\/script><!-- Hupso Share Buttons --><\/div><h2>El rosarino tocar\u00e1 con su banda los temas de su \u00faltimo disco en Hip\u00f3dromo de Palermo y el concierto tambi\u00e9n podr\u00e1 verse en v\u00eda streaming.<\/h2>\n<p><img loading=\"lazy\" decoding=\"async\" class=\" wp-image-23086 aligncenter\" src=\"http:\/\/cronicasyversiones.com\/wp-content\/uploads\/2019\/05\/fito-1024x683.jpg\" alt=\"\" width=\"768\" height=\"512\" srcset=\"http:\/\/cronicasyversiones.com\/wp-content\/uploads\/2019\/05\/fito-1024x683.jpg 1024w, http:\/\/cronicasyversiones.com\/wp-content\/uploads\/2019\/05\/fito-300x200.jpg 300w, http:\/\/cronicasyversiones.com\/wp-content\/uploads\/2019\/05\/fito-768x512.jpg 768w, http:\/\/cronicasyversiones.com\/wp-content\/uploads\/2019\/05\/fito-480x320.jpg 480w, http:\/\/cronicasyversiones.com\/wp-content\/uploads\/2019\/05\/fito.jpg 2048w\" sizes=\"auto, (max-width: 768px) 100vw, 768px\" \/><\/p>\n<p><strong>Fito P\u00e1ez<\/strong> saldr\u00e1 a escena el domingo 9 de junio en una nueva edici\u00f3n del Movistar Fri Music, que tendr\u00e1 lugar en el Hip\u00f3dromo de Palermo, donde recorrer\u00e1 en su \u00faltimo disco <strong><em>\u201cCiudad liberada\u201d. <\/em><\/strong><\/p>\n<p>La entrada al recital es gratuita para todos los clientes de la compa\u00f1\u00eda y tambi\u00e9n ser\u00e1 transmitido v\u00eda streaming a trav\u00e9s de www.facebook.com\/movistarargentina\/.<\/p>\n<p>El rosarino encabezar\u00e1 este show para m\u00e1s de 15 mil personas luego de realizar una extensa gira por Latinoam\u00e9rica, que incluy\u00f3 Per\u00fa (Trujillo y Lima), Costa Rica (Gu\u00e1cima), Rep\u00fablica Dominicana (Santo Domingo), M\u00e9xico (Guadalajara, Ciudad de M\u00e9xico, Monterrey y Quer\u00e9taro) y que continuar\u00e1 en Chile (22\/5 en Chill\u00e1n y 24 y 25\/5 en Santiago de Chile).<\/p>\n<p>Fito presentar\u00e1 <strong><em>\u201cCiudad liberada\u201d,<\/em><\/strong> su m\u00e1s reciente trabajo discogr\u00e1fico con 18 canciones de su autor\u00eda, por el cual gan\u00f3 un Grammy Latino a \u201cMejor canci\u00f3n de rock\u201d con \u201cTu vida mi vida\u201d.<\/p>\n<p>En este concierto estar\u00e1 acompa\u00f1ar\u00e1 su banda, integrada por Diego Olivero en bajo, teclado y coros, Juan Absatz, en teclados y coros, Gast\u00f3n Baremberg, en bater\u00eda, Juani Ag\u00fcero en guitarra el\u00e9ctrica y coros, y Ana \u00c1lvarez de Toledo en coros.<\/p>\n<p>L<em><strong>EA TAMBI\u00c9N:<\/strong> <\/em><\/p>\n<div class=\"video-container\">\n<blockquote class=\"wp-embedded-content\" data-secret=\"kUCbROHANd\"><p><a href=\"http:\/\/cronicasyversiones.com\/?p=23060\">La biograf\u00eda de Luis Alberto Spinetta, en National Geographic<\/a><\/p><\/blockquote>\n<p><iframe loading=\"lazy\" class=\"wp-embedded-content\" sandbox=\"allow-scripts\" security=\"restricted\" style=\"position: absolute; clip: rect(1px, 1px, 1px, 1px);\" title=\"\u00abLa biograf\u00eda de Luis Alberto Spinetta, en National Geographic\u00bb \u2014    \" src=\"http:\/\/cronicasyversiones.com\/?p=23060&#038;embed=true#?secret=3NTyPH3Tm8#?secret=kUCbROHANd\" data-secret=\"kUCbROHANd\" width=\"600\" height=\"338\" frameborder=\"0\" marginwidth=\"0\" marginheight=\"0\" scrolling=\"no\"><\/iframe><\/div>\n<p>Luego de acompa\u00f1ar a <strong>Juan Carlos Baglietto<\/strong> en la llegada de Trova Rosarina a Buenos Aires, Fito P\u00e1ez integr\u00f3 la banda de <strong>Charly Garc\u00eda<\/strong> en tiempos del disco \u201cPiano Bar\u201d, de 1984, con apenas 21 a\u00f1os.<\/p>\n<p>Desde su debut discogr\u00e1fico en 1984 con el \u00e1lbum <strong><em>\u201cDel 63\u201d <\/em><\/strong>y su pronta consagraci\u00f3n <strong><em>\u201cGiros\u201d, <\/em><\/strong>uno de sus mejores \u00e1lbumes, el rosarino edit\u00f3 m\u00e1s de 20 discos de estudio y cuatro en vivo.<\/p>\n<p>Adem\u00e1s de su exitosa carrera musical, P\u00e1ez es cineasta, guionista y director de dos pel\u00edculas (\u201cVidas privadas\u201d y \u201cDe qui\u00e9n es el portaligas\u201d) y escribi\u00f3 tres libros: \u201cLa puta diabla\u201d, \u201cDiario de viaje\u201d y \u201cLos d\u00edas de Kirchner\u201d.<\/p>\n<div style=\"padding-bottom:20px; padding-top:10px;\" class=\"hupso-share-buttons\"><!-- Hupso Share Buttons - https:\/\/www.hupso.com\/share\/ --><a class=\"hupso_counters\" href=\"https:\/\/www.hupso.com\/share\/\"><img decoding=\"async\" src=\"http:\/\/static.hupso.com\/share\/buttons\/lang\/es\/share-small.png\" style=\"border:0px; padding-top:2px; float:left;\" alt=\"Share Button\"\/><\/a><script type=\"text\/javascript\">var hupso_services_c=new Array(\"twitter\",\"facebook_like\",\"google\");var hupso_counters_lang = \"es_LA\";var hupso_image_folder_url = \"\";var hupso_twitter_via=\"crsyvrs\";var hupso_url_c=\"\";<\/script><script type=\"text\/javascript\" src=\"http:\/\/static.hupso.com\/share\/js\/counters.js\"><\/script><!-- Hupso Share Buttons --><\/div> ","protected":false},"excerpt":{"rendered":"<div style=\"padding-bottom:20px; padding-top:10px;\" class=\"hupso-share-buttons\"><!-- Hupso Share Buttons - https:\/\/www.hupso.com\/share\/ --><a class=\"hupso_counters\" href=\"https:\/\/www.hupso.com\/share\/\"><img src=\"http:\/\/static.hupso.com\/share\/buttons\/lang\/es\/share-small.png\" style=\"border:0px; padding-top:2px; float:left;\" alt=\"Share Button\"\/><\/a><script type=\"text\/javascript\">var hupso_services_c=new Array(\"twitter\",\"facebook_like\",\"google\");var hupso_counters_lang = \"es_LA\";var hupso_image_folder_url = \"\";var hupso_twitter_via=\"crsyvrs\";var hupso_url_c=\"\";<\/script><script type=\"text\/javascript\" src=\"http:\/\/static.hupso.com\/share\/js\/counters.js\"><\/script><!-- Hupso Share Buttons --><\/div><p>El rosarino tocar\u00e1 con su banda los temas de su \u00faltimo disco en Hip\u00f3dromo de Palermo y el concierto tambi\u00e9n podr\u00e1 verse en v\u00eda streaming. Fito P\u00e1ez saldr\u00e1 a escena el domingo 9 de junio en una nueva edici\u00f3n&#46;&#46;&#46;<\/p>\n<div style=\"padding-bottom:20px; padding-top:10px;\" class=\"hupso-share-buttons\"><!-- Hupso Share Buttons - https:\/\/www.hupso.com\/share\/ --><a class=\"hupso_counters\" href=\"https:\/\/www.hupso.com\/share\/\"><img src=\"http:\/\/static.hupso.com\/share\/buttons\/lang\/es\/share-small.png\" style=\"border:0px; padding-top:2px; float:left;\" alt=\"Share Button\"\/><\/a><script type=\"text\/javascript\">var hupso_services_c=new Array(\"twitter\",\"facebook_like\",\"google\");var hupso_counters_lang = \"es_LA\";var hupso_image_folder_url = \"\";var hupso_twitter_via=\"crsyvrs\";var hupso_url_c=\"\";<\/script><script type=\"text\/javascript\" src=\"http:\/\/static.hupso.com\/share\/js\/counters.js\"><\/script><!-- Hupso Share Buttons --><\/div>","protected":false},"author":5,"featured_media":23086,"comment_status":"open","ping_status":"closed","sticky":false,"template":"","format":"standard","meta":{"footnotes":""},"categories":[3],"tags":[13],"class_list":["post-23085","post","type-post","status-publish","format-standard","has-post-thumbnail","hentry","category-musica","tag-fito-paez"],"_links":{"self":[{"href":"http:\/\/cronicasyversiones.com\/index.php?rest_route=\/wp\/v2\/posts\/23085","targetHints":{"allow":["GET"]}}],"collection":[{"href":"http:\/\/cronicasyversiones.com\/index.php?rest_route=\/wp\/v2\/posts"}],"about":[{"href":"http:\/\/cronicasyversiones.com\/index.php?rest_route=\/wp\/v2\/types\/post"}],"author":[{"embeddable":true,"href":"http:\/\/cronicasyversiones.com\/index.php?rest_route=\/wp\/v2\/users\/5"}],"replies":[{"embeddable":true,"href":"http:\/\/cronicasyversiones.com\/index.php?rest_route=%2Fwp%2Fv2%2Fcomments&post=23085"}],"version-history":[{"count":0,"href":"http:\/\/cronicasyversiones.com\/index.php?rest_route=\/wp\/v2\/posts\/23085\/revisions"}],"wp:featuredmedia":[{"embeddable":true,"href":"http:\/\/cronicasyversiones.com\/index.php?rest_route=\/wp\/v2\/media\/23086"}],"wp:attachment":[{"href":"http:\/\/cronicasyversiones.com\/index.php?rest_route=%2Fwp%2Fv2%2Fmedia&parent=23085"}],"wp:term":[{"taxonomy":"category","embeddable":true,"href":"http:\/\/cronicasyversiones.com\/index.php?rest_route=%2Fwp%2Fv2%2Fcategories&post=23085"},{"taxonomy":"post_tag","embeddable":true,"href":"http:\/\/cronicasyversiones.com\/index.php?rest_route=%2Fwp%2Fv2%2Ftags&post=23085"}],"curies":[{"name":"wp","href":"https:\/\/api.w.org\/{rel}","templated":true}]}}