{"id":23176,"date":"2019-05-26T11:22:16","date_gmt":"2019-05-26T14:22:16","guid":{"rendered":"http:\/\/cronicasyversiones.com\/?p=23176"},"modified":"2019-05-26T11:22:16","modified_gmt":"2019-05-26T14:22:16","slug":"el-festival-de-fado-en-buenos-aires-una-cita-con-la-cultura-portuguesa","status":"publish","type":"post","link":"http:\/\/cronicasyversiones.com\/?p=23176","title":{"rendered":"El Festival de Fado en Buenos Aires, una cita con la cultura portuguesa"},"content":{"rendered":"<div style=\"padding-bottom:20px; padding-top:10px;\" class=\"hupso-share-buttons\"><!-- Hupso Share Buttons - https:\/\/www.hupso.com\/share\/ --><a class=\"hupso_counters\" href=\"https:\/\/www.hupso.com\/share\/\"><img decoding=\"async\" src=\"http:\/\/static.hupso.com\/share\/buttons\/lang\/es\/share-small.png\" style=\"border:0px; padding-top:2px; float:left;\" alt=\"Share Button\"\/><\/a><script type=\"text\/javascript\">var hupso_services_c=new Array(\"twitter\",\"facebook_like\",\"google\");var hupso_counters_lang = \"es_LA\";var hupso_image_folder_url = \"\";var hupso_twitter_via=\"crsyvrs\";var hupso_url_c=\"\";<\/script><script type=\"text\/javascript\" src=\"http:\/\/static.hupso.com\/share\/js\/counters.js\"><\/script><!-- Hupso Share Buttons --><\/div><h2>Tendr\u00e1 lugar en el CCK, con los conciertos de dos referentes del g\u00e9nero, Ant\u00f3nio Zambujo y Carminho, conferencias y proyecciones de pel\u00edculas.<\/h2>\n<p><img loading=\"lazy\" decoding=\"async\" class=\" wp-image-23177 aligncenter\" src=\"http:\/\/cronicasyversiones.com\/wp-content\/uploads\/2019\/05\/CARMINHO_cover_Maria-640x360.jpg\" alt=\"\" width=\"708\" height=\"398\" srcset=\"http:\/\/cronicasyversiones.com\/wp-content\/uploads\/2019\/05\/CARMINHO_cover_Maria-640x360.jpg 640w, http:\/\/cronicasyversiones.com\/wp-content\/uploads\/2019\/05\/CARMINHO_cover_Maria-640x360-300x169.jpg 300w\" sizes=\"auto, (max-width: 708px) 100vw, 708px\" \/><\/p>\n<p>La sexta edici\u00f3n del <strong>Festival de Fado en Buenos Aires,<\/strong> una cita sobre la m\u00fasica y la cultura portuguesa, tendr\u00e1 lugar el s\u00e1bado 1 y domingo 2 de junio pr\u00f3ximo en el<strong> CCK.<\/strong><\/p>\n<p>El encuentro tendr\u00e1 proyecciones, conferencias y los conciertos de dos referentes del g\u00e9nero, <strong>Ant\u00f3nio Zambujo y Carminho<\/strong>, encargados de cerrar cada fecha.<\/p>\n<p>El festival incluye una conferencia sobre la relaci\u00f3n del fado con otras m\u00fasicas, a cargo de <strong>Rodrigo Costa F\u00e9lix.<\/strong><\/p>\n<p>Tambi\u00e9n la proyecci\u00f3n de \u00a0la pel\u00edcula<em><strong> \u201cO p\u00e1tio das Cantigas\u201d,<\/strong> <\/em>de 1942, dirigida por Francisco Ribeiro (Ribeirinho) y el documental <em><strong>\u201cMovimentos Perp\u00e9tuos-Tributo a Carlos Paredes\u201d<\/strong><\/em>, de Edgar P\u00eara.<\/p>\n<p>El festival, que naci\u00f3 en Madrid en 2011 y que recorri\u00f3 diferentes pa\u00edses de Europa, \u00c1frica y Latinoam\u00e9rica, tuvo sus primeras dos ediciones en la <strong>Usina del Arte de Buenos Aires.<\/strong><\/p>\n<p>El fado es la m\u00fasica popular por excelencia en <strong>Portugal,<\/strong> donde en general lo interpreta un cantante acompa\u00f1ado por una guitarra, fue reconocido por la <strong>UNESCO <\/strong>como Patrimonio Inmaterial de la Humanidad.<\/p>\n<p><em><strong>LEA TAMBI\u00c9N:\u00a0<\/strong><\/em><\/p>\n<div class=\"video-container\">\n<blockquote class=\"wp-embedded-content\" data-secret=\"aqb63Qsk3D\"><p><a href=\"http:\/\/cronicasyversiones.com\/?p=23158\">Marilina Bertoldi, ganadora del Gardel de Oro, en el Teatro de Flores<\/a><\/p><\/blockquote>\n<p><iframe loading=\"lazy\" class=\"wp-embedded-content\" sandbox=\"allow-scripts\" security=\"restricted\" style=\"position: absolute; clip: rect(1px, 1px, 1px, 1px);\" title=\"\u00abMarilina Bertoldi, ganadora del Gardel de Oro, en el Teatro de Flores\u00bb \u2014    \" src=\"http:\/\/cronicasyversiones.com\/?p=23158&#038;embed=true#?secret=BNmUMk9Kh1#?secret=aqb63Qsk3D\" data-secret=\"aqb63Qsk3D\" width=\"600\" height=\"338\" frameborder=\"0\" marginwidth=\"0\" marginheight=\"0\" scrolling=\"no\"><\/iframe><\/div>\n<p>Todas las actividades son gratuitas. Las entradas se podr\u00e1n retirar personalmente a partir del martes 28 de mayo, de 12 a 19, en Sarmiento 151, Capital Federal, hasta agotar la capacidad de la sala (y hasta dos entradas por persona).<\/p>\n<p>Tambi\u00e9n se podr\u00e1n reservar a trav\u00e9s de esta p\u00e1gina. Las reservas deben retirarse desde el mismo martes, de 12 a 19, y hasta dos horas antes del espect\u00e1culo.<\/p>\n<div style=\"padding-bottom:20px; padding-top:10px;\" class=\"hupso-share-buttons\"><!-- Hupso Share Buttons - https:\/\/www.hupso.com\/share\/ --><a class=\"hupso_counters\" href=\"https:\/\/www.hupso.com\/share\/\"><img decoding=\"async\" src=\"http:\/\/static.hupso.com\/share\/buttons\/lang\/es\/share-small.png\" style=\"border:0px; padding-top:2px; float:left;\" alt=\"Share Button\"\/><\/a><script type=\"text\/javascript\">var hupso_services_c=new Array(\"twitter\",\"facebook_like\",\"google\");var hupso_counters_lang = \"es_LA\";var hupso_image_folder_url = \"\";var hupso_twitter_via=\"crsyvrs\";var hupso_url_c=\"\";<\/script><script type=\"text\/javascript\" src=\"http:\/\/static.hupso.com\/share\/js\/counters.js\"><\/script><!-- Hupso Share Buttons --><\/div> ","protected":false},"excerpt":{"rendered":"<div style=\"padding-bottom:20px; padding-top:10px;\" class=\"hupso-share-buttons\"><!-- Hupso Share Buttons - https:\/\/www.hupso.com\/share\/ --><a class=\"hupso_counters\" href=\"https:\/\/www.hupso.com\/share\/\"><img src=\"http:\/\/static.hupso.com\/share\/buttons\/lang\/es\/share-small.png\" style=\"border:0px; padding-top:2px; float:left;\" alt=\"Share Button\"\/><\/a><script type=\"text\/javascript\">var hupso_services_c=new Array(\"twitter\",\"facebook_like\",\"google\");var hupso_counters_lang = \"es_LA\";var hupso_image_folder_url = \"\";var hupso_twitter_via=\"crsyvrs\";var hupso_url_c=\"\";<\/script><script type=\"text\/javascript\" src=\"http:\/\/static.hupso.com\/share\/js\/counters.js\"><\/script><!-- Hupso Share Buttons --><\/div><p>Tendr\u00e1 lugar en el CCK, con los conciertos de dos referentes del g\u00e9nero, Ant\u00f3nio Zambujo y Carminho, conferencias y proyecciones de pel\u00edculas. La sexta edici\u00f3n del Festival de Fado en Buenos Aires, una cita sobre la m\u00fasica y la&#46;&#46;&#46;<\/p>\n<div style=\"padding-bottom:20px; padding-top:10px;\" class=\"hupso-share-buttons\"><!-- Hupso Share Buttons - https:\/\/www.hupso.com\/share\/ --><a class=\"hupso_counters\" href=\"https:\/\/www.hupso.com\/share\/\"><img src=\"http:\/\/static.hupso.com\/share\/buttons\/lang\/es\/share-small.png\" style=\"border:0px; padding-top:2px; float:left;\" alt=\"Share Button\"\/><\/a><script type=\"text\/javascript\">var hupso_services_c=new Array(\"twitter\",\"facebook_like\",\"google\");var hupso_counters_lang = \"es_LA\";var hupso_image_folder_url = \"\";var hupso_twitter_via=\"crsyvrs\";var hupso_url_c=\"\";<\/script><script type=\"text\/javascript\" src=\"http:\/\/static.hupso.com\/share\/js\/counters.js\"><\/script><!-- Hupso Share Buttons --><\/div>","protected":false},"author":5,"featured_media":23177,"comment_status":"open","ping_status":"closed","sticky":false,"template":"","format":"standard","meta":{"footnotes":""},"categories":[3,9],"tags":[6950,9232],"class_list":["post-23176","post","type-post","status-publish","format-standard","has-post-thumbnail","hentry","category-musica","category-sociedad","tag-cck","tag-fado"],"_links":{"self":[{"href":"http:\/\/cronicasyversiones.com\/index.php?rest_route=\/wp\/v2\/posts\/23176","targetHints":{"allow":["GET"]}}],"collection":[{"href":"http:\/\/cronicasyversiones.com\/index.php?rest_route=\/wp\/v2\/posts"}],"about":[{"href":"http:\/\/cronicasyversiones.com\/index.php?rest_route=\/wp\/v2\/types\/post"}],"author":[{"embeddable":true,"href":"http:\/\/cronicasyversiones.com\/index.php?rest_route=\/wp\/v2\/users\/5"}],"replies":[{"embeddable":true,"href":"http:\/\/cronicasyversiones.com\/index.php?rest_route=%2Fwp%2Fv2%2Fcomments&post=23176"}],"version-history":[{"count":0,"href":"http:\/\/cronicasyversiones.com\/index.php?rest_route=\/wp\/v2\/posts\/23176\/revisions"}],"wp:featuredmedia":[{"embeddable":true,"href":"http:\/\/cronicasyversiones.com\/index.php?rest_route=\/wp\/v2\/media\/23177"}],"wp:attachment":[{"href":"http:\/\/cronicasyversiones.com\/index.php?rest_route=%2Fwp%2Fv2%2Fmedia&parent=23176"}],"wp:term":[{"taxonomy":"category","embeddable":true,"href":"http:\/\/cronicasyversiones.com\/index.php?rest_route=%2Fwp%2Fv2%2Fcategories&post=23176"},{"taxonomy":"post_tag","embeddable":true,"href":"http:\/\/cronicasyversiones.com\/index.php?rest_route=%2Fwp%2Fv2%2Ftags&post=23176"}],"curies":[{"name":"wp","href":"https:\/\/api.w.org\/{rel}","templated":true}]}}