{"id":23254,"date":"2019-06-10T09:34:23","date_gmt":"2019-06-10T12:34:23","guid":{"rendered":"http:\/\/cronicasyversiones.com\/?p=23254"},"modified":"2019-06-10T09:34:23","modified_gmt":"2019-06-10T12:34:23","slug":"miguel-angel-sola-y-paula-cancio-despiden-doble-o-nada-de-argentina","status":"publish","type":"post","link":"http:\/\/cronicasyversiones.com\/?p=23254","title":{"rendered":"Miguel \u00c1ngel Sol\u00e1 y Paula Cancio despiden \u201cDoble o nada\u201d de Argentina"},"content":{"rendered":"<div style=\"padding-bottom:20px; padding-top:10px;\" class=\"hupso-share-buttons\"><!-- Hupso Share Buttons - https:\/\/www.hupso.com\/share\/ --><a class=\"hupso_counters\" href=\"https:\/\/www.hupso.com\/share\/\"><img decoding=\"async\" src=\"http:\/\/static.hupso.com\/share\/buttons\/lang\/es\/share-small.png\" style=\"border:0px; padding-top:2px; float:left;\" alt=\"Share Button\"\/><\/a><script type=\"text\/javascript\">var hupso_services_c=new Array(\"twitter\",\"facebook_like\",\"google\");var hupso_counters_lang = \"es_LA\";var hupso_image_folder_url = \"\";var hupso_twitter_via=\"crsyvrs\";var hupso_url_c=\"\";<\/script><script type=\"text\/javascript\" src=\"http:\/\/static.hupso.com\/share\/js\/counters.js\"><\/script><!-- Hupso Share Buttons --><\/div><h2>La obra de Sabina Berman, con direcci\u00f3n de Quique Quintanilla, \u201ces una obra de gran impacto emocional\u201d seg\u00fan los responsables de la puesta.<\/h2>\n<p><img loading=\"lazy\" decoding=\"async\" class=\" wp-image-23255 aligncenter\" src=\"http:\/\/cronicasyversiones.com\/wp-content\/uploads\/2019\/05\/doble.jpg\" alt=\"\" width=\"762\" height=\"508\" srcset=\"http:\/\/cronicasyversiones.com\/wp-content\/uploads\/2019\/05\/doble.jpg 850w, http:\/\/cronicasyversiones.com\/wp-content\/uploads\/2019\/05\/doble-300x200.jpg 300w, http:\/\/cronicasyversiones.com\/wp-content\/uploads\/2019\/05\/doble-768x512.jpg 768w, http:\/\/cronicasyversiones.com\/wp-content\/uploads\/2019\/05\/doble-480x320.jpg 480w\" sizes=\"auto, (max-width: 762px) 100vw, 762px\" \/><\/p>\n<p><strong>Miguel \u00c1ngel Sol\u00e1 <\/strong>y<strong> Paula Cancio<\/strong> se despiden de los escenarios argentinos con <em><strong>\u00abDoble o nada\u00bb<\/strong><\/em>, de<strong> Sabina Berman,<\/strong> con direcci\u00f3n de <strong>Quique Quintanilla<\/strong> y de ambos actores.<\/p>\n<p>Las funciones de despedida de viernes a domingo a las 20, desde el 14 de junio, en el <strong>Teatro Regina<\/strong>, ubicado Santa Fe 1235.<\/p>\n<p>La obra cuenta la historia del director de un importante medio de comunicaci\u00f3n que debe dejar su puesto en manos de uno de sus subdirectores, uno mujer y el otro, var\u00f3n.<\/p>\n<p>La pregunta es qu\u00e9 influir\u00e1 en esa decisi\u00f3n, si la capacidad, la experiencia, la audacia o el sexo.<\/p>\n<p><em><strong>LEA TAMBI\u00c9N:<\/strong> <\/em><\/p>\n<div class=\"video-container\">\n<blockquote class=\"wp-embedded-content\" data-secret=\"A5teHaaoyQ\"><p><a href=\"https:\/\/cronicasyversiones.com\/?p=23205\">\u201cPotestad\u201d, de Eduardo \u201cTato\u201d Pavlovsky, con la actuaci\u00f3n de Mar\u00eda Onetto<\/a><\/p><\/blockquote>\n<p><iframe loading=\"lazy\" class=\"wp-embedded-content\" sandbox=\"allow-scripts\" security=\"restricted\" style=\"position: absolute; clip: rect(1px, 1px, 1px, 1px);\" title=\"\u00ab\u201cPotestad\u201d, de Eduardo \u201cTato\u201d Pavlovsky, con la actuaci\u00f3n de Mar\u00eda Onetto\u00bb \u2014    \" src=\"https:\/\/cronicasyversiones.com\/?p=23205&#038;embed=true#?secret=0oQRKSxQ2I#?secret=A5teHaaoyQ\" data-secret=\"A5teHaaoyQ\" width=\"600\" height=\"338\" frameborder=\"0\" marginwidth=\"0\" marginheight=\"0\" scrolling=\"no\"><\/iframe><\/div>\n<p>Seg\u00fan sus responsables, \u00abes una obra de gran impacto emocional, en la que nada es lo que parece ser y en la que la traici\u00f3n y el amor son giros continuos del poder\u00bb.<\/p>\n<p>Representada desde 2017 en varios escenarios porte\u00f1os y de provincias, por razones de derechos \u00abDoble o nada\u00bb no ser\u00e1 repuesta una vez terminada la temporada, ya que adem\u00e1s ambos artistas, pareja en la vida real, se radicar\u00e1n definitivamente en Espa\u00f1a.<\/p>\n<div style=\"padding-bottom:20px; padding-top:10px;\" class=\"hupso-share-buttons\"><!-- Hupso Share Buttons - https:\/\/www.hupso.com\/share\/ --><a class=\"hupso_counters\" href=\"https:\/\/www.hupso.com\/share\/\"><img decoding=\"async\" src=\"http:\/\/static.hupso.com\/share\/buttons\/lang\/es\/share-small.png\" style=\"border:0px; padding-top:2px; float:left;\" alt=\"Share Button\"\/><\/a><script type=\"text\/javascript\">var hupso_services_c=new Array(\"twitter\",\"facebook_like\",\"google\");var hupso_counters_lang = \"es_LA\";var hupso_image_folder_url = \"\";var hupso_twitter_via=\"crsyvrs\";var hupso_url_c=\"\";<\/script><script type=\"text\/javascript\" src=\"http:\/\/static.hupso.com\/share\/js\/counters.js\"><\/script><!-- Hupso Share Buttons --><\/div> ","protected":false},"excerpt":{"rendered":"<div style=\"padding-bottom:20px; padding-top:10px;\" class=\"hupso-share-buttons\"><!-- Hupso Share Buttons - https:\/\/www.hupso.com\/share\/ --><a class=\"hupso_counters\" href=\"https:\/\/www.hupso.com\/share\/\"><img src=\"http:\/\/static.hupso.com\/share\/buttons\/lang\/es\/share-small.png\" style=\"border:0px; padding-top:2px; float:left;\" alt=\"Share Button\"\/><\/a><script type=\"text\/javascript\">var hupso_services_c=new Array(\"twitter\",\"facebook_like\",\"google\");var hupso_counters_lang = \"es_LA\";var hupso_image_folder_url = \"\";var hupso_twitter_via=\"crsyvrs\";var hupso_url_c=\"\";<\/script><script type=\"text\/javascript\" src=\"http:\/\/static.hupso.com\/share\/js\/counters.js\"><\/script><!-- Hupso Share Buttons --><\/div><p>La obra de Sabina Berman, con direcci\u00f3n de Quique Quintanilla, \u201ces una obra de gran impacto emocional\u201d seg\u00fan los responsables de la puesta. Miguel \u00c1ngel Sol\u00e1 y Paula Cancio se despiden de los escenarios argentinos con \u00abDoble o nada\u00bb,&#46;&#46;&#46;<\/p>\n<div style=\"padding-bottom:20px; padding-top:10px;\" class=\"hupso-share-buttons\"><!-- Hupso Share Buttons - https:\/\/www.hupso.com\/share\/ --><a class=\"hupso_counters\" href=\"https:\/\/www.hupso.com\/share\/\"><img src=\"http:\/\/static.hupso.com\/share\/buttons\/lang\/es\/share-small.png\" style=\"border:0px; padding-top:2px; float:left;\" alt=\"Share Button\"\/><\/a><script type=\"text\/javascript\">var hupso_services_c=new Array(\"twitter\",\"facebook_like\",\"google\");var hupso_counters_lang = \"es_LA\";var hupso_image_folder_url = \"\";var hupso_twitter_via=\"crsyvrs\";var hupso_url_c=\"\";<\/script><script type=\"text\/javascript\" src=\"http:\/\/static.hupso.com\/share\/js\/counters.js\"><\/script><!-- Hupso Share Buttons --><\/div>","protected":false},"author":5,"featured_media":23255,"comment_status":"open","ping_status":"closed","sticky":false,"template":"","format":"standard","meta":{"footnotes":""},"categories":[5],"tags":[4608,4609,8879],"class_list":["post-23254","post","type-post","status-publish","format-standard","has-post-thumbnail","hentry","category-teatro","tag-miguel-angel-sola","tag-paula-cancio","tag-teatro-regina"],"_links":{"self":[{"href":"http:\/\/cronicasyversiones.com\/index.php?rest_route=\/wp\/v2\/posts\/23254","targetHints":{"allow":["GET"]}}],"collection":[{"href":"http:\/\/cronicasyversiones.com\/index.php?rest_route=\/wp\/v2\/posts"}],"about":[{"href":"http:\/\/cronicasyversiones.com\/index.php?rest_route=\/wp\/v2\/types\/post"}],"author":[{"embeddable":true,"href":"http:\/\/cronicasyversiones.com\/index.php?rest_route=\/wp\/v2\/users\/5"}],"replies":[{"embeddable":true,"href":"http:\/\/cronicasyversiones.com\/index.php?rest_route=%2Fwp%2Fv2%2Fcomments&post=23254"}],"version-history":[{"count":0,"href":"http:\/\/cronicasyversiones.com\/index.php?rest_route=\/wp\/v2\/posts\/23254\/revisions"}],"wp:featuredmedia":[{"embeddable":true,"href":"http:\/\/cronicasyversiones.com\/index.php?rest_route=\/wp\/v2\/media\/23255"}],"wp:attachment":[{"href":"http:\/\/cronicasyversiones.com\/index.php?rest_route=%2Fwp%2Fv2%2Fmedia&parent=23254"}],"wp:term":[{"taxonomy":"category","embeddable":true,"href":"http:\/\/cronicasyversiones.com\/index.php?rest_route=%2Fwp%2Fv2%2Fcategories&post=23254"},{"taxonomy":"post_tag","embeddable":true,"href":"http:\/\/cronicasyversiones.com\/index.php?rest_route=%2Fwp%2Fv2%2Ftags&post=23254"}],"curies":[{"name":"wp","href":"https:\/\/api.w.org\/{rel}","templated":true}]}}